{"id":107936,"date":"2020-12-24T11:00:00","date_gmt":"2020-12-24T16:00:00","guid":{"rendered":"https:\/\/linitiative.ca\/International\/ancelotti-revele-pourquoi-il-a-refuse-man-united\/"},"modified":"2020-12-24T11:00:00","modified_gmt":"2020-12-24T16:00:00","slug":"ancelotti-revele-pourquoi-il-a-refuse-man-united","status":"publish","type":"post","link":"https:\/\/linitiative.ca\/International\/ancelotti-revele-pourquoi-il-a-refuse-man-united\/","title":{"rendered":"Ancelotti r\u00e9v\u00e8le pourquoi il a refus\u00e9 Man. United"},"content":{"rendered":"<p class=\"p1 c3\"><span class=\"c2\">L\u2019entra\u00eeneur\u00a0d\u2019 Everton, Carlo Ancelotti, a admis qu\u2019il avait rejet\u00e9 l\u2019opportunit\u00e9 d\u2019entra\u00eener\u00a0Manchester United\u00a0par le pass\u00e9\u00a0parce qu\u2019il \u00e9tait sur le point d\u2019accepter de\u00a0prendre le r\u00f4le d\u2019entra\u00eeneur\u00a0au\u00a0Real Madrid. Avant le quart de finale de la Carabao Cup mercredi contre les Red Devils \u00e0 Goodison Park(hier)le manager des Toffees a r\u00e9v\u00e9l\u00e9 que Sir Alex Ferguson lui avait offert le poste \u00e0 Old Trafford avant la retraite de la l\u00e9gende \u00e9cossaise.<\/span><\/p>\n<p class=\"p1 c3\"><span class=\"c2\">Mais Carlo Ancelotti \u00e9tait sur le point d\u2019accepter le r\u00f4le principal avec les Merengue\u00a0et a \u00e9t\u00e9 contraint de refuser l\u2019offre, sans avoir eu une autre chance depuis de rejoindre les Red Devils.\u00a0\u00abVous voulez savoir si j\u2019aurais pu entra\u00eener\u00a0\u00e0 Manchester United?!\u00bb, a\u00a0d\u00e9clar\u00e9 Ancelotti.\u00a0\u00abJe peux dire que je garde toujours une relation fantastique avec Sir Alex, et nous nous sommes rencontr\u00e9s quand il a d\u00e9cid\u00e9 de prendre sa retraite\u00bb.<\/span><\/p>\n<p class=\"p1 c3\"><span class=\"c2\">\u00abMais j\u2019\u00e9tais proche du Real Madrid, et j\u2019appr\u00e9cie donc le fait qu\u2019\u00e0 ce moment-l\u00e0 il m\u2019ait parl\u00e9. Et c\u2019est tout, pas d\u2019autre opportunit\u00e9 d\u2019entra\u00eener Manchester\u00a0United\u00bb, a ajout\u00e9 l\u2019Italien. Everton est parmi les meilleures \u00e9quipes de\u00a0Premier League\u00a0jusqu\u2019\u00e0 pr\u00e9sent cette saison, le club du Merseyside occupant la quatri\u00e8me position apr\u00e8s 14 matches disput\u00e9s, juste derri\u00e8re les Red Devils, troisi\u00e8mes, et \u00e0 cinq points du leader\u00a0Liverpool.<\/span><\/p>\n<p class=\"p2 c4\">\u00a0<\/p>\n<p class=\"p3 c5\"><span class=\"c2\"><strong>\u00abUn club historique comme le Milan et le Real Madrid\u00bb<\/strong><\/span><\/p>\n<p class=\"p1 c3\"><span class=\"c2\">Les Toffees ont rencontr\u00e9 Man Utd une fois cette saison &#8211; en championnat en novembre &#8211; avec l\u2019\u00e9quipe d\u2019Ancelott devan\u00e7ant 1-0 dans les premi\u00e8res minutes de la rencontre\u00a0avant que les Red Devils ne ripostent deux fois par Bruno Fernandes pour finalement gagner 3-1. Ancelotti a expliqu\u00e9 l\u2019estime qu\u2019il a pour l\u2019institution des Red Devils, indiquant qu\u2019il les a plac\u00e9es aux c\u00f4t\u00e9s de certains des plus grands clubs du football mondial.<\/span><\/p>\n<p class=\"p1 c3\"><span class=\"c2\">\u00abOui, bien s\u00fbr, Manchester United est un club fantastique, une \u00e9quipe fantastique que j\u2019ai affront\u00e9e \u00e0 maintes reprises lorsque Sir Alex \u00e9tait l\u00e0, quand j\u2019\u00e9tais \u00e0\u00a0Chelsea\u00bb, a-t-il d\u00e9clar\u00e9. \u00abJ\u2019ai beaucoup de respect pour cette \u00e9quipe, pour ce club, c\u2019est un club historique dans le monde du football comme Milan, comme le Real Madrid, j\u2019ai beaucoup de respect.\u00bb<\/span><\/p>\n<p class=\"p1 c3\"><span class=\"c2\">Everton est confront\u00e9 \u00e0 une p\u00e9riode de rencontres charg\u00e9e de No\u00ebl et du Nouvel An qui commence par un affrontement sur la route contre Sheffield United, en grande difficult\u00e9 en Premier League et toujours \u00e0 la recherche de son premier succ\u00e8s en championnat cette saison,\u00a0le lendemain de No\u00ebl. Les Toffees retourneront ensuite \u00e0 Goodison Park pour des matchs contre\u00a0Manchester City et\u00a0West Ham\u00a0avant et apr\u00e8s la nouvelle ann\u00e9e.<\/span><\/p>\n<p>Auteur: letemps1<br \/>\n<a href=\"http:\/\/www.letemps.com.tn\/article\/118606\/ancelotti-r%C3%A9v%C3%A8le-pourquoi-il-refus%C3%A9-man-united\">Cliquez ici pour lire l&rsquo;article depuis sa source.<\/a><\/p>\n","protected":false},"excerpt":{"rendered":"<p>L\u2019entra\u00eeneur\u00a0d\u2019 Everton, Carlo Ancelotti, a admis qu\u2019il avait rejet\u00e9 l\u2019opportunit\u00e9 d\u2019entra\u00eener\u00a0Manchester United\u00a0par le pass\u00e9\u00a0parce qu\u2019il \u00e9tait sur le point d\u2019accepter de\u00a0prendre le r\u00f4le d\u2019entra\u00eeneur\u00a0au\u00a0Real Madrid. Avant le quart de finale de la Carabao Cup mercredi contre les Red Devils \u00e0 Goodison Park(hier)le manager des Toffees a r\u00e9v\u00e9l\u00e9 que Sir Alex Ferguson lui avait offert le [&hellip;]<\/p>\n","protected":false},"author":1773,"featured_media":0,"comment_status":"closed","ping_status":"closed","sticky":false,"template":"","format":"standard","meta":{"fifu_image_url":"","fifu_image_alt":"","footnotes":""},"categories":[73,55],"tags":[],"class_list":["post-107936","post","type-post","status-publish","format-standard","hentry","category-actualite","category-tunisie"],"_links":{"self":[{"href":"https:\/\/linitiative.ca\/International\/wp-json\/wp\/v2\/posts\/107936","targetHints":{"allow":["GET"]}}],"collection":[{"href":"https:\/\/linitiative.ca\/International\/wp-json\/wp\/v2\/posts"}],"about":[{"href":"https:\/\/linitiative.ca\/International\/wp-json\/wp\/v2\/types\/post"}],"author":[{"embeddable":true,"href":"https:\/\/linitiative.ca\/International\/wp-json\/wp\/v2\/users\/1773"}],"replies":[{"embeddable":true,"href":"https:\/\/linitiative.ca\/International\/wp-json\/wp\/v2\/comments?post=107936"}],"version-history":[{"count":0,"href":"https:\/\/linitiative.ca\/International\/wp-json\/wp\/v2\/posts\/107936\/revisions"}],"wp:attachment":[{"href":"https:\/\/linitiative.ca\/International\/wp-json\/wp\/v2\/media?parent=107936"}],"wp:term":[{"taxonomy":"category","embeddable":true,"href":"https:\/\/linitiative.ca\/International\/wp-json\/wp\/v2\/categories?post=107936"},{"taxonomy":"post_tag","embeddable":true,"href":"https:\/\/linitiative.ca\/International\/wp-json\/wp\/v2\/tags?post=107936"}],"curies":[{"name":"wp","href":"https:\/\/api.w.org\/{rel}","templated":true}]}}