{"id":107942,"date":"2020-12-24T10:26:10","date_gmt":"2020-12-24T15:26:10","guid":{"rendered":"https:\/\/linitiative.ca\/International\/114842-khaldi-donne-le-coup-d-envoi-officiel-de-l-annee-universitaire-du-secteur-de-la-jeunesse-et-des-sports\/"},"modified":"2020-12-24T10:26:10","modified_gmt":"2020-12-24T15:26:10","slug":"114842-khaldi-donne-le-coup-d-envoi-officiel-de-l-annee-universitaire-du-secteur-de-la-jeunesse-et-des-sports","status":"publish","type":"post","link":"https:\/\/linitiative.ca\/International\/114842-khaldi-donne-le-coup-d-envoi-officiel-de-l-annee-universitaire-du-secteur-de-la-jeunesse-et-des-sports\/","title":{"rendered":"MJS: Khaldi donne le coup d\u2019envoi officiel de l\u2019ann\u00e9e universitaire 2020-2021 du secteur"},"content":{"rendered":"<div readability=\"40\">\n<p><strong>ALGER- Le ministre de la Jeunesse et des Sports, Sid Ali Khaldi a donn\u00e9, jeudi en compagnie de la Secr\u00e9taire d\u2019Etat charg\u00e9e du Sport d\u2019\u00e9lite, Salima Souakri, le coup d\u2019envoi officiel de l&rsquo;ann\u00e9e universitaire 2020-2021 du secteur, \u00e0 l\u2019Ecole Sup\u00e9rieure en Sciences et Technologies du Sport (ES\/STS) de Dely Ibrahim.<\/strong><\/p>\n<\/div>\n<div readability=\"95.182512733447\">\n<p>\u00ab\u00a0J\u2019accueille avec une grande satisfaction la d\u00e9marche que vous avez entreprise avec brio pour cl\u00f4turer l\u2019ann\u00e9e universitaire 2019-2020, et ce, gr\u00e2ce \u00e0 votre ma\u00eetrise des alternatives qu\u2019offrent aujourd\u2019hui les technologies de l\u2019information et de la communication (TIC), \u00e0 l\u2019instar de la visioconf\u00e9rence, les plateformes num\u00e9riques et les r\u00e9seaux sociaux. Vous voil\u00e0 fin pr\u00eats \u00e0 entamer la nouvelle ann\u00e9e universitaire sportive 2020-2021, que nous souhaitons une ann\u00e9e d\u00e9di\u00e9e \u00e0 la pr\u00e9paration de cadres hautement qualifi\u00e9s, responsables et efficaces\u00a0\u00bb, a affirm\u00e9 le ministre dans son allocution d\u2019ouverture.<\/p>\n<p>Dans le volet formation sportive, M. Khaldi a rappel\u00e9 que l\u2019ES\/STS a \u00e9t\u00e9 promue d\u2019une \u00ab\u00a0\u00e9cole extra-universitaire\u00a0\u00bb \u00e0 une \u00ab\u00e9cole sup\u00e9rieure\u00bb, en vertu du d\u00e9cret ex\u00e9cutif n 20-288 du 22 Safar 1442 correspondant au 10 octobre 2020.<\/p>\n<blockquote readability=\"12\">\n<p><strong>Pour le ministre, c\u2019est en effet \u00abun pas g\u00e9ant en vue d&rsquo;obtenir la tutelle p\u00e9dagogique du minist\u00e8re de l\u2019Enseignement sup\u00e9rieur et de la Recherche scientifique, et de permettre \u00e0 l\u2019Ecole de former en master et en doctorat, parall\u00e8lement \u00e0 la formation classique des Conseillers sportifs\u00bb, a-t-il soulign\u00e9.<\/strong><\/p>\n<\/blockquote>\n<p>Eu \u00e9gard \u00e0 l\u2019importance qu\u2019accorde le secteur \u00e0 toutes les disciplines du sport, deux fili\u00e8res ont \u00e9t\u00e9 cr\u00e9\u00e9es dans le cadre de la formation de courte dur\u00e9e, en l\u2019occurrence pr\u00e9parateur physique et manager sportif.<\/p>\n<p>Par ailleurs, M. Khaldi a fait savoir que son d\u00e9partement s\u2019attelait \u00e0 organiser des concours pour la formation sp\u00e9cialis\u00e9e dans diff\u00e9rents grades, en assurant 400 postes p\u00e9dagogiques exclusivement au profit des structures sportives et des jeunes des zones d\u2019ombre, des Hauts plateaux et du Grand Sud.<\/p>\n<blockquote readability=\"11\">\n<p><strong><em>\u00a0\u00abToutes ces mesures traduisent notre forte volont\u00e9 de permettre \u00e0 nos jeunes du Grand Sud de rejoindre la formation sportive, ce qui se concr\u00e9tisera \u00e0 travers l\u2019amendement du d\u00e9cret relatif \u00e0 l\u2019Institut national de formation sup\u00e9rieure des jeunes cadres \u00e0 Ouargla pour lui permettre de lancer la formation sportive, outre ses missions actuelles\u00bb, a ajout\u00e9 le ministre.<\/em><\/strong><\/p>\n<\/blockquote>\n<hr\/>\n<h3>Lire aussi :\u00a0<a href=\"http:\/\/www.aps.dz\/sport\/114777-sport-signature-d-un-partenariat-entre-les-federations-de-vovinam-et-de-sport-scolaire\" target=\"_blank\" rel=\"noopener noreferrer\">Signature d\u2019un partenariat entre les f\u00e9d\u00e9rations de vovinam et de sport scolaire<\/a><\/h3>\n<hr\/>\n<p>Pour les sportifs n\u2019ayant pas achev\u00e9 leurs \u00e9tudes, en raison de leur carri\u00e8re sportive, le minist\u00e8re de la Jeunesse et des sports annoncera prochainement de nouvelles mesures exceptionnelles qui permettent aux sportifs ayant le niveau de 9\u00e8me ann\u00e9e de l\u2019enseignement fondamental ou de 4\u00e8me ann\u00e9e moyenne de rejoindre la formation pour le grade d\u2019\u00ab\u00e9ducateur d\u2019activit\u00e9s physiques et sportives\u00bb, ce qui leur assurera une insertion professionnelle dans certains secteurs.<\/p>\n<p>Pour sa part, Salima Souakri a d\u00e9clar\u00e9 \u00ab\u00e0 l\u2019occasion de cette rentr\u00e9e universitaire, je souhaite tout le succ\u00e8s \u00e0 nos \u00e9tudiants. Le Covid-19 a retard\u00e9 tous les domaines particuli\u00e8rement le sport, toutefois, l\u2019Etat alg\u00e9rien a entrepris les d\u00e9marches n\u00e9cessaires pour le relancer. L\u2019Ecole sup\u00e9rieure en sciences et technologie du sport (ES\/STS) est un acquis important pour les sportifs d\u2019\u00e9lite, car leur permettant de suivre des \u00e9tudes et d\u2019effectuer des entra\u00eenements de haut niveau\u00bb.<\/p>\n<p>En marge de la c\u00e9r\u00e9monie d&rsquo;ouverture de cette ann\u00e9e universitaire sportive, sept \u00e9tudiants dipl\u00f4m\u00e9s de l\u2019\u00e9cole promotion 2020, dont la championne d&rsquo;Afrique de Judo, Amina Belkadi et la boxeuse Roumaissa Boualem, qualifi\u00e9e \u00e0 l&rsquo;Olympiade de Tokyo report\u00e9e \u00e0 juin 2021, ont \u00e9t\u00e9 honor\u00e9s.<\/p>\n<\/div>\n<p>Auteur:<br \/>\n<a href=\"http:\/\/www.aps.dz\/sport\/114842-khaldi-donne-le-coup-d-envoi-officiel-de-l-annee-universitaire-du-secteur-de-la-jeunesse-et-des-sports?utm_source=feedburner&#038;utm_medium=feed&#038;utm_campaign=Feed%3A+aps-sport+%28APS+-+SPORT%29\">Cliquez ici pour lire l&rsquo;article depuis sa source.<\/a><\/p>\n","protected":false},"excerpt":{"rendered":"<p>ALGER- Le ministre de la Jeunesse et des Sports, Sid Ali Khaldi a donn\u00e9, jeudi en compagnie de la Secr\u00e9taire d\u2019Etat charg\u00e9e du Sport d\u2019\u00e9lite, Salima Souakri, le coup d\u2019envoi officiel de l&rsquo;ann\u00e9e universitaire 2020-2021 du secteur, \u00e0 l\u2019Ecole Sup\u00e9rieure en Sciences et Technologies du Sport (ES\/STS) de Dely Ibrahim. \u00ab\u00a0J\u2019accueille avec une grande satisfaction [&hellip;]<\/p>\n","protected":false},"author":1790,"featured_media":0,"comment_status":"closed","ping_status":"closed","sticky":false,"template":"","format":"standard","meta":{"fifu_image_url":"","fifu_image_alt":"","footnotes":""},"categories":[53,75],"tags":[],"class_list":["post-107942","post","type-post","status-publish","format-standard","hentry","category-algerie","category-sport"],"_links":{"self":[{"href":"https:\/\/linitiative.ca\/International\/wp-json\/wp\/v2\/posts\/107942","targetHints":{"allow":["GET"]}}],"collection":[{"href":"https:\/\/linitiative.ca\/International\/wp-json\/wp\/v2\/posts"}],"about":[{"href":"https:\/\/linitiative.ca\/International\/wp-json\/wp\/v2\/types\/post"}],"author":[{"embeddable":true,"href":"https:\/\/linitiative.ca\/International\/wp-json\/wp\/v2\/users\/1790"}],"replies":[{"embeddable":true,"href":"https:\/\/linitiative.ca\/International\/wp-json\/wp\/v2\/comments?post=107942"}],"version-history":[{"count":0,"href":"https:\/\/linitiative.ca\/International\/wp-json\/wp\/v2\/posts\/107942\/revisions"}],"wp:attachment":[{"href":"https:\/\/linitiative.ca\/International\/wp-json\/wp\/v2\/media?parent=107942"}],"wp:term":[{"taxonomy":"category","embeddable":true,"href":"https:\/\/linitiative.ca\/International\/wp-json\/wp\/v2\/categories?post=107942"},{"taxonomy":"post_tag","embeddable":true,"href":"https:\/\/linitiative.ca\/International\/wp-json\/wp\/v2\/tags?post=107942"}],"curies":[{"name":"wp","href":"https:\/\/api.w.org\/{rel}","templated":true}]}}