{"id":107948,"date":"2020-12-24T04:53:34","date_gmt":"2020-12-24T09:53:34","guid":{"rendered":"https:\/\/linitiative.ca\/International\/violence-urbaine-inquietante-a-ali-mendjeli-constantine-des-batailles-rangees-qui-degenerent-en-drames\/"},"modified":"2020-12-24T04:53:34","modified_gmt":"2020-12-24T09:53:34","slug":"violence-urbaine-inquietante-a-ali-mendjeli-constantine-des-batailles-rangees-qui-degenerent-en-drames","status":"publish","type":"post","link":"https:\/\/linitiative.ca\/International\/violence-urbaine-inquietante-a-ali-mendjeli-constantine-des-batailles-rangees-qui-degenerent-en-drames\/","title":{"rendered":"Violence urbaine inqui\u00e9tante \u00e0 Ali Mendjeli (Constantine) : Des batailles rang\u00e9es qui d\u00e9g\u00e9n\u00e8rent en drames"},"content":{"rendered":"<h4 class=\"title-14\"\/>\n<div class=\"featured_image\"><img loading=\"lazy\" decoding=\"async\" width=\"1200\" height=\"600\" src=\"https:\/\/www.elwatan.com\/wp-content\/uploads\/2020\/12\/unnamed-2.gif\" class=\"attachment-post-thumbnail size-post-thumbnail wp-post-image\" alt=\"\"\/><\/div>\n<p class=\"p4\"><span class=\"s1\"><strong>Un jeune de 37 ans a perdu la main lors d\u2019une agression suite \u00e0 une histoire de vol d\u2019une somme de 2000 DA.<\/strong><\/span><\/p>\n<p class=\"p6\"><span class=\"s1\"><strong>L<\/strong><\/span>a vid\u00e9o d\u2019une main coup\u00e9e, tach\u00e9e de sang et reposant sur le sol \u00e0 c\u00f4t\u00e9 d\u2019une casquette, film\u00e9e par un habitant et qui a fait le tour des r\u00e9seaux sociaux dans la journ\u00e9e de dimanche dernier, est d\u2019une horreur insoutenable, comme dans les films d\u2019\u00e9pouvante. Seulement elle n\u2019\u00e9tait pas truqu\u00e9e comme au cin\u00e9ma, mais \u00e9tait bel et bien r\u00e9elle. Elle a eu pour th\u00e9\u00e2tre une cit\u00e9 situ\u00e9e non loin du boulevard de l\u2019Ind\u00e9pendance, art\u00e8re principale de la nouvelle ville Ali Mendjeli, \u00e0 25 km de Constantine.<\/p>\n<p class=\"p7\"><span class=\"s1\">Alors que des informations circulant sur les r\u00e9seaux sociaux parlaient d\u2019un r\u00e8glement de comptes \u00e0 l\u2019issue duquel un jeune homme s\u2019est vu amputer de la main avec une \u00e9p\u00e9e, la version officielle est tomb\u00e9e mardi en fin d\u2019apr\u00e8s-midi \u00e0 travers le communiqu\u00e9 du procureur de la R\u00e9publique pr\u00e8s le tribunal d\u2019El Khroub.<\/span><\/p>\n<p class=\"p7\"><span class=\"s1\">Le m\u00eame document indique que suite \u00e0 l\u2019agression qui a eu lieu le vendredi 18 d\u00e9cembre \u00e0 21h et dont a \u00e9t\u00e9 victime B. Y., 37 ans, ayant perdu la main gauche sur les lieux et \u00e9vacu\u00e9 vers les urgences du CHU de Constantine, les services de police ont \u00e9t\u00e9 d\u00e9p\u00each\u00e9s sur les lieux et ont ouvert une enqu\u00eate. Apr\u00e8s son identification, le mis en cause, B.\u00a0A., qui \u00e9tait en fuite, a \u00e9t\u00e9 arr\u00eat\u00e9 chez des proches \u00e0 S\u00e9tif le dimanche 20 d\u00e9cembre.<\/span><\/p>\n<p class=\"p7\"><span class=\"s1\">Quant \u00e0 B. Y., il a subi une intervention chirurgicale et, apr\u00e8s am\u00e9lioration de son \u00e9tat de sant\u00e9, a d\u00e9clar\u00e9 lors de son audition qu\u2019en rentrant chez lui cette nuit-l\u00e0, il avait \u00e9t\u00e9 insult\u00e9 et avait re\u00e7u des menaces de mort de la part du mis en cause, qui est pass\u00e9 \u00e0 l\u2019acte en voulant lui porter un coup d\u2019\u00e9p\u00e9e \u00e0 la t\u00eate, et c\u2019est en voulant se prot\u00e9ger avec son bras qu\u2019il a re\u00e7u le coup fatal et perdit sa main gauche, en plus d\u2019un coup re\u00e7u au flanc gauche.<\/span><\/p>\n<p class=\"p7\"><span class=\"s1\">Le plus choquant dans cette affaire demeure le motif pour lequel B.\u00a0Y. a perdu sa main, et qui serait li\u00e9 \u00e0 une somme de 2000 DA dont ce dernier accusait son agresseur de l\u2019avoir subtilis\u00e9e de la poche de sa veste. Pr\u00e9sent\u00e9 mardi devant le procureur de la R\u00e9publique pr\u00e8s le tribunal d\u2019El Khroub, l\u2019auteur de cet acte, qui a reconnu les faits, a \u00e9t\u00e9 mis sous mandat de d\u00e9p\u00f4t.<\/span><\/p>\n<p class=\"p7\"><strong><span class=\"s1\">Un drame de plus<\/span><\/strong><\/p>\n<p class=\"p8\"><span class=\"s1\">Ce drame de plus a secou\u00e9 la population \u00e0 Constantine et continue d\u2019alimenter les d\u00e9bats dans tous les lieux publics, avec des commentaires nourris sur le ph\u00e9nom\u00e8ne de la violence qui a atteint la c\u00f4te rouge, signalant qu\u2019il y a vraiment un grand danger \u00e0 Ali Mendjeli et que les autorit\u00e9s sont appel\u00e9es \u00e0 r\u00e9agir fermement avant qu\u2019on n\u2019arrive \u00e0 une criminalit\u00e9 qu\u2019on croyait voir uniquement au cin\u00e9ma.<\/span><\/p>\n<p class=\"p7\"><span class=\"s1\">D\u00e9sormais, avec cet acte, le ph\u00e9nom\u00e8ne de la violence est devenu indissociable de ce lieu, qui a d\u00e9j\u00e0 connu en juin dernier des batailles rang\u00e9es d\u2019une extr\u00eame violence entre bandes rivales, avec usage d\u2019armes blanches et de cocktails Molotov, ayant terroris\u00e9 les habitants.<\/span><\/p>\n<p class=\"p7\"><span class=\"s1\">Malgr\u00e9 tous les efforts d\u00e9ploy\u00e9s par les autorit\u00e9s et les services de s\u00e9curit\u00e9, qui ont renforc\u00e9 leur pr\u00e9sence ces derni\u00e8res ann\u00e9es, ainsi qu\u2019une relative accalmie qui a rendu quelque peu la confiance aux habitants, ces derniers ne cachent pas leurs craintes face au climat d\u2019ins\u00e9curit\u00e9 qui y r\u00e8gne toujours. La sc\u00e8ne choquante de la main amput\u00e9e lors de la soir\u00e9e du 18 d\u00e9cembre n\u2019a pas manqu\u00e9 aussi de provoquer de vives r\u00e9actions sur la Toile.<\/span><\/p>\n<p class=\"p7\"><span class=\"s1\">Certains ont r\u00e9clam\u00e9 de lourdes peines \u00e0 l\u2019encontre des auteurs de ces \u00abd\u00e9lits\u00bb. <em>\u00abNous ne sommes plus en s\u00e9curit\u00e9, nos familles et nos biens sont expos\u00e9s r\u00e9guli\u00e8rement \u00e0 tout genre de crimes. Le mal a d\u00e9pass\u00e9 toutes les pr\u00e9visions. Cela est d\u00fb \u00e0 l\u2019absence des forces r\u00e9pressives et ce sera pire avec les salaires qui seront vers\u00e9s aux repris de justice\u00bb<\/em>, souligne un habitant de Ali Mendjeli. Un autre ajoute que <em>\u00abcette ville devient inhabitable, elle est domin\u00e9e par la loi du plus fort, de l\u2019\u00e9p\u00e9e, des armes, des psychotropes et des drogues\u00bb.<\/em><\/span><\/p>\n<p class=\"p7\"><span class=\"s1\">De son c\u00f4t\u00e9, le lieutenant Bilal Benkhlifa, charg\u00e9 de la communication de la s\u00fbret\u00e9 de wilaya, estime <em>\u00abqu\u2019on ne peut pas parler de hausse des bagarres \u00e0 l\u2019arme blanche dans la ville Ali Mendjeli, qui compte environ 400\u00a0000 habitants\u00bb<\/em>. Notre interlocuteur affirme que la circonscription concern\u00e9e est dot\u00e9e aujourd\u2019hui de 11 s\u00fbret\u00e9s urbaines, une s\u00fbret\u00e9 de da\u00efra et quatre brigades.<\/span><\/p>\n<p class=\"p7\"><span class=\"s1\"><em>\u00abAujourd\u2019hui, l\u2019esprit de la population est hant\u00e9 par les anciennes rixes de gangs dans la ville Ali Mendjeli. Mais la situation a beaucoup chang\u00e9 en raison de plusieurs facteurs, dont la r\u00e9alisation des multiples infrastructures d\u2019utilit\u00e9 publique, l\u2019implication des citoyens qui d\u00e9noncent et collaborent avec la police et aussi \u00e0 l\u2019important d\u00e9ploiement de nos \u00e9l\u00e9ments qui sont actifs\u00bb<\/em>, a-t-il d\u00e9clar\u00e9.<\/span><\/p>\n<p class=\"p7\"><strong><span class=\"s1\">Des chiffres qui donnent froid dans le dos<\/span><\/strong><\/p>\n<p class=\"p8\"><span class=\"s1\">Malgr\u00e9 les propos rassurants du responsable de la communication de la s\u00fbret\u00e9 de wilaya, la situation semble tr\u00e8s inqui\u00e9tante si on en croit les chiffres. Selon M. Benkhlifa, leurs services ont trait\u00e9, durant les 11 mois de l\u2019ann\u00e9e en cours au niveau de toute la wilaya de Constantine, plusieurs affaires partag\u00e9es sur trois volets, qui sont les bagarres signal\u00e9es, les op\u00e9rations d\u2019anticipation et les op\u00e9rations de police.<\/span><\/p>\n<p class=\"p7\"><span class=\"s1\">Sur le premier volet, 194 rixes ont \u00e9t\u00e9 signal\u00e9es ayant conduit \u00e0 l\u2019arrestation de 640 personnes. Pour ce qui est des op\u00e9rations d\u2019anticipation dans les d\u00e9lits de port d\u2019armes, 484 affaires ont \u00e9t\u00e9 enregistr\u00e9es et 535 personnes impliqu\u00e9es.<\/span><\/p>\n<p class=\"p7\"><span class=\"s1\">Le dernier volet li\u00e9 aux op\u00e9rations de police est le plus marquant. Il fait ressortir 13\u00a0407 actions dans 25\u00a0954 endroits, dont la majorit\u00e9 est situ\u00e9e \u00e0 Ali Mendjeli, El Khroub et \u00e0 Constantine. Durant ces op\u00e9rations, 99\u00a0453 personnes ont \u00e9t\u00e9 mises sous surveillance, dont 17\u00a0166 ont \u00e9t\u00e9 arr\u00eat\u00e9es, 558 accus\u00e9es de port d\u2019arme blanche et 351 sont toujours recherch\u00e9es.<\/span><\/p>\n<p class=\"p7\"><span class=\"s2\">Face \u00e0 cette agressivit\u00e9 qui ronge la soci\u00e9t\u00e9, quelle strat\u00e9gie pr\u00e9voit la s\u00fbret\u00e9 de wilaya pour faire face \u00e0 ce ph\u00e9nom\u00e8ne ? En r\u00e9ponse \u00e0 notre question, le lieutenant Bilal Benkhlifa souligne qu\u2019au niveau de chaque unit\u00e9 de voisinage, une s\u00fbret\u00e9 urbaine est syst\u00e9matiquement install\u00e9e, sans oublier les campagnes de sensibilisation lanc\u00e9es dans les \u00e9tablissements scolaires, ajoute-t-il.<\/span><\/p>\n<p class=\"p9\"><span class=\"s2\">Depuis janvier 2020 jusqu\u2019\u00e0 ce jour, 593 op\u00e9rations ont \u00e9t\u00e9 men\u00e9es touchant 18\u00a0287 \u00e9coliers. <em>\u00abCertes, les chiffres sont importants, mais je ne peux pas vous donner une comparaison avec les ann\u00e9es pr\u00e9c\u00e9dentes. Chaque p\u00e9riode a sa particularit\u00e9 et les \u00e9v\u00e9nements qui la marquent, avec lesquels les d\u00e9linquants et les dealers s\u2019adaptent pour exercer leurs trafics\u00bb<\/em>, a-t-il dit.<\/span><\/p>\n<p class=\"p9\"><span class=\"s2\">Et d\u2019indiquer\u00a0: <em>\u00abMais je tiens \u00e0 mettre la lumi\u00e8re sur l\u2019importance du mouvement associatif dans la sensibilisation. Les comit\u00e9s de quartier nous ont beaucoup aid\u00e9s \u00e0 r\u00e9duire le taux de violence dans certaines unit\u00e9s de voisinage. Et nous appelons \u00e9galement les citoyens \u00e0 \u00eatre plus coop\u00e9ratifs, en apportant leurs t\u00e9moignages et en d\u00e9non\u00e7ant toute forme de crimes<\/em>. <em>Ils seront prot\u00e9g\u00e9s par nos \u00e9l\u00e9ments comme l\u2019indique la loi.\u00bb<\/em> <span class=\"Apple-converted-space\">\u00a0 \u00a0 \u00a0\u00a0<\/span><\/span><\/p>\n<p><span class=\"post-views-label\">Post Views:<\/span> <span class=\"post-views-count\">2\u00a0311<\/span><\/p>\n<div class=\"ichhar-moneytagnative c5\" id=\"ichhar-2096512288\">\n<p>Advertisements<\/p>\n<\/div>\n<p><br class=\"c2\"\/><br class=\"c6\"\/><\/p>\n<p>Auteur: Anis Khecheba<br \/>\n<a href=\"https:\/\/www.elwatan.com\/edition\/actualite\/des-batailles-rangees-qui-degenerent-en-drames-24-12-2020\">Cliquez ici pour lire l&rsquo;article depuis sa source.<\/a><\/p>\n","protected":false},"excerpt":{"rendered":"<p>Un jeune de 37 ans a perdu la main lors d\u2019une agression suite \u00e0 une histoire de vol d\u2019une somme de 2000 DA. La vid\u00e9o d\u2019une main coup\u00e9e, tach\u00e9e de sang et reposant sur le sol \u00e0 c\u00f4t\u00e9 d\u2019une casquette, film\u00e9e par un habitant et qui a fait le tour des r\u00e9seaux sociaux dans la [&hellip;]<\/p>\n","protected":false},"author":1743,"featured_media":0,"comment_status":"closed","ping_status":"closed","sticky":false,"template":"","format":"standard","meta":{"fifu_image_url":"https:\/\/www.elwatan.com\/wp-content\/uploads\/2020\/12\/unnamed-2.gif","fifu_image_alt":"Violence urbaine inqui\u00e9tante \u00e0 Ali Mendjeli (Constantine) : Des batailles rang\u00e9es qui d\u00e9g\u00e9n\u00e8rent en drames","footnotes":""},"categories":[73,53],"tags":[],"class_list":["post-107948","post","type-post","status-publish","format-standard","hentry","category-actualite","category-algerie"],"_links":{"self":[{"href":"https:\/\/linitiative.ca\/International\/wp-json\/wp\/v2\/posts\/107948","targetHints":{"allow":["GET"]}}],"collection":[{"href":"https:\/\/linitiative.ca\/International\/wp-json\/wp\/v2\/posts"}],"about":[{"href":"https:\/\/linitiative.ca\/International\/wp-json\/wp\/v2\/types\/post"}],"author":[{"embeddable":true,"href":"https:\/\/linitiative.ca\/International\/wp-json\/wp\/v2\/users\/1743"}],"replies":[{"embeddable":true,"href":"https:\/\/linitiative.ca\/International\/wp-json\/wp\/v2\/comments?post=107948"}],"version-history":[{"count":0,"href":"https:\/\/linitiative.ca\/International\/wp-json\/wp\/v2\/posts\/107948\/revisions"}],"wp:attachment":[{"href":"https:\/\/linitiative.ca\/International\/wp-json\/wp\/v2\/media?parent=107948"}],"wp:term":[{"taxonomy":"category","embeddable":true,"href":"https:\/\/linitiative.ca\/International\/wp-json\/wp\/v2\/categories?post=107948"},{"taxonomy":"post_tag","embeddable":true,"href":"https:\/\/linitiative.ca\/International\/wp-json\/wp\/v2\/tags?post=107948"}],"curies":[{"name":"wp","href":"https:\/\/api.w.org\/{rel}","templated":true}]}}