{"id":107949,"date":"2020-12-24T04:54:27","date_gmt":"2020-12-24T09:54:27","guid":{"rendered":"https:\/\/linitiative.ca\/International\/les-travailleurs-de-german-paralysent-le-complexe-enmtp\/"},"modified":"2020-12-24T04:54:27","modified_gmt":"2020-12-24T09:54:27","slug":"les-travailleurs-de-german-paralysent-le-complexe-enmtp","status":"publish","type":"post","link":"https:\/\/linitiative.ca\/International\/les-travailleurs-de-german-paralysent-le-complexe-enmtp\/","title":{"rendered":"Les travailleurs de German paralysent le complexe ENMTP"},"content":{"rendered":"<h4 class=\"title-14\">Apr\u00e8s neuf jours de gr\u00e8ve<\/h4>\n<div class=\"featured_image\"><img loading=\"lazy\" decoding=\"async\" width=\"1200\" height=\"744\" src=\"https:\/\/www.elwatan.com\/wp-content\/uploads\/2020\/12\/img2.gif\" class=\"attachment-post-thumbnail size-post-thumbnail wp-post-image\" alt=\"\"\/><span class=\"featured-image-caption\">PHOTO \/ EL WATAN<\/span><\/div>\n<p class=\"p3\"><span class=\"s1\"><strong>A<\/strong><\/span><span class=\"s1\">u neuvi\u00e8me jour de gr\u00e8ve, les travailleurs de German ont opt\u00e9 hier pour le blocage de l\u2019acc\u00e8s \u00e0 l\u2019ensemble du complexe industriel ENMTP de fabrication de mat\u00e9riel de travaux publics (ex-Sonacome) de A\u00efn Smara, pr\u00e8s de Constantine. Priv\u00e9s de salaires depuis plusieurs mois, les protestataires font face \u00e0 une situation sociale devenue insoutenable, et ont eu recours \u00e0 cette action extr\u00eame, faute de dialogue.<\/span><\/p>\n<p class=\"p4\"><span class=\"s1\">Leur action a en effet provoqu\u00e9 la paralysie de toutes les usines du complexe, exception faite de Rheinmetall, soci\u00e9t\u00e9 de fabrication de v\u00e9hicules sp\u00e9ciaux, appartenant \u00e0 l\u2019arm\u00e9e.<\/span><\/p>\n<p class=\"p4\"><span class=\"s1\">Le complexe compte, en plus de German, Somatel (production de pelles, chargeurs, niveleuse) Somatel-Liebherr, filiale de Somatel (production de mat\u00e9riels de terrassement nouvelle g\u00e9n\u00e9ration), Sofare (soci\u00e9t\u00e9 de fabrication de r\u00e9trochargeurs), Europactor Alg\u00e9rie et Unit\u00e9 centrale de pi\u00e8ces de rechange (UCPR). Il emploie plus de 2000 travailleurs.<\/span><\/p>\n<p class=\"p4\"><span class=\"s1\">A mesure que perdure la situation de blocage, les gr\u00e9vistes durcissent leur mouvement, esp\u00e9rant sortir la direction de son silence et pousser la tutelle \u00e0 r\u00e9agir. German, entreprise publique sp\u00e9cialis\u00e9e dans la production, le d\u00e9veloppement et la commercialisation des mat\u00e9riels de gerbage et de manutention, est paralys\u00e9e par ce d\u00e9brayage depuis plus d\u2019une semaine, et contrairement au cas Eniem, le gouvernement se montre apathique.<\/span><\/p>\n<p class=\"p4\"><span class=\"s1\">Depuis le 15 d\u00e9cembre, les 461 travailleurs sont en gr\u00e8ve. Leur principale revendication concerne le paiement des salaires des trois derniers mois. Ils exigent aussi le d\u00e9part du directeur g\u00e9n\u00e9ral, responsable, selon eux, de la d\u00e9gradation financi\u00e8re de l\u2019entreprise. Ils ont m\u00eame tent\u00e9 \u00e0 deux reprises de bloquer la RN5 au niveau de l\u2019intersection qui donne acc\u00e8s au complexe industriel de A\u00efn Smara (ex-Sonacome) pour attirer l\u2019attention sur leur affaire. Sans r\u00e9sultat, puisque d\u00e8s la deuxi\u00e8me fois, ils ont eu affaire \u00e0 un renfort dissuasif de la brigade anti\u00e9meute de la gendarmerie.<\/span><\/p>\n<p class=\"p4\"><span class=\"s1\">Comme avanc\u00e9 dans de pr\u00e9c\u00e9dentes \u00e9ditions, la direction de German peine \u00e0 verser les salaires des travailleurs, un probl\u00e8me devenu chronique et source de conflits quasi permanents. Depuis janvier 2020, le versement r\u00e9gulier des salaires est devenu probl\u00e9matique faute de stabilit\u00e9 dans la tr\u00e9sorerie. En d\u00e9pit d\u2019un plan de charge important, l\u2019entreprise est sujette \u00e0 des difficult\u00e9s dues au d\u00e9s\u00e9quilibre cr\u00e9\u00e9 par le remboursement de dettes contract\u00e9es il y a une dizaine d\u2019ann\u00e9es aupr\u00e8s des banques.<\/span><\/p>\n<p class=\"p4\"><span class=\"s1\">C\u2019est ce qu\u2019a affirm\u00e9 Badreddine Benennia, directeur g\u00e9n\u00e9ral de l\u2019entreprise, dans une pr\u00e9c\u00e9dente livraison d\u2019<em>El Watan<\/em>. Ajoutant que le probl\u00e8me r\u00e9side, selon lui, dans le manque d\u2019inputs, \u00e0 savoir l\u2019alimentation de la production par la mati\u00e8re premi\u00e8re, import\u00e9e essentiellement de l\u2019\u00e9tranger.<\/span><\/p>\n<p class=\"p4\"><span class=\"s1\">Les d\u00e9marches entreprises par la direction pour obtenir des d\u00e9lais suppl\u00e9mentaires aupr\u00e8s des cr\u00e9anciers n\u2019ont pas abouti. Et German se trouve au bord de l\u2019asphyxie. Et seule. L\u2019\u00e9chec du dialogue entre la direction et la section syndicale affili\u00e9e \u00e0 l\u2019UGTA et de la d\u00e9marche de m\u00e9diation entreprise par les gr\u00e9vistes aupr\u00e8s du m\u00e9diateur de la R\u00e9publique ont rendu la situation encore plus difficile.<\/span><\/p>\n<p><span class=\"post-views-label\">Post Views:<\/span> <span class=\"post-views-count\">857<\/span><\/p>\n<div class=\"ichhar-moneytagnative c5\" id=\"ichhar-1800112957\">\n<p>Advertisements<\/p>\n<\/div>\n<p><br class=\"c2\"\/><br class=\"c6\"\/><\/p>\n<p>Auteur: Anis Khecheba<br \/>\n<a href=\"https:\/\/www.elwatan.com\/edition\/actualite\/les-travailleurs-de-german-paralysent-le-complexe-enmtp-24-12-2020\">Cliquez ici pour lire l&rsquo;article depuis sa source.<\/a><\/p>\n","protected":false},"excerpt":{"rendered":"<p>Apr\u00e8s neuf jours de gr\u00e8ve PHOTO \/ EL WATAN Au neuvi\u00e8me jour de gr\u00e8ve, les travailleurs de German ont opt\u00e9 hier pour le blocage de l\u2019acc\u00e8s \u00e0 l\u2019ensemble du complexe industriel ENMTP de fabrication de mat\u00e9riel de travaux publics (ex-Sonacome) de A\u00efn Smara, pr\u00e8s de Constantine. Priv\u00e9s de salaires depuis plusieurs mois, les protestataires font [&hellip;]<\/p>\n","protected":false},"author":1743,"featured_media":0,"comment_status":"closed","ping_status":"closed","sticky":false,"template":"","format":"standard","meta":{"fifu_image_url":"https:\/\/www.elwatan.com\/wp-content\/uploads\/2020\/12\/img2.gif","fifu_image_alt":"Les travailleurs de German paralysent le complexe ENMTP","footnotes":""},"categories":[73,53],"tags":[],"class_list":["post-107949","post","type-post","status-publish","format-standard","hentry","category-actualite","category-algerie"],"_links":{"self":[{"href":"https:\/\/linitiative.ca\/International\/wp-json\/wp\/v2\/posts\/107949","targetHints":{"allow":["GET"]}}],"collection":[{"href":"https:\/\/linitiative.ca\/International\/wp-json\/wp\/v2\/posts"}],"about":[{"href":"https:\/\/linitiative.ca\/International\/wp-json\/wp\/v2\/types\/post"}],"author":[{"embeddable":true,"href":"https:\/\/linitiative.ca\/International\/wp-json\/wp\/v2\/users\/1743"}],"replies":[{"embeddable":true,"href":"https:\/\/linitiative.ca\/International\/wp-json\/wp\/v2\/comments?post=107949"}],"version-history":[{"count":0,"href":"https:\/\/linitiative.ca\/International\/wp-json\/wp\/v2\/posts\/107949\/revisions"}],"wp:attachment":[{"href":"https:\/\/linitiative.ca\/International\/wp-json\/wp\/v2\/media?parent=107949"}],"wp:term":[{"taxonomy":"category","embeddable":true,"href":"https:\/\/linitiative.ca\/International\/wp-json\/wp\/v2\/categories?post=107949"},{"taxonomy":"post_tag","embeddable":true,"href":"https:\/\/linitiative.ca\/International\/wp-json\/wp\/v2\/tags?post=107949"}],"curies":[{"name":"wp","href":"https:\/\/api.w.org\/{rel}","templated":true}]}}