{"id":107974,"date":"2020-12-25T10:45:15","date_gmt":"2020-12-25T15:45:15","guid":{"rendered":"https:\/\/linitiative.ca\/International\/plus-de-25-000-personnes-ont-suivi-ledition-en-ligne-des-atlantic-dialogues\/"},"modified":"2020-12-25T10:45:15","modified_gmt":"2020-12-25T15:45:15","slug":"plus-de-25-000-personnes-ont-suivi-ledition-en-ligne-des-atlantic-dialogues","status":"publish","type":"post","link":"https:\/\/linitiative.ca\/International\/plus-de-25-000-personnes-ont-suivi-ledition-en-ligne-des-atlantic-dialogues\/","title":{"rendered":"Plus de 25.000 personnes ont suivi l\u2019\u00e9dition en ligne des Atlantic Dialogues\u00a0"},"content":{"rendered":"<p><img decoding=\"async\" class=\"post_layout_5_img\" src=\"http:\/\/aujourdhui.ma\/wp-content\/uploads\/2020\/12\/Plus-de-25.000-personnes-ont-suivi-ledition-en-ligne-des-Atlantic-Dialogues-.jpg\" alt=\"Plus de 25.000 personnes ont suivi l&#x2019;&#xE9;dition en ligne des Atlantic Dialogues&#xA0;\"\/><\/p>\n<p><span class=\"c5\"><strong>Clap de fin sur la version en ligne de la s\u00e9rie de conf\u00e9rences \u00ab\u00a0AD Talks\u00a0\u00bb des Atlantic Dialogues.<\/strong><\/span><span id=\"more-364032\"\/><\/p>\n<p>Plus de 25.000 personnes ont suivi cette \u00e9dition r\u00e9alis\u00e9e dans un contexte in\u00e9dit par Policy Center For The New South. Sous le th\u00e8me \u00ab\u00a0la Crise Covid vue de l\u2019Atlantique Sud\u00a0\u00bb, ces conf\u00e9rences se sont d\u00e9roul\u00e9es du 3 novembre au 23 d\u00e9cembre. Ainsi, 17 sessions avec 80 intervenants issus de 37 pays (Afrique, Am\u00e9riques, Europe, Asie) ont pris part \u00e0 cette \u00e9dition qui a trait\u00e9 l\u2019impact de la pand\u00e9mie sur la g\u00e9opolitique, l\u2019\u00e9conomie et la d\u00e9mocratie. Enrichies par la dynamique de l\u2019actualit\u00e9 (\u00e9lections am\u00e9ricaines et vaccins de la Covid-19), ces conf\u00e9rences ont \u00e9t\u00e9 suivies par 25.000 personnes \u00e0 travers 170 pays.<\/p>\n<p>Selon Karim El Aynaoui, le pr\u00e9sident de Policy Center for the New South, \u00abc\u2019est un bien commun que nous apportons, avec des valeurs de tol\u00e9rance, de respect des faits, de la science, et de la curiosit\u00e9 pour les autres cultures\u00a0\u00bb. Des AD Talks, il retient que \u00ab\u00a0Nous sommes un carrefour, et nos choix vont affecter les g\u00e9n\u00e9rations futures, notamment en mati\u00e8re de changement climatique. La gouvernance est essentielle, de m\u00eame que la solidarit\u00e9. Le Maroc l\u2019a montr\u00e9, en levant l\u2019\u00e9quivalent de 3% de son PIB pour faire face \u00e0 la pand\u00e9mie.<\/p>\n<p>La demande de protection est forte, de m\u00eame que la capacit\u00e9 \u00e0 mettre en place des filets de s\u00e9curit\u00e9, \u00e0 apporter les traitements n\u00e9cessaires et les vaccins.<\/p>\n<p>En clair, l\u2019Etat est de retour\u00a0\u00bb.<\/p>\n<p>Auteur: ALM<br \/>\n<a href=\"https:\/\/aujourdhui.ma\/actualite\/plus-de-25-000-personnes-ont-suivi-ledition-en-ligne-des-atlantic-dialogues\">Cliquez ici pour lire l&rsquo;article depuis sa source.<\/a><\/p>\n","protected":false},"excerpt":{"rendered":"<p>Clap de fin sur la version en ligne de la s\u00e9rie de conf\u00e9rences \u00ab\u00a0AD Talks\u00a0\u00bb des Atlantic Dialogues. Plus de 25.000 personnes ont suivi cette \u00e9dition r\u00e9alis\u00e9e dans un contexte in\u00e9dit par Policy Center For The New South. Sous le th\u00e8me \u00ab\u00a0la Crise Covid vue de l\u2019Atlantique Sud\u00a0\u00bb, ces conf\u00e9rences se sont d\u00e9roul\u00e9es du 3 [&hellip;]<\/p>\n","protected":false},"author":1759,"featured_media":0,"comment_status":"closed","ping_status":"closed","sticky":false,"template":"","format":"standard","meta":{"fifu_image_url":"http:\/\/aujourdhui.ma\/wp-content\/uploads\/2020\/12\/Plus-de-25.000-personnes-ont-suivi-ledition-en-ligne-des-Atlantic-Dialogues-.jpg","fifu_image_alt":"Plus de 25.000 personnes ont suivi l\u2019\u00e9dition en ligne des Atlantic Dialogues\u00a0","footnotes":""},"categories":[73,54],"tags":[],"class_list":["post-107974","post","type-post","status-publish","format-standard","hentry","category-actualite","category-maroc"],"_links":{"self":[{"href":"https:\/\/linitiative.ca\/International\/wp-json\/wp\/v2\/posts\/107974","targetHints":{"allow":["GET"]}}],"collection":[{"href":"https:\/\/linitiative.ca\/International\/wp-json\/wp\/v2\/posts"}],"about":[{"href":"https:\/\/linitiative.ca\/International\/wp-json\/wp\/v2\/types\/post"}],"author":[{"embeddable":true,"href":"https:\/\/linitiative.ca\/International\/wp-json\/wp\/v2\/users\/1759"}],"replies":[{"embeddable":true,"href":"https:\/\/linitiative.ca\/International\/wp-json\/wp\/v2\/comments?post=107974"}],"version-history":[{"count":0,"href":"https:\/\/linitiative.ca\/International\/wp-json\/wp\/v2\/posts\/107974\/revisions"}],"wp:attachment":[{"href":"https:\/\/linitiative.ca\/International\/wp-json\/wp\/v2\/media?parent=107974"}],"wp:term":[{"taxonomy":"category","embeddable":true,"href":"https:\/\/linitiative.ca\/International\/wp-json\/wp\/v2\/categories?post=107974"},{"taxonomy":"post_tag","embeddable":true,"href":"https:\/\/linitiative.ca\/International\/wp-json\/wp\/v2\/tags?post=107974"}],"curies":[{"name":"wp","href":"https:\/\/api.w.org\/{rel}","templated":true}]}}