{"id":107977,"date":"2020-12-25T05:03:15","date_gmt":"2020-12-25T10:03:15","guid":{"rendered":"https:\/\/linitiative.ca\/International\/hausse-des-reserves-en-devises-a-228-milliards-de-dinars-le-plus-haut-niveau-atteint-depuis-mai-2010\/"},"modified":"2020-12-25T05:03:15","modified_gmt":"2020-12-25T10:03:15","slug":"hausse-des-reserves-en-devises-a-228-milliards-de-dinars-le-plus-haut-niveau-atteint-depuis-mai-2010","status":"publish","type":"post","link":"https:\/\/linitiative.ca\/International\/hausse-des-reserves-en-devises-a-228-milliards-de-dinars-le-plus-haut-niveau-atteint-depuis-mai-2010\/","title":{"rendered":"Hausse des r\u00e9serves en devises \u00e0 22,8 milliards de dinars, le plus haut niveau atteint depuis mai 2010"},"content":{"rendered":"<div class=\"td-post-content\">\n<h2>Les avoirs nets en devises de la\u00a0<a href=\"https:\/\/www.bct.gov.tn\/\" target=\"_blank\" rel=\"noopener noreferrer\">BCT<\/a>\u00a0se sont \u00e9lev\u00e9s \u00e0 plus de 22,8 milliards de dinars. Soit\u00a0 l\u2019\u00e9quivalent<\/h2>\n<h2>de 159 jours d\u2019importation, \u00e0 la date du 23 d\u00e9cembre courant. Il s\u2019agit, ainsi, du plus haut niveau atteint<\/h2>\n<h2>depuis le mois de mai 2010. Affirme la BCT, dans un communiqu\u00e9 rendu public aujourd\u2019hui 24<\/h2>\n<h2>d\u00e9cembre.<\/h2>\n<p>Par rapport \u00e0 la m\u00eame p\u00e9riode de l\u2019ann\u00e9e \u00e9coul\u00e9e, les r\u00e9serves en devises sont en hausse de 3,9 milliards de dinars, en valeur. Ce qui correspond \u00e0 52 jours d\u2019importation suppl\u00e9mentaires. Cette hausse est expliqu\u00e9e par une baisse de la valeur des services de la dette ext\u00e9rieure cumul\u00e9s, au niveau de 7,6 milliards de dinars, (contre 8,9 milliards de dinars en d\u00e9cembre 2019). Ainsi qu\u2019une hausse des revenus du travail cumul\u00e9s, passant de 5 milliards de dinars, en 2019, \u00e0 5,5 milliards de dinars actuellement.<\/p>\n<p>En outre, le<a href=\"http:\/\/www.leconomistemaghrebin.com\/2020\/12\/14\/baisse-de-moitie-du-deficit-de-la-balance-commerciale-alimentaire\/\" target=\"_blank\" rel=\"noopener noreferrer\">\u00a0r\u00e9tablissement de la balance commerciale<\/a>\u00a0\u00e0 11,6 milliards de dinars, \u00e0 fin novembre 2020 (baisse de 6,1 milliards de dinars, par rapport \u00e0 novembre 2019) a favoris\u00e9 l\u2019augmentation des reserves en devises.\u00a0 En effet, le r\u00e9tablissement de la balance commerciale est du essentiellement \u00e0 une r\u00e9gression significative des importations (-19,9%, \u00e0 46,6 milliards de dinars, en comparaison avec novembre 2019).<\/p>\n<p>Il convient de rappeler que le dinar tunisien a subi une d\u00e9pr\u00e9ciation importante. Et ce par rapport \u00e0 l\u2019Euro et par rapport au dollar, depuis quelques ann\u00e9es.\u00a0\u00a0La valeur du dinar tunisien s\u2019est d\u00e9pr\u00e9ci\u00e9e face \u00e0 l\u2019euro et le dirham marocain. C\u2019est ce qu\u2019affirment les derni\u00e8res cotations publi\u00e9es mardi 8 d\u00e9cembre par la Banque centrale de Tunisie (<a href=\"https:\/\/www.bct.gov.tn\/\" target=\"_blank\" rel=\"noopener noreferrer\">BCT<\/a>). En fait, un euro s\u2019est \u00e9chang\u00e9 contre 3,306 dinars, \u00e0 la date de 3 d\u00e9cembre courant, alors qu\u2019il valait, \u00e0 la m\u00eame date de l\u2019ann\u00e9e \u00e9coul\u00e9e 3,165 dinars.<\/p>\n<p>Avec TAP<\/p>\n<\/div>\n<footer>\n<\/footer>\n<div class=\"wp-post-author-wrap wp-post-author-shortcode left\">\n<h3 class=\"awpa-title\"\/>\n<div class=\"wp-post-author\">\n<div class=\"awpa-img awpa-author-block square\"><a href=\"http:\/\/lexpertjournal.net\/fr\/?author=5\"><img loading=\"lazy\" decoding=\"async\" alt=\"\" src=\"http:\/\/0.gravatar.com\/avatar\/97f8e10a1c1125ba104a76514ee07b16?s=150&amp;d=mm&amp;r=g\" srcset=\"http:\/\/0.gravatar.com\/avatar\/97f8e10a1c1125ba104a76514ee07b16?s=300&amp;d=mm&amp;r=g 2x\" class=\"avatar avatar-150 photo\" height=\"150\" width=\"150\"\/><\/a><\/div>\n<\/div>\n<\/div>\n<aside class=\"mashsb-container mashsb-main mashsb-stretched\">\n<\/aside>\n<p>Auteur: L&rsquo;expert<br \/>\n<a href=\"http:\/\/lexpertjournal.net\/fr\/?p=17812\">Cliquez ici pour lire l&rsquo;article depuis sa source.<\/a><\/p>\n","protected":false},"excerpt":{"rendered":"<p>Les avoirs nets en devises de la\u00a0BCT\u00a0se sont \u00e9lev\u00e9s \u00e0 plus de 22,8 milliards de dinars. Soit\u00a0 l\u2019\u00e9quivalent de 159 jours d\u2019importation, \u00e0 la date du 23 d\u00e9cembre courant. Il s\u2019agit, ainsi, du plus haut niveau atteint depuis le mois de mai 2010. Affirme la BCT, dans un communiqu\u00e9 rendu public aujourd\u2019hui 24 d\u00e9cembre. Par [&hellip;]<\/p>\n","protected":false},"author":1775,"featured_media":0,"comment_status":"closed","ping_status":"closed","sticky":false,"template":"","format":"standard","meta":{"fifu_image_url":"http:\/\/0.gravatar.com\/avatar\/97f8e10a1c1125ba104a76514ee07b16?s=150&d=mm&r=g","fifu_image_alt":"Hausse des r\u00e9serves en devises \u00e0 22,8 milliards de dinars, le plus haut niveau atteint depuis mai 2010","footnotes":""},"categories":[78,55],"tags":[],"class_list":["post-107977","post","type-post","status-publish","format-standard","hentry","category-economie","category-tunisie"],"_links":{"self":[{"href":"https:\/\/linitiative.ca\/International\/wp-json\/wp\/v2\/posts\/107977","targetHints":{"allow":["GET"]}}],"collection":[{"href":"https:\/\/linitiative.ca\/International\/wp-json\/wp\/v2\/posts"}],"about":[{"href":"https:\/\/linitiative.ca\/International\/wp-json\/wp\/v2\/types\/post"}],"author":[{"embeddable":true,"href":"https:\/\/linitiative.ca\/International\/wp-json\/wp\/v2\/users\/1775"}],"replies":[{"embeddable":true,"href":"https:\/\/linitiative.ca\/International\/wp-json\/wp\/v2\/comments?post=107977"}],"version-history":[{"count":0,"href":"https:\/\/linitiative.ca\/International\/wp-json\/wp\/v2\/posts\/107977\/revisions"}],"wp:attachment":[{"href":"https:\/\/linitiative.ca\/International\/wp-json\/wp\/v2\/media?parent=107977"}],"wp:term":[{"taxonomy":"category","embeddable":true,"href":"https:\/\/linitiative.ca\/International\/wp-json\/wp\/v2\/categories?post=107977"},{"taxonomy":"post_tag","embeddable":true,"href":"https:\/\/linitiative.ca\/International\/wp-json\/wp\/v2\/tags?post=107977"}],"curies":[{"name":"wp","href":"https:\/\/api.w.org\/{rel}","templated":true}]}}