{"id":107980,"date":"2020-12-25T06:18:48","date_gmt":"2020-12-25T11:18:48","guid":{"rendered":"https:\/\/linitiative.ca\/International\/comite-regional-devaluation-des-projets-detablissement-des-centres-de-formation-professionnelle-de-sfax-dans-le-cadre-du-programme-initiative-regionale-dappui-au-developpem\/"},"modified":"2020-12-25T06:18:48","modified_gmt":"2020-12-25T11:18:48","slug":"comite-regional-devaluation-des-projets-detablissement-des-centres-de-formation-professionnelle-de-sfax-dans-le-cadre-du-programme-initiative-regionale-dappui-au-developpem","status":"publish","type":"post","link":"https:\/\/linitiative.ca\/International\/comite-regional-devaluation-des-projets-detablissement-des-centres-de-formation-professionnelle-de-sfax-dans-le-cadre-du-programme-initiative-regionale-dappui-au-developpem\/","title":{"rendered":"Comit\u00e9 r\u00e9gional d\u2019\u00e9valuation des projets d\u2019\u00e9tablissement des centres de formation professionnelle de Sfax, dans le cadre du Programme Initiative r\u00e9gionale d\u2019appui au d\u00e9veloppement \u00e9conomique durable \u00ab Irada \u00bb"},"content":{"rendered":"<p>C\u2019est sous l\u2019\u00e9gide de Mr Anis Oueslati, gouverneur de Sfax que s\u2019est tenue le comit\u00e9 r\u00e9gional d\u2019\u00e9valuation des projets d\u2019\u00e9tablissement des centres de formation professionnelle, ce mercredi 23 d\u00e9cembre 2020, \u00e0 l\u2019H\u00f4tel M\u00f6venpick, Sfax.<br \/>Une subvention de plus de 1 million d\u2019euros financ\u00e9e par l\u2019Union europ\u00e9enne a \u00e9t\u00e9 accord\u00e9e \u00e0 la r\u00e9gion de Sfax \u00e0 travers le Programme Irada pour am\u00e9liorer la qualit\u00e9 et la pertinence de l\u2019offre de formation initiale, continue et des services d\u2019accompagnement \u00e0 l\u2019emploi afin de mieux r\u00e9pondre aux besoins du march\u00e9 du travail.<br \/>Le comit\u00e9 r\u00e9gional d\u2019\u00e9valuation est pr\u00e9sid\u00e9 par le pr\u00e9sident de la Plateforme de Dialogue Public\/ Priv\u00e9 (PDPP) du Programme Irada et est compos\u00e9 d\u2019un repr\u00e9sentant de l\u2019autorit\u00e9 r\u00e9gionale, d\u2019un repr\u00e9sentant du secteur priv\u00e9 et d\u2019un repr\u00e9sentant de la soci\u00e9t\u00e9 civile de la r\u00e9gion de Sfax.<br \/>En pr\u00e9sence des acteurs socio-\u00e9conomiques impliqu\u00e9s dans cette d\u00e9marche et de leurs partenaires du secteur priv\u00e9, les directeurs des trois centres de formation pr\u00e9s\u00e9lectionn\u00e9s ont pr\u00e9sent\u00e9 \u00e0 l\u2019oral les projets d\u2019\u00e9tablissement propos\u00e9s pour postuler au financement.<br \/><strong>Le premier projet\u00a0<\/strong>est port\u00e9 par le Centre de formation et d\u2019apprentissage \u2014 Jebeniana et a pour objet la consolidation de la plateforme de formation en construction m\u00e9tallique,<br \/><strong>Le second\u00a0<\/strong>concerne la cr\u00e9ation d\u2019une plateforme de formation en Impression et packaging et est pr\u00e9sent\u00e9 par le Centre Sectoriel de Formation en Cuir et Chaussures de Sakiet Ezzit.<br \/><strong>Quant au 3e projet<\/strong>, il est propos\u00e9 par le Centre de formation et d\u2019apprentissage \u2014 Bach Hamba et concerne la modernisation de la plateforme de formation en fabrication m\u00e9canique \u2014 m\u00e9canique de pr\u00e9cision.<br \/>Pour rappel, un appel \u00e0 projets pour les centres publics de formation professionnelle de la r\u00e9gion de Sfax a \u00e9t\u00e9 lanc\u00e9 du 8 octobre au 13 novembre 2020 et les centres ont b\u00e9n\u00e9fici\u00e9 de l\u2019encadrement et l\u2019accompagnement du programme IRADA pour pr\u00e9parer leurs dossiers de participation.<\/p>\n<p><img loading=\"lazy\" decoding=\"async\" class=\"alignnone size-medium wp-image-17827\" src=\"http:\/\/lexpertjournal.net\/fr\/wp-content\/uploads\/sites\/2\/2020\/12\/unnamed-5-300x177.jpg\" alt=\"\" width=\"300\" height=\"177\" srcset=\"http:\/\/lexpertjournal.net\/fr\/wp-content\/uploads\/sites\/2\/2020\/12\/unnamed-5-300x177.jpg 300w, http:\/\/lexpertjournal.net\/fr\/wp-content\/uploads\/sites\/2\/2020\/12\/unnamed-5-768x452.jpg 768w, http:\/\/lexpertjournal.net\/fr\/wp-content\/uploads\/sites\/2\/2020\/12\/unnamed-5.jpg 800w\" sizes=\"auto, (max-width: 300px) 100vw, 300px\"\/><img loading=\"lazy\" decoding=\"async\" class=\"alignnone size-medium wp-image-17826\" src=\"http:\/\/lexpertjournal.net\/fr\/wp-content\/uploads\/sites\/2\/2020\/12\/unnamed-4-300x187.jpg\" alt=\"\" width=\"300\" height=\"187\" srcset=\"http:\/\/lexpertjournal.net\/fr\/wp-content\/uploads\/sites\/2\/2020\/12\/unnamed-4-300x187.jpg 300w, http:\/\/lexpertjournal.net\/fr\/wp-content\/uploads\/sites\/2\/2020\/12\/unnamed-4-768x479.jpg 768w, http:\/\/lexpertjournal.net\/fr\/wp-content\/uploads\/sites\/2\/2020\/12\/unnamed-4.jpg 800w\" sizes=\"auto, (max-width: 300px) 100vw, 300px\"\/><img loading=\"lazy\" decoding=\"async\" class=\"alignnone size-medium wp-image-17825\" src=\"http:\/\/lexpertjournal.net\/fr\/wp-content\/uploads\/sites\/2\/2020\/12\/unnamed-3-217x300.jpg\" alt=\"\" width=\"217\" height=\"300\" srcset=\"http:\/\/lexpertjournal.net\/fr\/wp-content\/uploads\/sites\/2\/2020\/12\/unnamed-3-217x300.jpg 217w, http:\/\/lexpertjournal.net\/fr\/wp-content\/uploads\/sites\/2\/2020\/12\/unnamed-3-739x1024.jpg 739w, http:\/\/lexpertjournal.net\/fr\/wp-content\/uploads\/sites\/2\/2020\/12\/unnamed-3-768x1064.jpg 768w, http:\/\/lexpertjournal.net\/fr\/wp-content\/uploads\/sites\/2\/2020\/12\/unnamed-3.jpg 800w\" sizes=\"auto, (max-width: 217px) 100vw, 217px\"\/><img loading=\"lazy\" decoding=\"async\" class=\"alignnone size-medium wp-image-17824\" src=\"http:\/\/lexpertjournal.net\/fr\/wp-content\/uploads\/sites\/2\/2020\/12\/unnamed-2-300x200.jpg\" alt=\"\" width=\"300\" height=\"200\" srcset=\"http:\/\/lexpertjournal.net\/fr\/wp-content\/uploads\/sites\/2\/2020\/12\/unnamed-2-300x200.jpg 300w, http:\/\/lexpertjournal.net\/fr\/wp-content\/uploads\/sites\/2\/2020\/12\/unnamed-2-768x512.jpg 768w, http:\/\/lexpertjournal.net\/fr\/wp-content\/uploads\/sites\/2\/2020\/12\/unnamed-2-675x450.jpg 675w, http:\/\/lexpertjournal.net\/fr\/wp-content\/uploads\/sites\/2\/2020\/12\/unnamed-2.jpg 800w\" sizes=\"auto, (max-width: 300px) 100vw, 300px\"\/><img loading=\"lazy\" decoding=\"async\" class=\"alignnone size-medium wp-image-17823\" src=\"http:\/\/lexpertjournal.net\/fr\/wp-content\/uploads\/sites\/2\/2020\/12\/unnamed-1-1-300x231.jpg\" alt=\"\" width=\"300\" height=\"231\" srcset=\"http:\/\/lexpertjournal.net\/fr\/wp-content\/uploads\/sites\/2\/2020\/12\/unnamed-1-1-300x231.jpg 300w, http:\/\/lexpertjournal.net\/fr\/wp-content\/uploads\/sites\/2\/2020\/12\/unnamed-1-1-768x590.jpg 768w, http:\/\/lexpertjournal.net\/fr\/wp-content\/uploads\/sites\/2\/2020\/12\/unnamed-1-1.jpg 800w\" sizes=\"auto, (max-width: 300px) 100vw, 300px\"\/><\/p>\n<div class=\"wp-post-author-wrap wp-post-author-shortcode left\">\n<h3 class=\"awpa-title\"\/>\n<div class=\"wp-post-author\">\n<div class=\"awpa-img awpa-author-block square\"><a href=\"http:\/\/lexpertjournal.net\/fr\/?author=5\"><img loading=\"lazy\" decoding=\"async\" alt=\"\" src=\"http:\/\/0.gravatar.com\/avatar\/97f8e10a1c1125ba104a76514ee07b16?s=150&amp;d=mm&amp;r=g\" srcset=\"http:\/\/0.gravatar.com\/avatar\/97f8e10a1c1125ba104a76514ee07b16?s=300&amp;d=mm&amp;r=g 2x\" class=\"avatar avatar-150 photo\" height=\"150\" width=\"150\"\/><\/a><\/div>\n<\/div>\n<\/div>\n<aside class=\"mashsb-container mashsb-main mashsb-stretched\">\n<\/aside>\n<p>Auteur: L&rsquo;expert<br \/>\n<a href=\"http:\/\/lexpertjournal.net\/fr\/?p=17822\">Cliquez ici pour lire l&rsquo;article depuis sa source.<\/a><\/p>\n","protected":false},"excerpt":{"rendered":"<p>C\u2019est sous l\u2019\u00e9gide de Mr Anis Oueslati, gouverneur de Sfax que s\u2019est tenue le comit\u00e9 r\u00e9gional d\u2019\u00e9valuation des projets d\u2019\u00e9tablissement des centres de formation professionnelle, ce mercredi 23 d\u00e9cembre 2020, \u00e0 l\u2019H\u00f4tel M\u00f6venpick, Sfax.Une subvention de plus de 1 million d\u2019euros financ\u00e9e par l\u2019Union europ\u00e9enne a \u00e9t\u00e9 accord\u00e9e \u00e0 la r\u00e9gion de Sfax \u00e0 travers [&hellip;]<\/p>\n","protected":false},"author":1775,"featured_media":0,"comment_status":"closed","ping_status":"closed","sticky":false,"template":"","format":"standard","meta":{"fifu_image_url":"http:\/\/lexpertjournal.net\/fr\/wp-content\/uploads\/sites\/2\/2020\/12\/unnamed-5-300x177.jpg","fifu_image_alt":"Comit\u00e9 r\u00e9gional d\u2019\u00e9valuation des projets d\u2019\u00e9tablissement des centres de formation professionnelle de Sfax, dans le cadre du Programme Initiative r\u00e9gionale d\u2019appui au d\u00e9veloppement \u00e9conomique durable \u00ab Irada \u00bb","footnotes":""},"categories":[78,55],"tags":[],"class_list":["post-107980","post","type-post","status-publish","format-standard","hentry","category-economie","category-tunisie"],"_links":{"self":[{"href":"https:\/\/linitiative.ca\/International\/wp-json\/wp\/v2\/posts\/107980","targetHints":{"allow":["GET"]}}],"collection":[{"href":"https:\/\/linitiative.ca\/International\/wp-json\/wp\/v2\/posts"}],"about":[{"href":"https:\/\/linitiative.ca\/International\/wp-json\/wp\/v2\/types\/post"}],"author":[{"embeddable":true,"href":"https:\/\/linitiative.ca\/International\/wp-json\/wp\/v2\/users\/1775"}],"replies":[{"embeddable":true,"href":"https:\/\/linitiative.ca\/International\/wp-json\/wp\/v2\/comments?post=107980"}],"version-history":[{"count":0,"href":"https:\/\/linitiative.ca\/International\/wp-json\/wp\/v2\/posts\/107980\/revisions"}],"wp:attachment":[{"href":"https:\/\/linitiative.ca\/International\/wp-json\/wp\/v2\/media?parent=107980"}],"wp:term":[{"taxonomy":"category","embeddable":true,"href":"https:\/\/linitiative.ca\/International\/wp-json\/wp\/v2\/categories?post=107980"},{"taxonomy":"post_tag","embeddable":true,"href":"https:\/\/linitiative.ca\/International\/wp-json\/wp\/v2\/tags?post=107980"}],"curies":[{"name":"wp","href":"https:\/\/api.w.org\/{rel}","templated":true}]}}