{"id":107985,"date":"2020-12-25T05:42:24","date_gmt":"2020-12-25T10:42:24","guid":{"rendered":"https:\/\/linitiative.ca\/International\/covid-19-mobilisation-de-68-stations-de-vaccination\/"},"modified":"2020-12-25T05:42:24","modified_gmt":"2020-12-25T10:42:24","slug":"covid-19-mobilisation-de-68-stations-de-vaccination","status":"publish","type":"post","link":"https:\/\/linitiative.ca\/International\/covid-19-mobilisation-de-68-stations-de-vaccination\/","title":{"rendered":"Covid-19: Mobilisation de 68 stations de vaccination"},"content":{"rendered":"<div readability=\"38\">\n<p>Essaouira \u2013 La D\u00e9l\u00e9gation provinciale de la Sant\u00e9 \u00e0 Essaouira a mobilis\u00e9 68 stations de vaccination et 72 \u00e9quipes m\u00e9dicales dans le cadre de l\u2019op\u00e9ration vaccinale massive contre la Covid-19 au niveau de la province, a affirm\u00e9, jeudi, le D\u00e9l\u00e9gu\u00e9 provincial, M. Zakaria A\u00eft Lahcen.<\/p>\n<\/div>\n<div readability=\"126\">\n<p>Sur ces 68 stations, quatre sont situ\u00e9es dans la commune d\u2019Essaouira en plus d\u2019un point de vaccination fixe au niveau de la ville, alors que le reste est r\u00e9parti entre les diff\u00e9rentes collectivit\u00e9s territoriales relevant de la province, a pr\u00e9cis\u00e9 M. A\u00eft Lahcen dans une d\u00e9claration \u00e0 la MAP.<\/p>\n<p>Pour ce qui est des \u00e9quipes de vaccination, elles sont compos\u00e9es de 183 infirmi\u00e8res et infirmiers, de 23 m\u00e9decins, des \u00e9l\u00e9ments du Croissant Rouge Marocain (CRM) et des \u00e9tudiants de l\u2019Institut Sup\u00e9rieur des Professions Infirmi\u00e8res et Techniques de Sant\u00e9 (ISPITS) ayant suivi des s\u00e9ances de formation d\u00e9di\u00e9es, a-t-il poursuivi, tout en soulignant la mobilisation collective de l\u2019ensemble des professionnels de la sant\u00e9, \u00e0 l\u2019\u00e9chelle provinciale, en vue de garantir la r\u00e9ussite de cette op\u00e9ration \u00e0 grande \u00e9chelle.<\/p>\n<p>Dans ce cadre, le responsable a affirm\u00e9 que la premi\u00e8re phase des pr\u00e9paratifs de cette vaste campagne de vaccination anti-Covid avait commenc\u00e9 par la d\u00e9termination de la population b\u00e9n\u00e9ficiaire, estim\u00e9e \u00e0 244.392 habitants au niveau de la province d\u2019Essaouira, dont l\u2019\u00e2ge d\u00e9passe 18 ans, faisant savoir que la D\u00e9l\u00e9gation provinciale de la sant\u00e9 devra recevoir pr\u00e8s de 513.000 doses de vaccin.<\/p>\n<p>Il a \u00e9t\u00e9 aussi proc\u00e9d\u00e9 \u00e0 la distribution aux \u00e9quipes vaccinales d\u2019un lot de tablettes afin de leur permettre de saisir les donn\u00e9es et de faire des bilans quotidiens concernant cette op\u00e9ration de grande envergure, sachant qu\u2019elles ont suivi une formation dans ce sens, a fait savoir M. A\u00eft Lahcen.<\/p>\n<p>Il a ajout\u00e9 que la D\u00e9l\u00e9gation s\u2019est \u00e9galement dot\u00e9e des moyens logistiques n\u00e9cessaires, notamment l\u2019acquisition des r\u00e9frig\u00e9rateurs et des caisses isothermes, \u00e9tant donn\u00e9 que ce genre de vaccins n\u00e9cessite une temp\u00e9rature bien pr\u00e9cise et des conditions d\u2019entreposage tr\u00e8s sp\u00e9cifiques.<\/p>\n<p>S\u2019agissant de la gestion de la cha\u00eene de froid, notamment en termes d\u2019entreposage pour garantir des conditions optimales et favorables \u00e0 la conservation du vaccin anti-Covid, le D\u00e9l\u00e9gu\u00e9 provincial a pr\u00e9cis\u00e9 que la province dispose d\u2019une chambre froide au niveau d\u2019Essaouira et d\u2019une autre comme entrep\u00f4t interm\u00e9diaire dans la commune de Talmest.<\/p>\n<p>Et Dr. A\u00eft Lahcen d\u2019encha\u00eener que deux camions frigorifiques ont \u00e9t\u00e9 mis \u00e0 la disposition de la D\u00e9l\u00e9gation provinciale de la sant\u00e9 avec pour mission de veiller, en coordination avec les autorit\u00e9s provinciales, \u00e0 l\u2019acheminement des vaccins des d\u00e9p\u00f4ts de stockage vers les diff\u00e9rentes stations de vaccination, tout en respectant scrupuleusement la cha\u00eene de froid.<\/p>\n<p>Le responsable a, en outre, rappel\u00e9 que cette op\u00e9ration massive de vaccination devra couvrir tous les citoyens de la province, \u00e2g\u00e9s de plus de 18 ans, selon un sch\u00e9ma vaccinal en deux injections, soutenant que la priorit\u00e9 sera notamment accord\u00e9e aux personnels de premi\u00e8re ligne, en l\u2019occurrence, le personnel de la sant\u00e9, les autorit\u00e9s publiques, les forces de s\u00e9curit\u00e9, tous corps confondus, et le personnel de l\u2019\u00e9ducation nationale, ainsi qu\u2019aux personnes \u00e2g\u00e9es, \u00e0 celles atteintes de maladies chroniques ou les plus vuln\u00e9rables au virus, et ce, avant de l\u2019\u00e9largir au reste de la population.<\/p>\n<p>Apr\u00e8s avoir indiqu\u00e9 que les pr\u00e9paratifs li\u00e9s \u00e0 l\u2019op\u00e9ration de vaccination contre la Covid-19 sont men\u00e9s en \u00e9troite coordination avec les minist\u00e8res de la Sant\u00e9 et de l\u2019Int\u00e9rieur, M. A\u00eft Lahcen a soulign\u00e9 que quatre simulations \u00ab\u00a0grandeur nature\u00a0\u00bb ont \u00e9t\u00e9 r\u00e9alis\u00e9es jusqu\u2019\u00e0 pr\u00e9sent au niveau de la province d\u2019Essaouira, afin de mesurer de mani\u00e8re concr\u00e8te le niveau de pr\u00e9paration \u00e0 cette campagne vaccinale, de relever les \u00e9ventuelles failles et d\u2019apporter les r\u00e9glages n\u00e9cessaires pour \u00eatre op\u00e9rationnels le jour J, lors du d\u00e9ploiement effectif de cette op\u00e9ration \u00e0 l\u2019\u00e9chelle nationale.<\/p>\n<p>La campagne vaccinale anti-Covid est une r\u00e9ponse r\u00e9elle pour mettre fin \u00e0 la phase aigu\u00eb de la pand\u00e9mie, rappelle-t-on.<\/p>\n<p>Cette op\u00e9ration nationale, d\u2019envergure in\u00e9dite, vise la couverture de la population par un vaccin en tant que moyen idoine d\u2019immunisation contre le virus et de ma\u00eetrise de sa propagation.<\/p>\n<\/div>\n<p>Auteur: Meriem IGASS<br \/>\n<a href=\"http:\/\/www.mapmarrakech.ma\/fr\/covid-19-mobilisation-de-68-stations-de-vaccination\/\">Cliquez ici pour lire l&rsquo;article depuis sa source.<\/a><\/p>\n","protected":false},"excerpt":{"rendered":"<p>Essaouira \u2013 La D\u00e9l\u00e9gation provinciale de la Sant\u00e9 \u00e0 Essaouira a mobilis\u00e9 68 stations de vaccination et 72 \u00e9quipes m\u00e9dicales dans le cadre de l\u2019op\u00e9ration vaccinale massive contre la Covid-19 au niveau de la province, a affirm\u00e9, jeudi, le D\u00e9l\u00e9gu\u00e9 provincial, M. Zakaria A\u00eft Lahcen. Sur ces 68 stations, quatre sont situ\u00e9es dans la commune [&hellip;]<\/p>\n","protected":false},"author":1788,"featured_media":0,"comment_status":"closed","ping_status":"closed","sticky":false,"template":"","format":"standard","meta":{"fifu_image_url":"","fifu_image_alt":"","footnotes":""},"categories":[54,76],"tags":[],"class_list":["post-107985","post","type-post","status-publish","format-standard","hentry","category-maroc","category-regions"],"_links":{"self":[{"href":"https:\/\/linitiative.ca\/International\/wp-json\/wp\/v2\/posts\/107985","targetHints":{"allow":["GET"]}}],"collection":[{"href":"https:\/\/linitiative.ca\/International\/wp-json\/wp\/v2\/posts"}],"about":[{"href":"https:\/\/linitiative.ca\/International\/wp-json\/wp\/v2\/types\/post"}],"author":[{"embeddable":true,"href":"https:\/\/linitiative.ca\/International\/wp-json\/wp\/v2\/users\/1788"}],"replies":[{"embeddable":true,"href":"https:\/\/linitiative.ca\/International\/wp-json\/wp\/v2\/comments?post=107985"}],"version-history":[{"count":0,"href":"https:\/\/linitiative.ca\/International\/wp-json\/wp\/v2\/posts\/107985\/revisions"}],"wp:attachment":[{"href":"https:\/\/linitiative.ca\/International\/wp-json\/wp\/v2\/media?parent=107985"}],"wp:term":[{"taxonomy":"category","embeddable":true,"href":"https:\/\/linitiative.ca\/International\/wp-json\/wp\/v2\/categories?post=107985"},{"taxonomy":"post_tag","embeddable":true,"href":"https:\/\/linitiative.ca\/International\/wp-json\/wp\/v2\/tags?post=107985"}],"curies":[{"name":"wp","href":"https:\/\/api.w.org\/{rel}","templated":true}]}}