{"id":107991,"date":"2020-12-25T06:56:22","date_gmt":"2020-12-25T11:56:22","guid":{"rendered":"https:\/\/linitiative.ca\/International\/cherif-boubaghla-la-destinee-singuliere-dun-resistant\/"},"modified":"2020-12-25T06:56:22","modified_gmt":"2020-12-25T11:56:22","slug":"cherif-boubaghla-la-destinee-singuliere-dun-resistant","status":"publish","type":"post","link":"https:\/\/linitiative.ca\/International\/cherif-boubaghla-la-destinee-singuliere-dun-resistant\/","title":{"rendered":"Ch\u00e9rif Boubaghla, la destin\u00e9e singuli\u00e8re d\u2019un r\u00e9sistant"},"content":{"rendered":"<div readability=\"39\">\n<p><strong>TIZI-OUZOU &#8211; R\u00e9sistant h\u00e9ro\u00efque \u00e0 la conqu\u00eate fran\u00e7aise en Kabylie, Mohammed Al Amdjeb Ben Abdelmalek, surnomm\u00e9 Cherif Boubaghla, venu de l\u2019Ouest du pays, consacre par sa destin\u00e9e, l\u2019unit\u00e9 nationale dans la r\u00e9sistance contre le colonialisme.<\/strong><\/p>\n<\/div>\n<div readability=\"143.5\">\n<p>D\u00e9rogeant aux parcours des pionniers des r\u00e9sistances populaires d&rsquo;alors contre cette conqu\u00eate, dont la plupart avaient combattus parmi leurs tribus et dans leurs r\u00e9gions natales, Boubaghla a organis\u00e9 sa r\u00e9sistance dont il \u00e9tait devenu le symbole, en terre d&rsquo;accueil o\u00f9 il \u00e9tait venu se r\u00e9fugier.<\/p>\n<blockquote readability=\"15\">\n<p><em><strong>Arriv\u00e9 de l\u2019Ouest du pays par Sour El Ghozlane, au Sud-ouest de Bouira, vers 1849, l&rsquo;homme, alors \u00e2g\u00e9 d&rsquo;une quarantaine d&rsquo;ann\u00e9es le dit-on, s&rsquo;est install\u00e9 aupr\u00e8s des Ath Abbas aux confins nord des Bibans, puis des Ath Mlikech sur le flanc sud du Djurdjura, dont il a fait le point de d\u00e9part et la base arri\u00e8re de sa r\u00e9sistance.<\/strong><\/em><\/p>\n<\/blockquote>\n<p>Il fr\u00e9quenta, d\u2019abord, les march\u00e9s de la r\u00e9gion \u00e0 donner des soins aux malades par les pratiques empiriques et les amulettes afin de conna\u00eetre le pays, sa population et ses m\u0153urs guerri\u00e8res. Ensuite, il envoya des lettres aux tribus environnantes sollicitant leur aide pour constituer son arm\u00e9e, r\u00e9ussit \u00e0 convaincre et rallier certains des notables locaux et commen\u00e7a \u00e0 d\u00e9ranger les int\u00e9r\u00eats d&rsquo;autres.<\/p>\n<p>Apr\u00e8s plusieurs batailles, il fut contraint de quitter la r\u00e9gion sous la pression des forces fran\u00e7aises. Il gagna le versant nord du Djurdjura et s&rsquo;est mis \u00e0 mobiliser les tribus de la r\u00e9gion et reprit ses attaques contre l\u2019occupant.<\/p>\n<p><strong>Une capacit\u00e9 de persuasion<\/strong><\/p>\n<p>Cette capacit\u00e9 qu&rsquo;il avait de rallier la majorit\u00e9 des tribus de la r\u00e9gion, qui subissaient les pressions et repr\u00e9sailles des forces d&rsquo;occupation, \u00e0 sa r\u00e9sistance, d\u00e9note d'\u00a0\u00bbune capacit\u00e9 et d&rsquo;une force de persuasion\u00a0\u00bb fait observer Mezhoura Salhi, enseignante-chercheur en Histoire \u00e0 l&rsquo;Universit\u00e9 Mouloud Mammeri de Tizi-Ouzou.<\/p>\n<blockquote readability=\"16\">\n<p><em><strong>Il \u00e9tait, \u00e9galement, pr\u00eacheur d&rsquo;un discours de guerre sainte contre l&rsquo;occupant venu d&rsquo;Europe pour r\u00e9pandre sa religion, qui avait trouv\u00e9 en \u00e9cho \u00ab\u00a0un terrain propice \u00e0 la r\u00e9sistance, les habitants de la r\u00e9gion, voyant d&rsquo;un mauvais \u0153il l&rsquo;arriv\u00e9e des fran\u00e7ais sur leur terres\u00a0\u00bb, souligne, pour sa part, l&rsquo;historien Omar Kerdja.<\/strong><\/em><\/p>\n<\/blockquote>\n<p>Ces deux facteurs ajout\u00e9s \u00e0 sa renomm\u00e9e de \u00ab\u00a0prestidigitateur invuln\u00e9rable acquise en fr\u00e9quentant les march\u00e9s de la r\u00e9gion firent de lui un adversaire de forte personnalit\u00e9 qui r\u00e9ussit vite \u00e0 \u00e9tablir et d\u2019\u00e9tendre son influence sur la presque totalit\u00e9 de la Kabylie\u00a0\u00bb, souligne-t-il.<\/p>\n<p>D\u00e9pourvu de moyens, \u00ab\u00a0il opta, \u00e0 l\u2019instar de toutes les r\u00e9voltes populaires d\u2019alors, pour la mobilisation des populations et tribus autochtones comme seule arme, avec comme nuance qu\u2019il s\u2019\u00e9tablissait rarement pour longtemps au m\u00eame endroit\u00a0\u00bb, note Salhi.<\/p>\n<p>La m\u00eame strat\u00e9gie adopt\u00e9e quelques ann\u00e9es auparavant par l&rsquo;Emir Abdelkader, dont on le disait \u00eatre un des cavaliers. \u00ab\u00a0Il \u00e9tait clair et \u00e9clair. Pour lui, il fallait attaquer, presser et forcer l\u2019ennemi \u00e0 refluer\u00a0\u00bb, rel\u00e8ve de son c\u00f4t\u00e9 Omar Kerdja.<\/p>\n<blockquote readability=\"10\">\n<p><em><strong>Il savait aussi, ajoute l\u2019historien, \u00ab\u00a0profiter des faiblesses de l\u2019arm\u00e9e fran\u00e7aise pour mener ses assauts contre elle comme lors de l\u2019engagement des troupes fran\u00e7aises dans la guerre de Crim\u00e9e o\u00f9 il intensifia ses attaques tout en incitant les tribus de la r\u00e9gion \u00e0 la r\u00e9volte et \u00e0 se joindre \u00e0 sa cause\u00a0\u00bb.<\/strong><\/em><\/p>\n<\/blockquote>\n<p>Affubl\u00e9 de plusieurs surnoms dont le plus connu, et qui est pass\u00e9 \u00e0 la post\u00e9rit\u00e9 est Boubaghla (L&rsquo;homme \u00e0 la mule), \u00ab\u00a0bou-Seif\u00a0\u00bb (l\u2019homme \u00e0 l\u2019\u00e9p\u00e9e) ou \u00ab\u00a0moul sa&rsquo;a\u00a0\u00bb (le ma\u00eetre de l&rsquo;heure ou celui par qui la d\u00e9livrance arrivera), Boubaghla \u00ab\u00a0avait une destin\u00e9e singuli\u00e8re et \u00e9nigmatique sur certains points\u00a0\u00bb, consid\u00e8re Mezhoura Salhi.<\/p>\n<p>A ce jour, soutient-elle, \u00ab\u00a0les historiens divergent sur sa v\u00e9ritable identit\u00e9, son origine comme son \u00e2ge et son parcours ant\u00e9rieur\u00a0\u00bb, pr\u00e9cisant que certains le d\u00e9crivent comme \u00ab\u00a0r\u00e9serv\u00e9 de caract\u00e8re\u00a0\u00bb. De ses traits physiques, peu de descriptions ont aussi filtr\u00e9. \u00ab\u00a0Il est d\u00e9crit comme un mystique, d\u2019un teint basan\u00e9 et une barbe fournie, sans plus\u00a0\u00bb, dira-t-elle.<\/p>\n<blockquote readability=\"12\">\n<p><em><strong>\u00ab\u00a0Quelle que soit son origine, il est le type d&rsquo;homme-guerrier qui a cherch\u00e9 \u00e0 combattre l&rsquo;ennemi rampant sur le pays et qui se r\u00e9v\u00e9la un adversaire de forte personnalit\u00e9\u00a0\u00bb, estime, pour sa part, \u00e0 ce propos, l&rsquo;historien Kerdja.<\/strong><\/em><\/p>\n<\/blockquote>\n<p>Apr\u00e8s une r\u00e9sistance de 4 ann\u00e9es durant lesquelles il a crois\u00e9 le fer avec l\u2019arm\u00e9e fran\u00e7aise \u00e0 laquelle il infligea plusieurs d\u00e9faites, l\u2019obligeant \u00e0 mobiliser le gros de ses troupes et les meilleurs de ses officiers \u00e0 sa poursuite, il fut bless\u00e9 et captur\u00e9 lors d\u2019une bataille dans la vall\u00e9e de la Soummam le 26 d\u00e9cembre 1854.<\/p>\n<p>D\u00e9capit\u00e9, sa t\u00eate fut expos\u00e9e par l&rsquo;arm\u00e9e d&rsquo;occupation en troph\u00e9e dans la ville de Bordj-Bou-Arreridj le 28 d\u00e9cembre, achemin\u00e9e en France et conserv\u00e9e au Mus\u00e9e d&rsquo;histoire naturelle de Paris, jusqu&rsquo;\u00e0 sa restitution en juillet dernier avec celles de 23 autres r\u00e9sistants \u00e0 la conqu\u00eate coloniale fran\u00e7aise en Alg\u00e9rie.<\/p>\n<\/div>\n<p>Auteur:<br \/>\n<a href=\"http:\/\/www.aps.dz\/regions\/114893-cherif-boubaghla-la-destinee-singuliere-d-un-resistant\">Cliquez ici pour lire l&rsquo;article depuis sa source.<\/a><\/p>\n","protected":false},"excerpt":{"rendered":"<p>TIZI-OUZOU &#8211; R\u00e9sistant h\u00e9ro\u00efque \u00e0 la conqu\u00eate fran\u00e7aise en Kabylie, Mohammed Al Amdjeb Ben Abdelmalek, surnomm\u00e9 Cherif Boubaghla, venu de l\u2019Ouest du pays, consacre par sa destin\u00e9e, l\u2019unit\u00e9 nationale dans la r\u00e9sistance contre le colonialisme. D\u00e9rogeant aux parcours des pionniers des r\u00e9sistances populaires d&rsquo;alors contre cette conqu\u00eate, dont la plupart avaient combattus parmi leurs tribus [&hellip;]<\/p>\n","protected":false},"author":1790,"featured_media":0,"comment_status":"closed","ping_status":"closed","sticky":false,"template":"","format":"standard","meta":{"fifu_image_url":"","fifu_image_alt":"","footnotes":""},"categories":[53,76],"tags":[],"class_list":["post-107991","post","type-post","status-publish","format-standard","hentry","category-algerie","category-regions"],"_links":{"self":[{"href":"https:\/\/linitiative.ca\/International\/wp-json\/wp\/v2\/posts\/107991","targetHints":{"allow":["GET"]}}],"collection":[{"href":"https:\/\/linitiative.ca\/International\/wp-json\/wp\/v2\/posts"}],"about":[{"href":"https:\/\/linitiative.ca\/International\/wp-json\/wp\/v2\/types\/post"}],"author":[{"embeddable":true,"href":"https:\/\/linitiative.ca\/International\/wp-json\/wp\/v2\/users\/1790"}],"replies":[{"embeddable":true,"href":"https:\/\/linitiative.ca\/International\/wp-json\/wp\/v2\/comments?post=107991"}],"version-history":[{"count":0,"href":"https:\/\/linitiative.ca\/International\/wp-json\/wp\/v2\/posts\/107991\/revisions"}],"wp:attachment":[{"href":"https:\/\/linitiative.ca\/International\/wp-json\/wp\/v2\/media?parent=107991"}],"wp:term":[{"taxonomy":"category","embeddable":true,"href":"https:\/\/linitiative.ca\/International\/wp-json\/wp\/v2\/categories?post=107991"},{"taxonomy":"post_tag","embeddable":true,"href":"https:\/\/linitiative.ca\/International\/wp-json\/wp\/v2\/tags?post=107991"}],"curies":[{"name":"wp","href":"https:\/\/api.w.org\/{rel}","templated":true}]}}