{"id":107994,"date":"2020-12-24T17:36:27","date_gmt":"2020-12-24T22:36:27","guid":{"rendered":"https:\/\/linitiative.ca\/International\/nador-accueillera-le-premier-championnat-du-monde-de-beach-korfball\/"},"modified":"2020-12-24T17:36:27","modified_gmt":"2020-12-24T22:36:27","slug":"nador-accueillera-le-premier-championnat-du-monde-de-beach-korfball","status":"publish","type":"post","link":"https:\/\/linitiative.ca\/International\/nador-accueillera-le-premier-championnat-du-monde-de-beach-korfball\/","title":{"rendered":"Nador accueillera le premier championnat du monde de Beach Korfball"},"content":{"rendered":"<div class=\"single-featured\"><img alt=\"\" data-src=\"http:\/\/www.mapoujda.ma\/map\/uploads\/2020\/12\/Un-match-de-Beach-Korfball-750&#xD7;430-DR.jpg\"\/><\/div>\n<div class=\"entry-content clearfix single-post-content\" readability=\"59\">\n<p>La ville de Nador accueillera, les 30 et 31 juillet 2021, le premier Championnat du monde de Beach Korfball, a indiqu\u00e9 la F\u00e9d\u00e9ration internationale de Korfball (IKF).<\/p>\n<p>\u00abL\u2019IKF est extr\u00eamement heureuse d\u2019annoncer que la ville marocaine de Nador accueillera le premier championnat du monde de Beach Korfball les 30 et 31 juillet 2021\u00bb, a affirm\u00e9 la f\u00e9d\u00e9ration sur son site web.<\/p>\n<p>La ville de Nador a \u00e9t\u00e9 choisie pour accueillir cet \u00e9v\u00e8nement sportif international sur la base du dossier de candidature pr\u00e9sent\u00e9 par l\u2019Association marocaine de Korfball et l\u2019Association des jeunes m\u00e9diterran\u00e9ens.<\/p>\n<p>Ce rendez-vous sportif, qui sera organis\u00e9 en parall\u00e8le avec les festivit\u00e9s marquant la c\u00e9l\u00e9bration de la F\u00eate du Tr\u00f4ne, fera de la ville de Nador un carrefour mondial des sports de plage, se sont r\u00e9jouies ces deux associations sur leurs pages Facebook.<\/p>\n<p>Le Korfball est un sport collectif proche du basket-ball invent\u00e9 aux Pays-Bas en 1902. Il se distingue par sa mixit\u00e9, puisqu\u2019il oppose des \u00e9quipes de huit joueurs constitu\u00e9es chacune \u00e0 part \u00e9gale d\u2019hommes et de femmes, ainsi que par l\u2019absence de contact physique, et donc de violence.<\/p>\n<\/div>\n<p>Auteur: Soufiane ELAHMAR<br \/>\n<a href=\"http:\/\/www.mapoujda.ma\/fr\/nador-accueillera-le-premier-championnat-du-monde-de-beach-korfball\/\">Cliquez ici pour lire l&rsquo;article depuis sa source.<\/a><\/p>\n","protected":false},"excerpt":{"rendered":"<p>La ville de Nador accueillera, les 30 et 31 juillet 2021, le premier Championnat du monde de Beach Korfball, a indiqu\u00e9 la F\u00e9d\u00e9ration internationale de Korfball (IKF). \u00abL\u2019IKF est extr\u00eamement heureuse d\u2019annoncer que la ville marocaine de Nador accueillera le premier championnat du monde de Beach Korfball les 30 et 31 juillet 2021\u00bb, a affirm\u00e9 [&hellip;]<\/p>\n","protected":false},"author":1788,"featured_media":0,"comment_status":"closed","ping_status":"closed","sticky":false,"template":"","format":"standard","meta":{"fifu_image_url":"http:\/\/www.mapoujda.ma\/map\/uploads\/2020\/12\/Un-match-de-Beach-Korfball-750\u00d7430-DR.jpg","fifu_image_alt":"Nador accueillera le premier championnat du monde de Beach Korfball","footnotes":""},"categories":[54,76],"tags":[],"class_list":["post-107994","post","type-post","status-publish","format-standard","hentry","category-maroc","category-regions"],"_links":{"self":[{"href":"https:\/\/linitiative.ca\/International\/wp-json\/wp\/v2\/posts\/107994","targetHints":{"allow":["GET"]}}],"collection":[{"href":"https:\/\/linitiative.ca\/International\/wp-json\/wp\/v2\/posts"}],"about":[{"href":"https:\/\/linitiative.ca\/International\/wp-json\/wp\/v2\/types\/post"}],"author":[{"embeddable":true,"href":"https:\/\/linitiative.ca\/International\/wp-json\/wp\/v2\/users\/1788"}],"replies":[{"embeddable":true,"href":"https:\/\/linitiative.ca\/International\/wp-json\/wp\/v2\/comments?post=107994"}],"version-history":[{"count":0,"href":"https:\/\/linitiative.ca\/International\/wp-json\/wp\/v2\/posts\/107994\/revisions"}],"wp:attachment":[{"href":"https:\/\/linitiative.ca\/International\/wp-json\/wp\/v2\/media?parent=107994"}],"wp:term":[{"taxonomy":"category","embeddable":true,"href":"https:\/\/linitiative.ca\/International\/wp-json\/wp\/v2\/categories?post=107994"},{"taxonomy":"post_tag","embeddable":true,"href":"https:\/\/linitiative.ca\/International\/wp-json\/wp\/v2\/tags?post=107994"}],"curies":[{"name":"wp","href":"https:\/\/api.w.org\/{rel}","templated":true}]}}