{"id":108001,"date":"2020-12-25T11:00:00","date_gmt":"2020-12-25T16:00:00","guid":{"rendered":"https:\/\/linitiative.ca\/International\/la-31eme-edition-a-ete-epargnee-du-corona-suite-au-respect-du-protocole-sanitaire-ridha-behi\/"},"modified":"2020-12-25T11:00:00","modified_gmt":"2020-12-25T16:00:00","slug":"la-31eme-edition-a-ete-epargnee-du-corona-suite-au-respect-du-protocole-sanitaire-ridha-behi","status":"publish","type":"post","link":"https:\/\/linitiative.ca\/International\/la-31eme-edition-a-ete-epargnee-du-corona-suite-au-respect-du-protocole-sanitaire-ridha-behi\/","title":{"rendered":"La 31\u00e8me \u00e9dition a \u00e9t\u00e9 \u00e9pargn\u00e9e du corona suite au respect du protocole sanitaire\u00a0\u00bb (Ridha Behi)"},"content":{"rendered":"<p class=\"p1 c4\"><span class=\"c3\"><span class=\"c2\"><strong>Apr\u00e8s un marathon de projection de plus de 100 films projet\u00e9s entre 1966 et 2019 dans l&rsquo;histoire des JCC, la 31\u00e8me \u00e9dition des Journ\u00e9es cin\u00e9matographiques de Carthage vient de s&rsquo;achever en n&rsquo;enregistrant aucun cas de contamination par la covid19 \u00e0 la lumi\u00e8re du respect du public du protocole sanitaire adopt\u00e9 par le comit\u00e9 d&rsquo;organisation des JCC en collaboration avec la commission nationale de lutte contre le coronavirus, a d\u00e9clar\u00e9 le directeur des JCC Ridha Behi dans son allocution lors de la c\u00e9r\u00e9monie de cl\u00f4ture des JCC mercredi en fin d&rsquo;apr\u00e8s midi.<\/strong><\/span><\/span><\/p>\n<p class=\"p1 c5\"><span class=\"c3\"><span class=\"c2\">Il a, par ailleurs, annonc\u00e9 que la 32\u00e8me \u00e9dition des JCC se tiendra du 30 octobre au 6 novembre 2021.<\/span><\/span><\/p>\n<p class=\"p1 c5\"><span class=\"c3\"><span class=\"c2\">Prenant la parole, le directeur g\u00e9n\u00e9ral du Centre national du cin\u00e9ma et de l&rsquo;image (CNCI) a tenu \u00e0 pr\u00e9ciser que le d\u00e9fi lanc\u00e9 pour l&rsquo;organisation de cette manifestation cin\u00e9matographique s\u00e9culaire est une mani\u00e8re de contribuer \u00e0 aider les diff\u00e9rents acteurs op\u00e9rant dans le domaine cin\u00e9matographique entre cin\u00e9astes, producteurs, techniciens et propri\u00e9taires de salles de cin\u00e9ma. Et d&rsquo;ajouter \u00a0\u00bb Nous avons fait en sorte que cette \u00e9dition soit une occasion de r\u00e9flexion sur l&rsquo;avenir des JCC et d&rsquo;\u00e9laboration d&rsquo;un projet futur afin d&rsquo;assurer son rayonnement sur le plan international. Ce sont autant de d\u00e9fis que le CNCI a lanc\u00e9 en partenariat avec les diff\u00e9rents acteurs du secteur\u00a0\u00bb.<\/span><\/span><\/p>\n<p class=\"p1 c5\"><span class=\"c3\"><span class=\"c2\">La c\u00e9r\u00e9monie de cl\u00f4ture a \u00e9t\u00e9 marqu\u00e9e par une pr\u00e9sence assez faible du public par rapport \u00e0 la c\u00e9r\u00e9monie d&rsquo;ouverture et par l&rsquo;absence du ministre des affaires culturelles par int\u00e9rim Habib Ammar ainsi que des vedettes et stars du cin\u00e9ma tunisien.<\/span><\/span><\/p>\n<p class=\"p1 c5\"><span class=\"c3\"><span class=\"c2\">Organis\u00e9e cette ann\u00e9e dans une \u00e9dition exceptionnelle non comp\u00e9titive et sans remise des Tanits, la c\u00e9r\u00e9monie de cl\u00f4ture a \u00e9t\u00e9 marqu\u00e9e par la projection d&rsquo;\u00e9l\u00e9ments vid\u00e9o retra\u00e7ant les moments forts de l&rsquo;\u00e9dition 2020: les hommages \u00e0 \u00ab\u00a0ceux qui nous ont quitt\u00e9s\u00a0\u00bb , les recommandations du forum des JCC et l&rsquo;affluence des cin\u00e9philes vers les salles de cin\u00e9ma.<\/span><\/span><\/p>\n<p class=\"p1 c5\"><span class=\"c3\"><span class=\"c2\">L&rsquo;assistance a pu suivre une repr\u00e9sentation chor\u00e9graphique produite par Chedli Arfaoui intitul\u00e9e \u00ab\u00a0La machine de lumi\u00e8re\u00a0\u00bb interpr\u00e9t\u00e9e musicalement par le violoniste Zied Zouari avant de poursuivre avec une chanson de l&rsquo;artiste Raoudha Ben Abdallah \u00ab\u00a0Enti el helm\u00a0\u00bb (c&rsquo;est toi le r\u00eave).<\/span><\/span><\/p>\n<p class=\"p1 c4\">\u00a0<\/p>\n<p class=\"p1 c5\"><span class=\"c3\"><span class=\"c2\">En guise de fin, le public a assist\u00e9 \u00e0 la projection d&rsquo;un court m\u00e9trage \u00ab\u00a0Bolbol\u00a0\u00bb de Khedija Lemkacher.<\/span><\/span><\/p>\n<p>Auteur: letemps1<br \/>\n<a href=\"http:\/\/www.letemps.com.tn\/article\/118616\/la-31%C3%A8me-%C3%A9dition-%C3%A9t%C3%A9-%C3%A9pargn%C3%A9e-du-corona-suite-au-respect-du-protocole-sanitaire-ridha\">Cliquez ici pour lire l&rsquo;article depuis sa source.<\/a><\/p>\n","protected":false},"excerpt":{"rendered":"<p>Apr\u00e8s un marathon de projection de plus de 100 films projet\u00e9s entre 1966 et 2019 dans l&rsquo;histoire des JCC, la 31\u00e8me \u00e9dition des Journ\u00e9es cin\u00e9matographiques de Carthage vient de s&rsquo;achever en n&rsquo;enregistrant aucun cas de contamination par la covid19 \u00e0 la lumi\u00e8re du respect du public du protocole sanitaire adopt\u00e9 par le comit\u00e9 d&rsquo;organisation des [&hellip;]<\/p>\n","protected":false},"author":1773,"featured_media":0,"comment_status":"closed","ping_status":"closed","sticky":false,"template":"","format":"standard","meta":{"fifu_image_url":"","fifu_image_alt":"","footnotes":""},"categories":[73,55],"tags":[],"class_list":["post-108001","post","type-post","status-publish","format-standard","hentry","category-actualite","category-tunisie"],"_links":{"self":[{"href":"https:\/\/linitiative.ca\/International\/wp-json\/wp\/v2\/posts\/108001","targetHints":{"allow":["GET"]}}],"collection":[{"href":"https:\/\/linitiative.ca\/International\/wp-json\/wp\/v2\/posts"}],"about":[{"href":"https:\/\/linitiative.ca\/International\/wp-json\/wp\/v2\/types\/post"}],"author":[{"embeddable":true,"href":"https:\/\/linitiative.ca\/International\/wp-json\/wp\/v2\/users\/1773"}],"replies":[{"embeddable":true,"href":"https:\/\/linitiative.ca\/International\/wp-json\/wp\/v2\/comments?post=108001"}],"version-history":[{"count":0,"href":"https:\/\/linitiative.ca\/International\/wp-json\/wp\/v2\/posts\/108001\/revisions"}],"wp:attachment":[{"href":"https:\/\/linitiative.ca\/International\/wp-json\/wp\/v2\/media?parent=108001"}],"wp:term":[{"taxonomy":"category","embeddable":true,"href":"https:\/\/linitiative.ca\/International\/wp-json\/wp\/v2\/categories?post=108001"},{"taxonomy":"post_tag","embeddable":true,"href":"https:\/\/linitiative.ca\/International\/wp-json\/wp\/v2\/tags?post=108001"}],"curies":[{"name":"wp","href":"https:\/\/api.w.org\/{rel}","templated":true}]}}