{"id":108002,"date":"2020-12-25T11:00:00","date_gmt":"2020-12-25T16:00:00","guid":{"rendered":"https:\/\/linitiative.ca\/International\/divertir-et-instruire\/"},"modified":"2020-12-25T11:00:00","modified_gmt":"2020-12-25T16:00:00","slug":"divertir-et-instruire","status":"publish","type":"post","link":"https:\/\/linitiative.ca\/International\/divertir-et-instruire\/","title":{"rendered":"Divertir et instruire"},"content":{"rendered":"<p class=\"p1 c4\"><span class=\"c3\"><span class=\"c2\"><strong>Sous la tutelle de la D\u00e9l\u00e9gation R\u00e9gionale des Affaires Culturelles de Ben Arous et dans le cadre du programme \u00ab Tunisie, villes des Arts \u00bb, l&rsquo;Association de la Biblioth\u00e8que et des Amoureux du Livre et la Biblioth\u00e8que Maghr\u00e9bine de Ben Arous organisent la deuxi\u00e8me session des \u00ab Journ\u00e9es d&rsquo;Abdellaziz Laroui pour l&rsquo;art du Conte \u00bb, du 23 au 27 d\u00e9cembre 2020.<\/strong><\/span><\/span><\/p>\n<p class=\"p1 c5\"><span class=\"c3\"><span class=\"c2\">Abdelaziz Laroui, ce grand conteur, est consid\u00e9r\u00e9 comme le pionnier de l&rsquo;art de la narration orale en Tunisie. Les adultes d\u2019aujourd\u2019hui se rappellent sans doute Abdellaziz Laroui, ou Baba Aziz comme on se plaisait \u00e0 l\u2019appeler famili\u00e8rement, ce grand journaliste tunisien, conteur populaire et chroniqueur \u00e0 la Radio Nationale, connu de tous les auditeurs pour ses causeries radiophoniques et ses agr\u00e9ables contes, adapt\u00e9s plus tard au petit \u00e9cran. Fid\u00e8le \u00e0 cet homme qui a su par excellence \u00e9gayer les foyers tunisiens durant plusieurs ann\u00e9es, ces journ\u00e9es sont organis\u00e9es \u00e0 sa m\u00e9moire et sont destin\u00e9es aussi bien aux enfants qu\u2019\u00e0 leurs parents. A. Laroui a captiv\u00e9 l\u2019attention des g\u00e9n\u00e9rations des ann\u00e9es 60 et 70 du si\u00e8cle dernier gr\u00e2ce \u00e0 son art de conter, sa voix forte et claire et surtout par son langage familier et naturel et sa fa\u00e7on d\u2019articuler les mots. Sans oublier son sens de l\u2019humour qu\u2019il ajoutait souvent \u00e0 ses anecdotes et ses contes, pleins de soubresauts, d\u2019\u00e9motions et de suspenses, si bien qu\u2019il fut pendant plusieurs ann\u00e9es et peut-\u00eatre jusqu\u2019\u00e0 ce jour, le conteur pr\u00e9f\u00e9r\u00e9 des Tunisiens, grands et petits, que ce soit \u00e0 travers la radio ou la t\u00e9l\u00e9vision.<\/span><\/span><\/p>\n<p class=\"p1 c5\"><span class=\"c3\"><span class=\"c2\"><span class=\"Apple-converted-space\">\u00a0<\/span>Destin\u00e9 \u00e0 distraire, mais aussi \u00e0 instruire, le conte est un moyen de communication efficace, permettant tout d\u2019abord une transmission culturelle orale. Certains contes sont v\u00e9hicul\u00e9s depuis des g\u00e9n\u00e9rations et passent de bouche \u00e0 oreille. Il est ainsi un prodigieux outil d\u2019intercommunication entre adultes et enfants. Il joue ainsi un grand r\u00f4le dans le d\u00e9veloppement de la personnalit\u00e9 de l\u2019enfant et de sa socialisation. C\u2019est donc pour ces raisons qu\u2019on organise pour la deuxi\u00e8me fois \u00e0 Ben Arous ces \u00ab Journ\u00e9es d\u2019Abdellaziz Laroui de l\u2019art du Conte \u00bb<\/span><\/span><\/p>\n<p class=\"p1 c5\"><span class=\"c3\"><span class=\"c2\">Cette deuxi\u00e8me session nous propose diff\u00e9rentes activit\u00e9s. La premi\u00e8re journ\u00e9e d\u00e9butera par une pr\u00e9sentation d&rsquo;ouverture assur\u00e9e par l&rsquo;artiste Kamal Bouzidi, intitul\u00e9e \u00ab Jannat \u00bb. En outre, une exposition documentaire sur la derni\u00e8re session sera organis\u00e9e ; des t\u00e9moignages concernant le conteur Abdellaziz Laroui seront fournis par les artistes Raouf Ben Amor et Wahida Dridi. Enfin, un hommage sera rendu aux conteurs tunisiens dont Raouf Ben Amor, Ikram Azzouz, Dalila Meftahi, Randa Karmazi, Youssef Baklouti, Kamel Alaoui, Abderazak Kamoun, Hayet Zargaoui et Baghdadi Aoun.<\/span><\/span><\/p>\n<p class=\"p1 c5\"><span class=\"c3\"><span class=\"c2\">La deuxi\u00e8me journ\u00e9e sera marqu\u00e9e par un nombre de spectacles de \u00ab Fdaoui \u00bb (conteur) qui seront pr\u00e9sent\u00e9s dans plusieurs espaces \u00e0 El Mourouj et El Mghira ainsi que dans les biblioth\u00e8ques publiques de la r\u00e9gion. Quant aux activit\u00e9s du troisi\u00e8me jour, elles d\u00e9buteront vers dix heures du matin et commenceront par un spectacle \u00bb Fdaoui \u00bb au Palais de l&rsquo;Enfance \u00e0 la Nouvelle M\u00e9dina, qui sera assur\u00e9 par la conteuse Randa Karmazi et sera suivi d\u2019un colloque intitul\u00e9 \u00ab Place du conte dans le folklore \u00bb dans l&rsquo;espace de la Biblioth\u00e8que Maghr\u00e9bine \u00e0 Ben Arous.<\/span><\/span><\/p>\n<p class=\"p1 c5\"><span class=\"c3\"><span class=\"c2\">Les activit\u00e9s du quatri\u00e8me et du cinqui\u00e8me jour d\u00e9buteront \u00e0 neuf heures du matin, en organisant une s\u00e9ance de formation pour les futurs cadres des Biblioth\u00e8ques publiques de la r\u00e9gion qui aura pour th\u00e8me \u00ab L&rsquo;histoire, la production et l&rsquo;encouragement \u00bb, encadr\u00e9e par M. Habib Ghazal.<\/span><\/span><\/p>\n<p class=\"p1 c5\"><span class=\"c3\"><span class=\"c2\">La Cl\u00f4ture de ces journ\u00e9es sera marqu\u00e9e par la pr\u00e9sentation d\u2019un spectacle \u00ab Fdaoui \u00bb qui sera assur\u00e9e par la conteuse Wahida Dridi, \u00e0 la biblioth\u00e8que r\u00e9gionale de Ben Arous.<\/span><\/span><\/p>\n<p class=\"p1 c4\">\u00a0<\/p>\n<p class=\"p2 c6\"><span class=\"c3\"><span class=\"c2\"><strong>H.K<\/strong><\/span><\/span><\/p>\n<p>Auteur: letemps1<br \/>\n<a href=\"http:\/\/www.letemps.com.tn\/article\/118617\/divertir-et-instruire\">Cliquez ici pour lire l&rsquo;article depuis sa source.<\/a><\/p>\n","protected":false},"excerpt":{"rendered":"<p>Sous la tutelle de la D\u00e9l\u00e9gation R\u00e9gionale des Affaires Culturelles de Ben Arous et dans le cadre du programme \u00ab Tunisie, villes des Arts \u00bb, l&rsquo;Association de la Biblioth\u00e8que et des Amoureux du Livre et la Biblioth\u00e8que Maghr\u00e9bine de Ben Arous organisent la deuxi\u00e8me session des \u00ab Journ\u00e9es d&rsquo;Abdellaziz Laroui pour l&rsquo;art du Conte \u00bb, [&hellip;]<\/p>\n","protected":false},"author":1773,"featured_media":0,"comment_status":"closed","ping_status":"closed","sticky":false,"template":"","format":"standard","meta":{"fifu_image_url":"","fifu_image_alt":"","footnotes":""},"categories":[73,55],"tags":[],"class_list":["post-108002","post","type-post","status-publish","format-standard","hentry","category-actualite","category-tunisie"],"_links":{"self":[{"href":"https:\/\/linitiative.ca\/International\/wp-json\/wp\/v2\/posts\/108002","targetHints":{"allow":["GET"]}}],"collection":[{"href":"https:\/\/linitiative.ca\/International\/wp-json\/wp\/v2\/posts"}],"about":[{"href":"https:\/\/linitiative.ca\/International\/wp-json\/wp\/v2\/types\/post"}],"author":[{"embeddable":true,"href":"https:\/\/linitiative.ca\/International\/wp-json\/wp\/v2\/users\/1773"}],"replies":[{"embeddable":true,"href":"https:\/\/linitiative.ca\/International\/wp-json\/wp\/v2\/comments?post=108002"}],"version-history":[{"count":0,"href":"https:\/\/linitiative.ca\/International\/wp-json\/wp\/v2\/posts\/108002\/revisions"}],"wp:attachment":[{"href":"https:\/\/linitiative.ca\/International\/wp-json\/wp\/v2\/media?parent=108002"}],"wp:term":[{"taxonomy":"category","embeddable":true,"href":"https:\/\/linitiative.ca\/International\/wp-json\/wp\/v2\/categories?post=108002"},{"taxonomy":"post_tag","embeddable":true,"href":"https:\/\/linitiative.ca\/International\/wp-json\/wp\/v2\/tags?post=108002"}],"curies":[{"name":"wp","href":"https:\/\/api.w.org\/{rel}","templated":true}]}}