{"id":108003,"date":"2020-12-25T11:05:00","date_gmt":"2020-12-25T16:05:00","guid":{"rendered":"https:\/\/linitiative.ca\/International\/la-coalition-des-patriotes-appelle-a-un-cessez-le-feu\/"},"modified":"2020-12-25T11:05:00","modified_gmt":"2020-12-25T16:05:00","slug":"la-coalition-des-patriotes-appelle-a-un-cessez-le-feu","status":"publish","type":"post","link":"https:\/\/linitiative.ca\/International\/la-coalition-des-patriotes-appelle-a-un-cessez-le-feu\/","title":{"rendered":"La Coalition des patriotes appelle \u00e0 un cessez-le-feu"},"content":{"rendered":"<p class=\"p1 c4\"><span class=\"c3\"><span class=\"s1 c2\"><strong>Le Temps-agences-<\/strong><\/span><strong>\u00c0 trois jours de la pr\u00e9sidentielle et des l\u00e9gislatives en Centrafrique, et alors que la tension s\u00e9curitaire est vive, le CPC, la Coalition des patriotes pour le changement, lance un appel \u00e0 un cessez-le-feu de 72 heures dans une d\u00e9claration.<\/strong><\/span><\/p>\n<p class=\"p1 c5\"><span class=\"c3\">Cette coalition m\u00e8ne depuis pr\u00e8s d\u2019une semaine une offensive pour tenter d\u2019obtenir la suspension de l\u2019\u00e9lection sous peine sinon, de rejoindre la capitale.<\/span><\/p>\n<p class=\"p1 c5\"><span class=\"c3\">Il s&rsquo;agit de la troisi\u00e8me d\u00e9claration du CPC depuis que les groupes arm\u00e9s ont annonc\u00e9 la cr\u00e9ation de cette coalition. Tout comme les pr\u00e9c\u00e9dentes, elle n\u2019est pas sign\u00e9e mais des sources au sein de plusieurs groupes arm\u00e9s membres de cette Coalition confirment son authenticit\u00e9, dont un haut responsable du groupe arm\u00e9 3R. Cependant, toutes les composantes de cette coalition ne l\u2019ont pas formellement confirm\u00e9.<\/span><\/p>\n<p class=\"p1 c5\"><span class=\"c3\">La d\u00e9claration est dat\u00e9e du 23 d\u00e9cembre. Les auteurs y d\u00e9clarent un cessez-le-feu unilat\u00e9ral de 72 heures sur toute l\u2019\u00e9tendue du territoire et ce, pour l\u2019ensemble des combattants de la coalition. Ils \u00ab invitent \u00bb \u00e9galement le pouvoir centrafricain \u00e0 faire de m\u00eame et le pr\u00e9sident Touad\u00e9ra \u00e0 \u00ab suspendre les \u00e9lections \u00bb et convoquer sans d\u00e9lai des concertations, leur toute premi\u00e8re revendication.<\/span><\/p>\n<p class=\"p1 c5\"><span class=\"c3\">Les autorit\u00e9s n\u2019ont pas formellement r\u00e9agi \u00e0 cet appel. Pour le moment, en tout cas la strat\u00e9gie de ces groupes arm\u00e9s ne semble pas avoir port\u00e9 ses fruits.<\/span><\/p>\n<p class=\"p1 c4\">\u00a0<\/p>\n<p class=\"p1 c5\"><span class=\"c3\">Hier matin, \u00e0 Bangui, le parti du pr\u00e9sident Touad\u00e9ra continuait de battre campagne. Bangui a aussi fait appel au renfort de forces \u00e9trang\u00e8res rwandaises et russes. Dans son communiqu\u00e9, la coalition d\u00e9nonce d\u2019ailleurs leur entr\u00e9e dans le jeu, alors qu\u2019elle est elle-m\u00eame soup\u00e7onn\u00e9e d\u2019avoir fait appel \u00e0 des mercenaires \u00e9trangers.<\/span><\/p>\n<p>Auteur: letemps1<br \/>\n<a href=\"http:\/\/www.letemps.com.tn\/article\/118618\/la-coalition-des-patriotes-appelle-%C3%A0-un-cessez-le-feu\">Cliquez ici pour lire l&rsquo;article depuis sa source.<\/a><\/p>\n","protected":false},"excerpt":{"rendered":"<p>Le Temps-agences-\u00c0 trois jours de la pr\u00e9sidentielle et des l\u00e9gislatives en Centrafrique, et alors que la tension s\u00e9curitaire est vive, le CPC, la Coalition des patriotes pour le changement, lance un appel \u00e0 un cessez-le-feu de 72 heures dans une d\u00e9claration. Cette coalition m\u00e8ne depuis pr\u00e8s d\u2019une semaine une offensive pour tenter d\u2019obtenir la suspension [&hellip;]<\/p>\n","protected":false},"author":1773,"featured_media":0,"comment_status":"closed","ping_status":"closed","sticky":false,"template":"","format":"standard","meta":{"fifu_image_url":"","fifu_image_alt":"","footnotes":""},"categories":[73,55],"tags":[],"class_list":["post-108003","post","type-post","status-publish","format-standard","hentry","category-actualite","category-tunisie"],"_links":{"self":[{"href":"https:\/\/linitiative.ca\/International\/wp-json\/wp\/v2\/posts\/108003","targetHints":{"allow":["GET"]}}],"collection":[{"href":"https:\/\/linitiative.ca\/International\/wp-json\/wp\/v2\/posts"}],"about":[{"href":"https:\/\/linitiative.ca\/International\/wp-json\/wp\/v2\/types\/post"}],"author":[{"embeddable":true,"href":"https:\/\/linitiative.ca\/International\/wp-json\/wp\/v2\/users\/1773"}],"replies":[{"embeddable":true,"href":"https:\/\/linitiative.ca\/International\/wp-json\/wp\/v2\/comments?post=108003"}],"version-history":[{"count":0,"href":"https:\/\/linitiative.ca\/International\/wp-json\/wp\/v2\/posts\/108003\/revisions"}],"wp:attachment":[{"href":"https:\/\/linitiative.ca\/International\/wp-json\/wp\/v2\/media?parent=108003"}],"wp:term":[{"taxonomy":"category","embeddable":true,"href":"https:\/\/linitiative.ca\/International\/wp-json\/wp\/v2\/categories?post=108003"},{"taxonomy":"post_tag","embeddable":true,"href":"https:\/\/linitiative.ca\/International\/wp-json\/wp\/v2\/tags?post=108003"}],"curies":[{"name":"wp","href":"https:\/\/api.w.org\/{rel}","templated":true}]}}