{"id":108004,"date":"2020-12-25T11:05:00","date_gmt":"2020-12-25T16:05:00","guid":{"rendered":"https:\/\/linitiative.ca\/International\/londres-et-bruxelles-saccordent-sur-leurs-relations-commerciales\/"},"modified":"2020-12-25T11:05:00","modified_gmt":"2020-12-25T16:05:00","slug":"londres-et-bruxelles-saccordent-sur-leurs-relations-commerciales","status":"publish","type":"post","link":"https:\/\/linitiative.ca\/International\/londres-et-bruxelles-saccordent-sur-leurs-relations-commerciales\/","title":{"rendered":"Londres et Bruxelles s\u2019accordent sur leurs relations commerciales"},"content":{"rendered":"<p class=\"p1 c3\"><span class=\"c2\">Une issue qui \u00e9vite le redout\u00e9 \u00ab\u00a0no deal\u00a0\u00bb \u00e0 l&rsquo;issue de la p\u00e9riode de transition qui s&rsquo;ach\u00e8vera au soir du 31 d\u00e9cembre, un an apr\u00e8s la sortie officielle du Royaume-Uni de l&rsquo;Union europ\u00e9enne.<\/span><\/p>\n<p class=\"p1 c3\"><span class=\"c2\">\u00ab\u00a0C&rsquo;est un accord juste et \u00e9quilibr\u00e9\u00a0\u00bb, a assur\u00e9 Ursula von der Leyen lors d&rsquo;une conf\u00e9rence de presse. \u00ab\u00a0Il permettra d&rsquo;\u00e9viter des perturbations majeures pour les travailleurs, les entreprises et les voyageurs apr\u00e8s le 1er janvier\u00a0\u00bb, \u00ab\u00a0prot\u00e8gera les int\u00e9r\u00eats europ\u00e9ens\u00a0\u00bb et britanniques, et \u00ab\u00a0posera les fondations solides d&rsquo;un nouveau d\u00e9part avec un ami de longue date\u00a0\u00bb, a-t-elle \u00e9num\u00e9r\u00e9.<\/span><\/p>\n<p class=\"p1 c3\"><span class=\"c2\">\u00ab\u00a0Nous serons vos amis, vos alli\u00e9s et votre premier march\u00e9\u00a0\u00bb, a promis Boris Johnson lors d&rsquo;une conf\u00e9rence de presse. \u00ab\u00a0Nous avons repris le contr\u00f4le de nos lois et de notre destin\u00a0\u00bb. \u00ab\u00a0L&rsquo;accord est conclu\u00a0\u00bb, s&rsquo;\u00e9tait-il r\u00e9joui un peu plus t\u00f4t sur Twitter.<\/span><\/p>\n<p class=\"p1 c3\"><span class=\"c2\">Selon les termes de cet accord, les \u00e9tudiants britanniques vont quitter le programme d&rsquo;\u00e9change Erasmus, a annonc\u00e9 avec regret le n\u00e9gociateur en chef de l&rsquo;UE, Michel Barnier.<\/span><\/p>\n<p class=\"p1 c3\"><span class=\"c2\">L&rsquo;accord demandera par ailleurs des \u00ab\u00a0efforts\u00a0\u00bb aux p\u00e9cheurs europ\u00e9ens, dont le sort \u00e9tait un des points de tension lors des n\u00e9gociations, a reconnu Michel Barnier, qui a promis qu&rsquo;ils seraient \u00ab\u00a0accompagn\u00e9s\u00a0\u00bb par l&rsquo;UE. Il assure \u00ab\u00a0une base d&rsquo;acc\u00e8s r\u00e9ciproque aux eaux et ressources, avec une nouvelle r\u00e9partition des quotas et opportunit\u00e9s de p\u00eache\u00a0\u00bb.<\/span><\/p>\n<p>Auteur: letemps1<br \/>\n<a href=\"http:\/\/www.letemps.com.tn\/article\/118619\/londres-et-bruxelles-s%E2%80%99accordent-sur-leurs-relations-commerciales\">Cliquez ici pour lire l&rsquo;article depuis sa source.<\/a><\/p>\n","protected":false},"excerpt":{"rendered":"<p>Une issue qui \u00e9vite le redout\u00e9 \u00ab\u00a0no deal\u00a0\u00bb \u00e0 l&rsquo;issue de la p\u00e9riode de transition qui s&rsquo;ach\u00e8vera au soir du 31 d\u00e9cembre, un an apr\u00e8s la sortie officielle du Royaume-Uni de l&rsquo;Union europ\u00e9enne. \u00ab\u00a0C&rsquo;est un accord juste et \u00e9quilibr\u00e9\u00a0\u00bb, a assur\u00e9 Ursula von der Leyen lors d&rsquo;une conf\u00e9rence de presse. \u00ab\u00a0Il permettra d&rsquo;\u00e9viter des perturbations [&hellip;]<\/p>\n","protected":false},"author":1773,"featured_media":0,"comment_status":"closed","ping_status":"closed","sticky":false,"template":"","format":"standard","meta":{"fifu_image_url":"","fifu_image_alt":"","footnotes":""},"categories":[73,55],"tags":[],"class_list":["post-108004","post","type-post","status-publish","format-standard","hentry","category-actualite","category-tunisie"],"_links":{"self":[{"href":"https:\/\/linitiative.ca\/International\/wp-json\/wp\/v2\/posts\/108004","targetHints":{"allow":["GET"]}}],"collection":[{"href":"https:\/\/linitiative.ca\/International\/wp-json\/wp\/v2\/posts"}],"about":[{"href":"https:\/\/linitiative.ca\/International\/wp-json\/wp\/v2\/types\/post"}],"author":[{"embeddable":true,"href":"https:\/\/linitiative.ca\/International\/wp-json\/wp\/v2\/users\/1773"}],"replies":[{"embeddable":true,"href":"https:\/\/linitiative.ca\/International\/wp-json\/wp\/v2\/comments?post=108004"}],"version-history":[{"count":0,"href":"https:\/\/linitiative.ca\/International\/wp-json\/wp\/v2\/posts\/108004\/revisions"}],"wp:attachment":[{"href":"https:\/\/linitiative.ca\/International\/wp-json\/wp\/v2\/media?parent=108004"}],"wp:term":[{"taxonomy":"category","embeddable":true,"href":"https:\/\/linitiative.ca\/International\/wp-json\/wp\/v2\/categories?post=108004"},{"taxonomy":"post_tag","embeddable":true,"href":"https:\/\/linitiative.ca\/International\/wp-json\/wp\/v2\/tags?post=108004"}],"curies":[{"name":"wp","href":"https:\/\/api.w.org\/{rel}","templated":true}]}}