{"id":108014,"date":"2020-12-25T09:54:00","date_gmt":"2020-12-25T14:54:00","guid":{"rendered":"https:\/\/linitiative.ca\/International\/le-ministre-abderrahmane-benbouzid-affirme-140-professionnels-de-sante-emportes-par-le-coronavirus\/"},"modified":"2020-12-25T09:54:00","modified_gmt":"2020-12-25T14:54:00","slug":"le-ministre-abderrahmane-benbouzid-affirme-140-professionnels-de-sante-emportes-par-le-coronavirus","status":"publish","type":"post","link":"https:\/\/linitiative.ca\/International\/le-ministre-abderrahmane-benbouzid-affirme-140-professionnels-de-sante-emportes-par-le-coronavirus\/","title":{"rendered":"LE MINISTRE ABDERRAHMANE BENBOUZID AFFIRME  : 140 professionnels de sant\u00e9 emport\u00e9s par le Coronavirus"},"content":{"rendered":"<p><br id=\"sep_para_1\" class=\"sep_para access\"\/><\/p>\n<div id=\"para_1\" class=\"para_40051623 resize\">\n<div class=\"texte access firstletter\">R\u00e9pondant aux questions des s\u00e9nateurs, le ministre de la Sant\u00e9 a fait \u00e9tat de 140 morts parmi les professionnels de son secteur qui sont au front dans la lutte contre la pand\u00e9mie. Benbouzid a affirm\u00e9 que l\u2019arm\u00e9e blanche \u00e9tait d\u00e9termin\u00e9e de lutter contre le coronavirus, ajoutant que les employ\u00e9s de son secteur ont fait preuve de conscience de sagesse, du courage et d\u2019abn\u00e9gation. \u00abIls ont tr\u00e8s bien accompli leur travail en venant \u00e0 bout de la peur d\u2019attraper le virus\u00bb, a-t-il ajout\u00e9. \u00abTout au d\u00e9but de l\u2019\u00e9pid\u00e9mie, la priorit\u00e9 du secteur \u00e9tait de prot\u00e9ger les professionnels en mettant en place tous les moyens n\u00e9cessaires. Quant \u00e0 la strat\u00e9gie mise en place pour faire face au covid-19, le ministre a dit qu\u2019outre les 18.000 lits mis en place au niveau national, les ressources humaines ont \u00e9galement \u00e9t\u00e9 mobilis\u00e9es pour prendre en charge les patients. Par ailleurs, le ministre a d\u00e9clar\u00e9 en r\u00e9ponse \u00e0 une question sur l&rsquo;affectation d\u2019un \u00e9tablissement donn\u00e9 pour soigner les malades atteints Covid-19, que \u00ab cela est pratiquement impossible, car il est irraisonnable d\u2019accueillir un grand nombre de malades dans un seul \u00e9tablissement faute de moyens mat\u00e9riels et humains \u00bb. Soulignant \u00ab la poursuite de l\u2019application de la strat\u00e9gie du secteur d\u2019accueillir et de soigner les malades Covid-19 adopt\u00e9e par la tutelle depuis le d\u00e9but \u00bb, le ministre a pr\u00e9cis\u00e9 que cette strat\u00e9gie tend \u00e0 \u00ab prot\u00e9ger les malades non infect\u00e9s et ceux souffrant d\u2019immunod\u00e9pression tels que les canc\u00e9reux et les insuffisants r\u00e9naux \u00bb. Benbouzid a rendu un hommage \u00e0 l\u2019ensemble des travailleurs du secteur de la sant\u00e9 et m\u00eame ceux en dehors de ce corps qui ont d\u00e9montr\u00e9 un haut sens de responsabilit\u00e9, de courage et de d\u00e9vouement face \u00e0 cette pand\u00e9mie. En contrepartie de tous ces sacrifices pour faire face \u00e0 la pand\u00e9mie du nouveau coronavirus, le Pr\u00e9sident de la R\u00e9publique a d\u00e9cid\u00e9, souligne le ministre, d&rsquo;accorder aux employ\u00e9s du secteur de la sant\u00e9 une r\u00e9compense sous forme de prime mensuelle accord\u00e9e exceptionnellement en contrepartie du risque quotidien auquel ils sont expos\u00e9s dans l&rsquo;exercice de leurs fonctions, conform\u00e9ment au d\u00e9cret pr\u00e9sidentiel n\u00a0 79-20 du 31 mars 2020, portant \u00e9tablissement d\u2019une prime exceptionnelle pour les employ\u00e9s de la sant\u00e9.<\/div>\n<\/div>\n<p>Auteur: Ismain<br \/>\n<a href=\"https:\/\/www.reflexiondz.net\/LE-MINISTRE-ABDERRAHMANE-BENBOUZID-AFFIRME-140-professionnels-de-sante-emportes-par-le-Coronavirus_a66865.html\">Cliquez ici pour lire l&rsquo;article depuis sa source.<\/a><\/p>\n","protected":false},"excerpt":{"rendered":"<p>R\u00e9pondant aux questions des s\u00e9nateurs, le ministre de la Sant\u00e9 a fait \u00e9tat de 140 morts parmi les professionnels de son secteur qui sont au front dans la lutte contre la pand\u00e9mie. Benbouzid a affirm\u00e9 que l\u2019arm\u00e9e blanche \u00e9tait d\u00e9termin\u00e9e de lutter contre le coronavirus, ajoutant que les employ\u00e9s de son secteur ont fait preuve [&hellip;]<\/p>\n","protected":false},"author":1740,"featured_media":0,"comment_status":"closed","ping_status":"closed","sticky":false,"template":"","format":"standard","meta":{"fifu_image_url":"","fifu_image_alt":"","footnotes":""},"categories":[53,76],"tags":[],"class_list":["post-108014","post","type-post","status-publish","format-standard","hentry","category-algerie","category-regions"],"_links":{"self":[{"href":"https:\/\/linitiative.ca\/International\/wp-json\/wp\/v2\/posts\/108014","targetHints":{"allow":["GET"]}}],"collection":[{"href":"https:\/\/linitiative.ca\/International\/wp-json\/wp\/v2\/posts"}],"about":[{"href":"https:\/\/linitiative.ca\/International\/wp-json\/wp\/v2\/types\/post"}],"author":[{"embeddable":true,"href":"https:\/\/linitiative.ca\/International\/wp-json\/wp\/v2\/users\/1740"}],"replies":[{"embeddable":true,"href":"https:\/\/linitiative.ca\/International\/wp-json\/wp\/v2\/comments?post=108014"}],"version-history":[{"count":0,"href":"https:\/\/linitiative.ca\/International\/wp-json\/wp\/v2\/posts\/108014\/revisions"}],"wp:attachment":[{"href":"https:\/\/linitiative.ca\/International\/wp-json\/wp\/v2\/media?parent=108014"}],"wp:term":[{"taxonomy":"category","embeddable":true,"href":"https:\/\/linitiative.ca\/International\/wp-json\/wp\/v2\/categories?post=108014"},{"taxonomy":"post_tag","embeddable":true,"href":"https:\/\/linitiative.ca\/International\/wp-json\/wp\/v2\/tags?post=108014"}],"curies":[{"name":"wp","href":"https:\/\/api.w.org\/{rel}","templated":true}]}}