{"id":108015,"date":"2020-12-25T09:54:00","date_gmt":"2020-12-25T14:54:00","guid":{"rendered":"https:\/\/linitiative.ca\/International\/bechar-lhopital-de-kerzaz-ouvrira-t-il-un-jour\/"},"modified":"2020-12-25T09:54:00","modified_gmt":"2020-12-25T14:54:00","slug":"bechar-lhopital-de-kerzaz-ouvrira-t-il-un-jour","status":"publish","type":"post","link":"https:\/\/linitiative.ca\/International\/bechar-lhopital-de-kerzaz-ouvrira-t-il-un-jour\/","title":{"rendered":"BECHAR : L\u2019h\u00f4pital de Kerzaz  ouvrira-t-il un jour ?"},"content":{"rendered":"<p><br id=\"sep_para_1\" class=\"sep_para access\"\/><\/p>\n<div id=\"para_1\" class=\"para_40051601 resize\">\n<div class=\"photo shadow left\"><a href=\"javascript:void(0)\" rel=\"https:\/\/www.reflexiondz.net\/photo\/art\/grande\/52571684-40051601.jpg?v=1608910083&amp;ibox\" title=\"BECHAR : L\u2019h\u00f4pital de Kerzaz ouvrira-t-il un jour ?\"><img decoding=\"async\" class=\"responsive c9\" src=\"https:\/\/www.reflexiondz.net\/photo\/art\/grande\/52571684-40051601.jpg?v=1608910083\" alt=\"BECHAR : L\u2019h\u00f4pital de Kerzaz ouvrira-t-il un jour ?\" title=\"BECHAR : L\u2019h\u00f4pital de Kerzaz ouvrira-t-il un jour ?\"\/><img decoding=\"async\" class=\"not-responsive\" src=\"https:\/\/www.reflexiondz.net\/photo\/art\/default\/52571684-40051601.jpg?v=1608910085\" alt=\"BECHAR : L\u2019h\u00f4pital de Kerzaz ouvrira-t-il un jour ?\" title=\"BECHAR : L\u2019h\u00f4pital de Kerzaz ouvrira-t-il un jour ?\"\/><\/a><\/div>\n<div class=\"texte access firstletter\">Parmi les points figurant au programme, le wali d\u00e9l\u00e9gu\u00e9 s\u2019est rendu au niveau de l\u2019h\u00f4pital 60 lits et plus exactement au niveau du chantier des travaux de r\u00e9alisation de la canalisation du r\u00e9seau d\u2019\u00e9vacuation des eaux us\u00e9es situ\u00e9 au lieu-dit Tazoukar.\u00a0 Le wali d\u00e9l\u00e9gu\u00e9 de B\u00e9ni Abb\u00e8s a exhort\u00e9 les responsables ayant en charge l\u2019ex\u00e9cution de ce projet \u00e0 acc\u00e9l\u00e9rer les travaux pour parvenir \u00e0 ouvrir l\u2019h\u00f4pital en question.\u00a0 Ce chantier, dont d\u00e9pend l\u2019ouverture de l&rsquo;h\u00f4pital, tra\u00eene depuis\u00a0 f\u00e9vrier 2017, date \u00e0 laquelle l\u2019ex-wali de B\u00e9char, M. Dziri Toufik avait ordonn\u00e9 le commencement des travaux de r\u00e9alisation du r\u00e9seau d\u2019\u00e9vacuation des eaux us\u00e9es sur une longueur de 1150 m lin\u00e9aires. Depuis ce temps-l\u00e0, les travaux semblent avancer \u00e0 pas de tortue. C&rsquo;est \u00e0 croire, dira quelqu\u2019un,\u00a0 que d\u00e8s la fin des visites effectu\u00e9es par les walis qui se sont succ\u00e9d\u00e9s \u00e0 la t\u00eate de la wilaya de B\u00e9char, les travaux s\u2019arr\u00eatent. Pour rappel, M. Belkateb Mohamed, le wali de B\u00e9char s&rsquo;est rendu le 23 octobre 2020 au niveau de cet h\u00f4pital qui accuse un grand retard. Apparemment, les travaux de construction sont achev\u00e9s et les \u00e9quipements install\u00e9s. Le seul probl\u00e8me qui emp\u00eache sa mise en service est l&rsquo;absence du r\u00e9seau d&rsquo;\u00e9vacuation des eaux us\u00e9es. Au moment de la visite effectu\u00e9e sur les lieux au mois de f\u00e9vrier 2017 par M. Dziri Toufik, l\u2019ex-wali de B\u00e9char, ce dernier avait ordonn\u00e9 le commencement des travaux de r\u00e9alisation du r\u00e9seau d&rsquo;\u00e9vacuation des eaux us\u00e9es sur une longueur de 1150 m. M. Mebarki Mohamed a succ\u00e9d\u00e9 \u00e0 Dziri Toufik et M. Belkateb a succ\u00e9d\u00e9 \u00e0 M. Mebarki Mohamed. C&rsquo;est-\u00e0-dire que beaucoup d\u2019eau a coul\u00e9 sous le pont et lorsque M. Belkateb Mohamed s\u2019est enquis sur l\u2019\u00e9tat d\u2019avancement des travaux lanc\u00e9s par Dziri Toufik, il lui a \u00e9t\u00e9 dit sur place que seul 200 m sur les 1150 ont \u00e9t\u00e9 creus\u00e9s. C\u2019est comme si on creusait avec une cuill\u00e8re, dira quelqu&rsquo;un. D&rsquo;autre part, ce r\u00e9seau d&rsquo;\u00e9vacuation des eaux us\u00e9es se d\u00e9verse dans l&rsquo;oued Saoura et posera un probl\u00e8me \u00e9cologique pour la palmeraie de Kerzaz et des ksour environnants. C&rsquo;est pour dire que l&rsquo;\u00e9tude du site a \u00e9t\u00e9 d\u00e9faillante d\u00e8s le d\u00e9but. En fin de compte, le wali a ordonn\u00e9 l&rsquo;ouverture des urgences m\u00e9dico-chirurgicales, UMC, de cet h\u00f4pital d\u00e8s le d\u00e9but de cette semaine en attendant le reste. Il faudrait souligner l&rsquo;importance que rev\u00eat l\u2019ouverture du nouvel h\u00f4pital\u00a0 de Kerzaz car il se trouve sur la RN6 reliant B\u00e9char \u00e0 Adrar sur une distance de 602 km et qu&rsquo;entre ces deux chefs-lieux de wilayas il n&rsquo;y a pas d&rsquo;autres h\u00f4pitaux.<\/div>\n<\/div>\n<p>Auteur: Ahmed Messaoud<br \/>\n<a href=\"https:\/\/www.reflexiondz.net\/BECHAR-L-hopital-de-Kerzaz-ouvrira-t-il-un-jour_a66856.html\">Cliquez ici pour lire l&rsquo;article depuis sa source.<\/a><\/p>\n","protected":false},"excerpt":{"rendered":"<p>Parmi les points figurant au programme, le wali d\u00e9l\u00e9gu\u00e9 s\u2019est rendu au niveau de l\u2019h\u00f4pital 60 lits et plus exactement au niveau du chantier des travaux de r\u00e9alisation de la canalisation du r\u00e9seau d\u2019\u00e9vacuation des eaux us\u00e9es situ\u00e9 au lieu-dit Tazoukar.\u00a0 Le wali d\u00e9l\u00e9gu\u00e9 de B\u00e9ni Abb\u00e8s a exhort\u00e9 les responsables ayant en charge l\u2019ex\u00e9cution [&hellip;]<\/p>\n","protected":false},"author":1740,"featured_media":0,"comment_status":"closed","ping_status":"closed","sticky":false,"template":"","format":"standard","meta":{"fifu_image_url":"https:\/\/www.reflexiondz.net\/photo\/art\/grande\/52571684-40051601.jpg?v=1608910083","fifu_image_alt":"BECHAR : L\u2019h\u00f4pital de Kerzaz  ouvrira-t-il un jour ?","footnotes":""},"categories":[53,76],"tags":[],"class_list":["post-108015","post","type-post","status-publish","format-standard","hentry","category-algerie","category-regions"],"_links":{"self":[{"href":"https:\/\/linitiative.ca\/International\/wp-json\/wp\/v2\/posts\/108015","targetHints":{"allow":["GET"]}}],"collection":[{"href":"https:\/\/linitiative.ca\/International\/wp-json\/wp\/v2\/posts"}],"about":[{"href":"https:\/\/linitiative.ca\/International\/wp-json\/wp\/v2\/types\/post"}],"author":[{"embeddable":true,"href":"https:\/\/linitiative.ca\/International\/wp-json\/wp\/v2\/users\/1740"}],"replies":[{"embeddable":true,"href":"https:\/\/linitiative.ca\/International\/wp-json\/wp\/v2\/comments?post=108015"}],"version-history":[{"count":0,"href":"https:\/\/linitiative.ca\/International\/wp-json\/wp\/v2\/posts\/108015\/revisions"}],"wp:attachment":[{"href":"https:\/\/linitiative.ca\/International\/wp-json\/wp\/v2\/media?parent=108015"}],"wp:term":[{"taxonomy":"category","embeddable":true,"href":"https:\/\/linitiative.ca\/International\/wp-json\/wp\/v2\/categories?post=108015"},{"taxonomy":"post_tag","embeddable":true,"href":"https:\/\/linitiative.ca\/International\/wp-json\/wp\/v2\/tags?post=108015"}],"curies":[{"name":"wp","href":"https:\/\/api.w.org\/{rel}","templated":true}]}}