{"id":108016,"date":"2020-12-25T09:54:00","date_gmt":"2020-12-25T14:54:00","guid":{"rendered":"https:\/\/linitiative.ca\/International\/pour-reclamer-une-meilleure-protection-sanitaire-greve-des-enseignants-du-lycee-dain-nouissy\/"},"modified":"2020-12-25T09:54:00","modified_gmt":"2020-12-25T14:54:00","slug":"pour-reclamer-une-meilleure-protection-sanitaire-greve-des-enseignants-du-lycee-dain-nouissy","status":"publish","type":"post","link":"https:\/\/linitiative.ca\/International\/pour-reclamer-une-meilleure-protection-sanitaire-greve-des-enseignants-du-lycee-dain-nouissy\/","title":{"rendered":"POUR RECLAMER UNE MEILLEURE PROTECTION SANITAIRE : Gr\u00e8ve des enseignants  du lyc\u00e9e d\u2019Ain Nouissy"},"content":{"rendered":"<p><br id=\"sep_para_1\" class=\"sep_para access\"\/><\/p>\n<div id=\"para_1\" class=\"para_40051609 resize\">\n<div class=\"texte access firstletter\">En effet, une \u00ab gr\u00e8ve sanitaire \u00bb a eu lieu\u00a0 mardi et mercredi pass\u00e9s au lyc\u00e9e \u2018\u2019Les Fr\u00e8res Ouali\u2019\u2019 \u00e0 Ain Nouissy, par des enseignants qui trouvent que le protocole sanitaire actuel mis en place dans leur \u00e9tablissement scolaire\u00a0 est insuffisant face aux risques de contaminations au covid-19, a-t-on appris. La plupart des enseignants ont suivi ce mouvement de gr\u00e8ve, \u00e0 cause de la pand\u00e9mie du coronavirus ayant affect\u00e9, nous dit-on, certains de leurs coll\u00e8gues, ainsi que des \u00e9l\u00e8ves. Ces derniers jugent qu\u2019ils manquent de moyens sanitaires et de personnel pour d\u00e9sinfecter les salles de cours et autres espaces tr\u00e8s fr\u00e9quent\u00e9s par le personnel enseignant et les \u00e9l\u00e8ves.\u00a0 Ils d\u00e9noncent \u00e9galement\u00a0 l\u2019insuffisance de moyens de protection, dont le gel hydro-alcoolique,\u00a0 port de masque etc\u2026\u00a0 Il y a \u00e9galement la difficult\u00e9 d\u2019assurer une distanciation physique entre les \u00e9l\u00e8ves quand ils se regroupent, surtout lors des pauses au niveau des couloirs et les r\u00e9cr\u00e9ations dans la cour, ajoutent-ils. Devant cet \u00e9tat de fait, et pour \u00e9viter toute contamination entrainant une \u00e9ventuelle fermeture de leur \u00e9tablissement, les enseignants r\u00e9clament\u00a0 plus de moyens et une application plus stricte des mesures sanitaires. \u2018\u2019Cette gr\u00e8ve a dur\u00e9 2 jours, le mardi et le mercredi, renouvelable \u00e0 tout moment\u2019\u2019, indiquent les professeurs qui r\u00e9it\u00e8rent\u00a0 leur appel aux\u00a0 autorit\u00e9s comp\u00e9tentes de trouver une solution face \u00e0 ce probl\u00e8me.<\/div>\n<\/div>\n<p>Auteur: Yamina Hamdoud<br \/>\n<a href=\"https:\/\/www.reflexiondz.net\/POUR-RECLAMER-UNE-MEILLEURE-PROTECTION-SANITAIRE-Greve-des-enseignants-du-lycee-d-Ain-Nouissy_a66860.html\">Cliquez ici pour lire l&rsquo;article depuis sa source.<\/a><\/p>\n","protected":false},"excerpt":{"rendered":"<p>En effet, une \u00ab gr\u00e8ve sanitaire \u00bb a eu lieu\u00a0 mardi et mercredi pass\u00e9s au lyc\u00e9e \u2018\u2019Les Fr\u00e8res Ouali\u2019\u2019 \u00e0 Ain Nouissy, par des enseignants qui trouvent que le protocole sanitaire actuel mis en place dans leur \u00e9tablissement scolaire\u00a0 est insuffisant face aux risques de contaminations au covid-19, a-t-on appris. La plupart des enseignants ont [&hellip;]<\/p>\n","protected":false},"author":1740,"featured_media":0,"comment_status":"closed","ping_status":"closed","sticky":false,"template":"","format":"standard","meta":{"fifu_image_url":"","fifu_image_alt":"","footnotes":""},"categories":[53,76],"tags":[],"class_list":["post-108016","post","type-post","status-publish","format-standard","hentry","category-algerie","category-regions"],"_links":{"self":[{"href":"https:\/\/linitiative.ca\/International\/wp-json\/wp\/v2\/posts\/108016","targetHints":{"allow":["GET"]}}],"collection":[{"href":"https:\/\/linitiative.ca\/International\/wp-json\/wp\/v2\/posts"}],"about":[{"href":"https:\/\/linitiative.ca\/International\/wp-json\/wp\/v2\/types\/post"}],"author":[{"embeddable":true,"href":"https:\/\/linitiative.ca\/International\/wp-json\/wp\/v2\/users\/1740"}],"replies":[{"embeddable":true,"href":"https:\/\/linitiative.ca\/International\/wp-json\/wp\/v2\/comments?post=108016"}],"version-history":[{"count":0,"href":"https:\/\/linitiative.ca\/International\/wp-json\/wp\/v2\/posts\/108016\/revisions"}],"wp:attachment":[{"href":"https:\/\/linitiative.ca\/International\/wp-json\/wp\/v2\/media?parent=108016"}],"wp:term":[{"taxonomy":"category","embeddable":true,"href":"https:\/\/linitiative.ca\/International\/wp-json\/wp\/v2\/categories?post=108016"},{"taxonomy":"post_tag","embeddable":true,"href":"https:\/\/linitiative.ca\/International\/wp-json\/wp\/v2\/tags?post=108016"}],"curies":[{"name":"wp","href":"https:\/\/api.w.org\/{rel}","templated":true}]}}