{"id":108029,"date":"2020-12-25T16:03:09","date_gmt":"2020-12-25T21:03:09","guid":{"rendered":"https:\/\/linitiative.ca\/International\/pendant-sa-reunion-avec-les-blocs-soutenant-le-gouvernement-mechichi-il-faut-passer-a-letape-de-laction-conjointe\/"},"modified":"2020-12-25T16:03:09","modified_gmt":"2020-12-25T21:03:09","slug":"pendant-sa-reunion-avec-les-blocs-soutenant-le-gouvernement-mechichi-il-faut-passer-a-letape-de-laction-conjointe","status":"publish","type":"post","link":"https:\/\/linitiative.ca\/International\/pendant-sa-reunion-avec-les-blocs-soutenant-le-gouvernement-mechichi-il-faut-passer-a-letape-de-laction-conjointe\/","title":{"rendered":"Pendant sa r\u00e9union avec les blocs soutenant le gouvernement-Mechichi : \u201cIl faut passer \u00e0 l\u2019\u00e9tape de l\u2019action conjointe\u201d"},"content":{"rendered":"<div class=\"post-cont-in left relative\">\n<div id=\"post-info-wrap\" class=\"left relative post-info-out\">\n<div class=\"post-info-img left relative\"><img loading=\"lazy\" decoding=\"async\" alt=\"\" src=\"https:\/\/secure.gravatar.com\/avatar\/ea481d7287ad38ca1787f44b5bb1b70e?s=50&amp;d=mm&amp;r=g\" srcset=\"https:\/\/secure.gravatar.com\/avatar\/ea481d7287ad38ca1787f44b5bb1b70e?s=100&amp;d=mm&amp;r=g 2x\" class=\"avatar avatar-50 photo\" height=\"50\" width=\"50\"\/><\/div>\n<div class=\"post-info-in\">\n<div class=\"post-info-right left relative post-info-name left relative\"><span><span class=\"post-info-text\">Par<\/span> <span class=\"author-name vcard fn author\"><a href=\"https:\/\/www.tunisienumerique.com\/author\/rania-ben-slimane\/\" title=\"Articles par rania ben slimane\" rel=\"author\">rania ben slimane<\/a><\/span><\/span> <span class=\"post-date updated\"><time class=\"post-date updated\" datetime=\"2020-12-25\">\u00a0| Il y a 1 heure<\/time><\/span><\/div>\n<div class=\"left relative\"><button id=\"listenButton1\" class=\"responsivevoice-button\" type=\"button\" value=\"Play\" title=\"&#xC9;coutez l'article\"><span>\ud83d\udd0a \u00c9coutez l&rsquo;article<\/span><\/button> <\/div>\n<\/div>\n<\/div>\n<p>Une s\u00e9ance de travail a \u00e9t\u00e9 tenue, le 25 d\u00e9cembre 2020 au Palais de la Kasbah, supervis\u00e9e par le Chef du Gouvernement, Hichem Mechichi, en pr\u00e9sence du ministre aupr\u00e8s le pr\u00e9sident du Gouvernement en charge des relations avec l\u2019ARP, Ali El Hafsi, le vice-pr\u00e9sident du bloc du Mouvement Ennahdha, Mokhtar Lamouchi, le chef du bloc Kalb Tounes, Oussama Khlifi, le Chef du Bloc La R\u00e9forme, Hassouna Nasfi, le Chef du bloc Tahya Tounes, Mustapha ben Ahmed et le Chef du Bloc National, Ridha Charfeddine.<\/p>\n<div class=\"code-block code-block-1 c4\"><ins class=\"adsbygoogle c3\" data-ad-layout=\"in-article\" data-ad-format=\"fluid\" data-ad-client=\"ca-pub-2102118777505746\" data-ad-slot=\"7301775417\"\/> <\/div>\n<p>Hichem Mechichi a annonc\u00e9 au d\u00e9but de la session, que cette rencontre p\u00e9riodique s\u2019inscrit dans le cadre de consultations continues et du travail pour consolider davantage le rapprochement entre la ceinture politique et le gouvernement, de mani\u00e8re \u00e0 effectuer le passage du stade de coop\u00e9ration, au stade d\u2019action conjointe. Cette action permettrait, en effet, l\u2019am\u00e9lioration de la performance de l\u2019\u00e9quipe gouvernementale et l\u2019acc\u00e9l\u00e9ration de la coordination, afin de r\u00e9aliser les r\u00e9formes n\u00e9cessaires.<\/p>\n<p>Il a ajout\u00e9 que cette session co\u00efncide avec la fin d\u2019une ann\u00e9e t\u00e9moin de nombreux \u00e9v\u00e9nements politiques, dont le plus marquant est que ce gouvernement a obtenu la confiance et le soutien des repr\u00e9sentants, l\u2019adoption de la loi de finances pour 2021, de la loi compl\u00e9mentaire pour l\u2019ann\u00e9e 2020 et le d\u00e9but d\u2019une nouvelle ann\u00e9e qui pose un ensemble de d\u00e9fis politiques et socio-\u00e9conomiques.<\/p>\n<p>En outre, Mechichi a pr\u00e9cis\u00e9 que son gouvernement est ouvert \u00e0 toutes propositions et id\u00e9es, d\u2019autant plus qu\u2019il s\u2019agit d\u2019un gouvernement d\u2019efficience et de r\u00e9formes, consid\u00e9rant que leur lancement passe par un renforcement de la coh\u00e9sion entre toutes les composantes nationales, loin des conflits politiques, en consacrant le principe du partage.<\/p>\n<div class=\"swp_social_panel swp_horizontal_panel swp_flat_fresh swp_default_full_color swp_individual_full_color swp_other_full_color scale-100 scale-\" data-min-width=\"1100\" data-float-color=\"#ffffff\" data-float=\"bottom\" data-float-mobile=\"bottom\" data-transition=\"slide\">\n<div class=\"nc_tweetContainer swp_share_button total_shares total_sharesalt\"><span class=\"swp_count\">5 <span class=\"swp_label\">Partages<\/span><\/span><\/div>\n<\/div>\n<p><strong>Que se passe-t-il en Tunisie?<\/strong><br \/>Nous expliquons sur notre <a href=\"https:\/\/www.youtube.com\/channel\/UCRzypVq0B_yBad5eGrwBx0Q?sub_confirmation=1\" target=\"_blank\" rel=\"noopener\">cha\u00eene YouTube<\/a> . <a href=\"https:\/\/www.youtube.com\/channel\/UCRzypVq0B_yBad5eGrwBx0Q?sub_confirmation=1\" target=\"_blank\" rel=\"noopener\">Abonnez-vous!<\/a><\/p>\n<div class=\"mvp-org-wrap mvp-org-logo\" itemprop=\"publisher\"><img decoding=\"async\" src=\"https:\/\/www.tunisienumerique.com\/wp-content\/uploads\/2017\/02\/logo_tunisie_numerique.png\"\/><\/div>\n<div class=\"mvp-related-posts left relative\">\n<h4 class=\"post-header\"><span class=\"post-header\">Lire aussi<\/span><\/h4>\n<\/div>\n<div id=\"article-ad\"><ins class=\"adsbygoogle c5\" data-ad-client=\"ca-pub-2102118777505746\" data-ad-slot=\"6513972734\" data-ad-format=\"auto\" data-full-width-responsive=\"true\"\/> <\/div>\n<\/div>\n<div id=\"post-sidebar-wrap\"><ins class=\"adsbygoogle c5\" data-ad-client=\"ca-pub-2102118777505746\" data-ad-slot=\"6168283410\" data-ad-format=\"auto\" data-full-width-responsive=\"true\"\/> <\/div>\n<p>Auteur: rania ben slimane<br \/>\n<a href=\"https:\/\/www.tunisienumerique.com\/pendant-sa-reunion-avec-les-blocs-soutenant-le-gouvernement-mechichi-il-faut-passer-a-letape-de-laction-conjointe\/\">Cliquez ici pour lire l&rsquo;article depuis sa source.<\/a><\/p>\n","protected":false},"excerpt":{"rendered":"<p>Par rania ben slimane \u00a0| Il y a 1 heure \ud83d\udd0a \u00c9coutez l&rsquo;article Une s\u00e9ance de travail a \u00e9t\u00e9 tenue, le 25 d\u00e9cembre 2020 au Palais de la Kasbah, supervis\u00e9e par le Chef du Gouvernement, Hichem Mechichi, en pr\u00e9sence du ministre aupr\u00e8s le pr\u00e9sident du Gouvernement en charge des relations avec l\u2019ARP, Ali El Hafsi, [&hellip;]<\/p>\n","protected":false},"author":1789,"featured_media":0,"comment_status":"closed","ping_status":"closed","sticky":false,"template":"","format":"standard","meta":{"fifu_image_url":"https:\/\/secure.gravatar.com\/avatar\/ea481d7287ad38ca1787f44b5bb1b70e?s=50&d=mm&r=g","fifu_image_alt":"Pendant sa r\u00e9union avec les blocs soutenant le gouvernement-Mechichi : \u201cIl faut passer \u00e0 l\u2019\u00e9tape de l\u2019action conjointe\u201d","footnotes":""},"categories":[73,55],"tags":[],"class_list":["post-108029","post","type-post","status-publish","format-standard","hentry","category-actualite","category-tunisie"],"_links":{"self":[{"href":"https:\/\/linitiative.ca\/International\/wp-json\/wp\/v2\/posts\/108029","targetHints":{"allow":["GET"]}}],"collection":[{"href":"https:\/\/linitiative.ca\/International\/wp-json\/wp\/v2\/posts"}],"about":[{"href":"https:\/\/linitiative.ca\/International\/wp-json\/wp\/v2\/types\/post"}],"author":[{"embeddable":true,"href":"https:\/\/linitiative.ca\/International\/wp-json\/wp\/v2\/users\/1789"}],"replies":[{"embeddable":true,"href":"https:\/\/linitiative.ca\/International\/wp-json\/wp\/v2\/comments?post=108029"}],"version-history":[{"count":0,"href":"https:\/\/linitiative.ca\/International\/wp-json\/wp\/v2\/posts\/108029\/revisions"}],"wp:attachment":[{"href":"https:\/\/linitiative.ca\/International\/wp-json\/wp\/v2\/media?parent=108029"}],"wp:term":[{"taxonomy":"category","embeddable":true,"href":"https:\/\/linitiative.ca\/International\/wp-json\/wp\/v2\/categories?post=108029"},{"taxonomy":"post_tag","embeddable":true,"href":"https:\/\/linitiative.ca\/International\/wp-json\/wp\/v2\/tags?post=108029"}],"curies":[{"name":"wp","href":"https:\/\/api.w.org\/{rel}","templated":true}]}}