{"id":108030,"date":"2020-12-25T16:28:21","date_gmt":"2020-12-25T21:28:21","guid":{"rendered":"https:\/\/linitiative.ca\/International\/tunisie-la-kasbah-une-reunion-significative-pour-un-tres-probable-remaniement-ministeriel\/"},"modified":"2020-12-25T16:28:21","modified_gmt":"2020-12-25T21:28:21","slug":"tunisie-la-kasbah-une-reunion-significative-pour-un-tres-probable-remaniement-ministeriel","status":"publish","type":"post","link":"https:\/\/linitiative.ca\/International\/tunisie-la-kasbah-une-reunion-significative-pour-un-tres-probable-remaniement-ministeriel\/","title":{"rendered":"Tunisie \u2013 La Kasbah\u00a0: Une r\u00e9union significative pour un tr\u00e8s probable remaniement minist\u00e9riel"},"content":{"rendered":"<div class=\"post-cont-in left relative\">\n<div id=\"post-info-wrap\" class=\"left relative post-info-out\">\n<div class=\"post-info-img left relative\"><img loading=\"lazy\" decoding=\"async\" alt=\"\" src=\"https:\/\/secure.gravatar.com\/avatar\/9f10b5e5a102bf8cc0ebfb84f5ab5652?s=50&amp;d=mm&amp;r=g\" srcset=\"https:\/\/secure.gravatar.com\/avatar\/9f10b5e5a102bf8cc0ebfb84f5ab5652?s=100&amp;d=mm&amp;r=g 2x\" class=\"avatar avatar-50 photo\" height=\"50\" width=\"50\"\/><\/div>\n<div class=\"post-info-in\">\n<div class=\"post-info-right left relative post-info-name left relative\"><span><span class=\"post-info-text\">Par<\/span> <span class=\"author-name vcard fn author\"><a href=\"https:\/\/www.tunisienumerique.com\/author\/ramsis\/\" title=\"Articles par Ramsis\" rel=\"author\">Ramsis<\/a><\/span><\/span> <span class=\"post-date updated\"><time class=\"post-date updated\" datetime=\"2020-12-25\">\u00a0| Il y a 26 minutes<\/time><\/span><\/div>\n<div class=\"left relative\"><button id=\"listenButton1\" class=\"responsivevoice-button\" type=\"button\" value=\"Play\" title=\"&#xC9;coutez l'article\"><span>\ud83d\udd0a \u00c9coutez l&rsquo;article<\/span><\/button> <\/div>\n<\/div>\n<\/div>\n<p>Le chef du gouvernement, Hichem Mechichi s\u2019est r\u00e9uni, ce vendredi soir, avec les repr\u00e9sentants des blocs parlementaires des partis soutien du gouvernement.<\/p>\n<div class=\"code-block code-block-1 c4\"><ins class=\"adsbygoogle c3\" data-ad-layout=\"in-article\" data-ad-format=\"fluid\" data-ad-client=\"ca-pub-2102118777505746\" data-ad-slot=\"7301775417\"\/> <\/div>\n<p>Une r\u00e9union, surtout en cette p\u00e9riode de fortes turbulences, qui pourrait \u00eatre le signe pr\u00e9curseur de l\u2019imminence d\u2019un remaniement minist\u00e9riel.<\/p>\n<p>En effet, le temps n\u2019\u00e9tant pas au beau fixe, entre le chef du gouvernement et ceux qui \u00e9taient sens\u00e9s lui fournir leur soutien sous le d\u00f4me de l\u2019ARP. Mais l\u00e0, en cette p\u00e9riode trouble, voil\u00e0 que les intentions deviennent, tout d\u2019un coup, meilleures.<\/p>\n<p>Le chef du gouvernement a donc, regroup\u00e9 autour de sa table les repr\u00e9sentants au Bardo des partis qui forment son soutien politique, soit, le vice pr\u00e9sident du bloc Ennahdha, Mokhtar Lamouchi, le pr\u00e9sident du bloc de Qalb Tounes, Oussama Khelifi, le pr\u00e9sident du bloc Al Islah, Hsouna Nasfi, le pr\u00e9sident du bloc\u00a0 Tahya Tounes, Mustapha Ben Ahmed et le pr\u00e9sident du bloc national, Ridha Charfeddine.<\/p>\n<p>Mechichi aurait expliqu\u00e9 \u00e0 ses h\u00f4tes que la r\u00e9union visait \u00e0 parfaire le dialogue entre le gouvernement et son soutien politique et le rapprochement entre les deux parties. Ce qui permettrait\u00a0 de \u00ab passer de l\u2019\u00e9tape de l\u2019entraide \u00e0 celle du travail commun \u00bb. Une formule taill\u00e9e dans la roche et qui veut dire ce qu\u2019elle veut dire.<\/p>\n<p>Il est ais\u00e9, \u00e0 premi\u00e8re vue, de comprendre que le chef du gouvernement offre \u00e0 ses \u00ab amis \u00bb de travailler avec lui. Ce qui pourrait s\u2019expliquer par le fait qu\u2019ils vont pouvoir participer \u00e0 son \u00e9quipe. Et comme ils n\u2019en font pas partie, en ce moment, il devient \u00e9vident qu\u2019il va obligatoirement avoir un remaniement. Le remaniement qui a \u00e9t\u00e9 demand\u00e9 avec beaucoup d\u2019insistance de la part de ces partis.<\/p>\n<p>Reste \u00e0 savoir, maintenant, de quelle fa\u00e7on ils vont participer au nouveau gouvernement ? Est-ce que les partis vont pouvoir faire nommer quelques uns de leurs cadres aux postes minist\u00e9riels qui seront concern\u00e9s par le prochain remaniement ? Ce qui conduirait au fameux gouvernement politique tant souhait\u00e9 par les diff\u00e9rents partis et qui a, depuis toujours, fait la preuve de ses innombrables d\u00e9faillances et ses \u00e9checs r\u00e9p\u00e9t\u00e9s \u00e0 r\u00e9tablir la barre. Ou, alors, allons-nous vers un gouvernement de comp\u00e9tences politiques et non plus ind\u00e9pendantes, en donnant aux partis l\u2019opportunit\u00e9 de proposer des comp\u00e9tences jouissant de leur soutien ? Ce qui constituerait la solution du moindre mal, surtout dans la conjoncture de crise actuelle qui ne saurait souffrir que des novices viennent, encore, tenter d\u2019apprendre leur m\u00e9tier, aux d\u00e9pends des tunisiens.<\/p>\n<p>Il y a, tout de m\u00eame, un d\u00e9tail qui ne manque pas d\u2019interpeller, dans toute cette histoire. C\u2019est que Mechichi a exclu de sa r\u00e9union et probablement de sa prochaine \u00e9quipe, ses suppos\u00e9s soutiens, \u00f4 combien turbulents, de la coalition Al Karama !<\/p>\n<div class=\"swp_social_panel swp_horizontal_panel swp_flat_fresh swp_default_full_color swp_individual_full_color swp_other_full_color scale-100 scale-\" data-min-width=\"1100\" data-float-color=\"#ffffff\" data-float=\"bottom\" data-float-mobile=\"bottom\" data-transition=\"slide\">\n<div class=\"nc_tweetContainer swp_share_button total_shares total_sharesalt\"><span class=\"swp_count\">3 <span class=\"swp_label\">Partages<\/span><\/span><\/div>\n<\/div>\n<p><strong>Que se passe-t-il en Tunisie?<\/strong><br \/>Nous expliquons sur notre <a href=\"https:\/\/www.youtube.com\/channel\/UCRzypVq0B_yBad5eGrwBx0Q?sub_confirmation=1\" target=\"_blank\" rel=\"noopener\">cha\u00eene YouTube<\/a> . <a href=\"https:\/\/www.youtube.com\/channel\/UCRzypVq0B_yBad5eGrwBx0Q?sub_confirmation=1\" target=\"_blank\" rel=\"noopener\">Abonnez-vous!<\/a><\/p>\n<div class=\"mvp-org-wrap mvp-org-logo\" itemprop=\"publisher\"><img decoding=\"async\" src=\"https:\/\/www.tunisienumerique.com\/wp-content\/uploads\/2017\/02\/logo_tunisie_numerique.png\"\/><\/div>\n<div class=\"mvp-related-posts left relative\">\n<h4 class=\"post-header\"><span class=\"post-header\">Lire aussi<\/span><\/h4>\n<\/div>\n<div id=\"article-ad\"><ins class=\"adsbygoogle c5\" data-ad-client=\"ca-pub-2102118777505746\" data-ad-slot=\"6513972734\" data-ad-format=\"auto\" data-full-width-responsive=\"true\"\/> <\/div>\n<\/div>\n<div id=\"post-sidebar-wrap\"><ins class=\"adsbygoogle c5\" data-ad-client=\"ca-pub-2102118777505746\" data-ad-slot=\"6168283410\" data-ad-format=\"auto\" data-full-width-responsive=\"true\"\/> <\/div>\n<p>Auteur: Ramsis<br \/>\n<a href=\"https:\/\/www.tunisienumerique.com\/tunisie-la-kasbah-une-reunion-significative-pour-un-tres-probable-remaniement-ministeriel\/\">Cliquez ici pour lire l&rsquo;article depuis sa source.<\/a><\/p>\n","protected":false},"excerpt":{"rendered":"<p>Par Ramsis \u00a0| Il y a 26 minutes \ud83d\udd0a \u00c9coutez l&rsquo;article Le chef du gouvernement, Hichem Mechichi s\u2019est r\u00e9uni, ce vendredi soir, avec les repr\u00e9sentants des blocs parlementaires des partis soutien du gouvernement. Une r\u00e9union, surtout en cette p\u00e9riode de fortes turbulences, qui pourrait \u00eatre le signe pr\u00e9curseur de l\u2019imminence d\u2019un remaniement minist\u00e9riel. En effet, [&hellip;]<\/p>\n","protected":false},"author":1789,"featured_media":0,"comment_status":"closed","ping_status":"closed","sticky":false,"template":"","format":"standard","meta":{"fifu_image_url":"https:\/\/secure.gravatar.com\/avatar\/9f10b5e5a102bf8cc0ebfb84f5ab5652?s=50&d=mm&r=g","fifu_image_alt":"Tunisie \u2013 La Kasbah\u00a0: Une r\u00e9union significative pour un tr\u00e8s probable remaniement minist\u00e9riel","footnotes":""},"categories":[73,55],"tags":[],"class_list":["post-108030","post","type-post","status-publish","format-standard","hentry","category-actualite","category-tunisie"],"_links":{"self":[{"href":"https:\/\/linitiative.ca\/International\/wp-json\/wp\/v2\/posts\/108030","targetHints":{"allow":["GET"]}}],"collection":[{"href":"https:\/\/linitiative.ca\/International\/wp-json\/wp\/v2\/posts"}],"about":[{"href":"https:\/\/linitiative.ca\/International\/wp-json\/wp\/v2\/types\/post"}],"author":[{"embeddable":true,"href":"https:\/\/linitiative.ca\/International\/wp-json\/wp\/v2\/users\/1789"}],"replies":[{"embeddable":true,"href":"https:\/\/linitiative.ca\/International\/wp-json\/wp\/v2\/comments?post=108030"}],"version-history":[{"count":0,"href":"https:\/\/linitiative.ca\/International\/wp-json\/wp\/v2\/posts\/108030\/revisions"}],"wp:attachment":[{"href":"https:\/\/linitiative.ca\/International\/wp-json\/wp\/v2\/media?parent=108030"}],"wp:term":[{"taxonomy":"category","embeddable":true,"href":"https:\/\/linitiative.ca\/International\/wp-json\/wp\/v2\/categories?post=108030"},{"taxonomy":"post_tag","embeddable":true,"href":"https:\/\/linitiative.ca\/International\/wp-json\/wp\/v2\/tags?post=108030"}],"curies":[{"name":"wp","href":"https:\/\/api.w.org\/{rel}","templated":true}]}}