{"id":108034,"date":"2020-12-25T02:35:57","date_gmt":"2020-12-25T07:35:57","guid":{"rendered":"https:\/\/linitiative.ca\/International\/elections-au-niger-la-place-de-lenvironnement-evaluee-dans-les-programmes-politiques\/"},"modified":"2020-12-25T02:35:57","modified_gmt":"2020-12-25T07:35:57","slug":"elections-au-niger-la-place-de-lenvironnement-evaluee-dans-les-programmes-politiques","status":"publish","type":"post","link":"https:\/\/linitiative.ca\/International\/elections-au-niger-la-place-de-lenvironnement-evaluee-dans-les-programmes-politiques\/","title":{"rendered":"Elections au Niger: La place de l\u2019environnement \u00e9valu\u00e9e dans les programmes politiques"},"content":{"rendered":"<div class=\"td-post-featured-image\"><a href=\"https:\/\/www.sidwaya.info\/wp-content\/uploads\/2020\/12\/3-3.jpg\" data-caption=\"\"><img loading=\"lazy\" decoding=\"async\" width=\"696\" height=\"300\" class=\"entry-thumb td-modal-image\" src=\"https:\/\/www.sidwaya.info\/wp-content\/uploads\/2020\/12\/3-3-696x300.jpg\" srcset=\"https:\/\/www.sidwaya.info\/wp-content\/uploads\/2020\/12\/3-3-696x300.jpg 696w, https:\/\/www.sidwaya.info\/wp-content\/uploads\/2020\/12\/3-3-300x129.jpg 300w, https:\/\/www.sidwaya.info\/wp-content\/uploads\/2020\/12\/3-3-768x331.jpg 768w, https:\/\/www.sidwaya.info\/wp-content\/uploads\/2020\/12\/3-3-150x65.jpg 150w, https:\/\/www.sidwaya.info\/wp-content\/uploads\/2020\/12\/3-3.jpg 971w\" sizes=\"auto, (max-width: 696px) 100vw, 696px\" alt=\"\" title=\"3\"\/><\/a><\/div>\n<p><strong>L\u2019Organisation pour l\u2019environnement et le d\u00e9veloppement durable (OEDD), en partenariat avec le Centre d\u2019\u00e9tudes \u00e9conomiques et sociales de l\u2019Afrique de l\u2019Ouest (CESAO) et SCOUTS-Niger, a pr\u00e9sent\u00e9, le jeudi 24 d\u00e9cembre 2020, \u00e0 Niamey, au cours d\u2019une conf\u00e9rence de presse, les r\u00e9sultats d\u2019une \u00e9tude sur la pertinence environnementale des programmes des candidats \u00e0 l\u2019\u00e9lection pr\u00e9sidentielle du 27 novembre 2020.<\/strong><\/p>\n<p>Les questions environnements ne sont pas suffisamment prises en compte dans les projets de soci\u00e9t\u00e9 de certains candidats \u00e0 l\u2019\u00e9lection pr\u00e9sidentielle au Niger. Ainsi en a conclu l\u2019Organisation pour l\u2019environnement et le d\u00e9veloppement durable (OEDD), en partenariat avec le Centre d\u2019\u00e9tudes \u00e9conomiques et sociales de l\u2019Afrique de l\u2019Ouest (CESAO) et SCOUTS-Niger, au terme d\u2019une analyse de la pertinence environnementale des programmes de quatorze pr\u00e9tendants au fauteuil pr\u00e9sidentiel le 27 d\u00e9cembre prochain. Selon l\u2019\u00e9tude, seulement 43% des partis politiques, \u00e0 travers leurs programmes, ont une vision \u00e9cologique passable contre 57% qui ont une politique environnementale insuffisante.<\/p>\n<p>Pour le secr\u00e9taire ex\u00e9cutif de l\u2019OEDD, Mounka\u00efla Goumandakoye, l\u2019\u00e9quipe commise \u00e0 la t\u00e2che n\u2019a pu disposer que de 14 programmes de soci\u00e9t\u00e9 sur un total de 30 candidats. Quant aux crit\u00e8res d\u2019analyse, il a cit\u00e9, notamment, la pertinence des opportunit\u00e9s, des d\u00e9fis et des enjeux environnementaux dans les programmes, le suivi de la performance du programme et les dispositions de la loi fondamentale de la r\u00e9publique du Niger. Pour ce qui est de la m\u00e9thodologie d\u2019analyse, six experts de profil vari\u00e9s ont constitu\u00e9 l\u2019\u00e9quipe et une grille a \u00e9t\u00e9 \u00e9tablie suivant les crit\u00e8res susmentionn\u00e9s. La pr\u00e9sentation des r\u00e9sultats de l\u2019analyse a suscit\u00e9 quelques interrogations auxquelles les conf\u00e9renciers ont apport\u00e9 des \u00e9l\u00e9ments de r\u00e9ponse. A la question de savoir la d\u00e9marche d\u2019approche des candidats, Mounka\u00efla Goumandakoye a expliqu\u00e9 que l\u2019\u00e9quipe de l\u2019OEDD, dans sa proc\u00e9dure de collecte des programmes de soci\u00e9t\u00e9, est all\u00e9e au contact des 30 pr\u00e9tendants \u00e0 la pr\u00e9sidence. Malheureusement, a-t-il regrett\u00e9, certaines tentatives se sont av\u00e9r\u00e9es infructueuses. Par ailleurs, il a assur\u00e9 que l\u2019analyse a \u00e9t\u00e9 men\u00e9e de fa\u00e7on objective et approfondie. Il a pr\u00e9cis\u00e9 qu\u2019une semaine aura suffi \u00e0 l\u2019\u00e9quipe pour effectuer cette analyse.<\/p>\n<p><strong>Une \u00e9tude qui interpelle les leaders politiques<\/strong><\/p>\n<p><img decoding=\"async\" loading=\"lazy\" class=\"alignleft size-full wp-image-30962\" src=\"https:\/\/www.sidwaya.info\/wp-content\/uploads\/2020\/12\/1-45.jpg\" alt=\"\" width=\"800\" height=\"303\" srcset=\"https:\/\/www.sidwaya.info\/wp-content\/uploads\/2020\/12\/1-45.jpg 800w, https:\/\/www.sidwaya.info\/wp-content\/uploads\/2020\/12\/1-45-300x114.jpg 300w, https:\/\/www.sidwaya.info\/wp-content\/uploads\/2020\/12\/1-45-768x291.jpg 768w, https:\/\/www.sidwaya.info\/wp-content\/uploads\/2020\/12\/1-45-150x57.jpg 150w, https:\/\/www.sidwaya.info\/wp-content\/uploads\/2020\/12\/1-45-696x264.jpg 696w\" sizes=\"auto, (max-width: 800px) 100vw, 800px\"\/><\/p>\n<p>A entendre le secr\u00e9taire g\u00e9n\u00e9ral du p\u00f4le r\u00e9gional du CESAO-Niger, Issaka Abdoulaye, une \u00e9tude similaire a \u00e9t\u00e9 r\u00e9alis\u00e9e \u00e0 Ouagadougou au Burkina Faso, \u00e0 la faveur du double scrutin du 22 novembre dernier. Il y ressort que, contrairement aux candidats nig\u00e9riens en lice pour la pr\u00e9sidentielle du 27 d\u00e9cembre, les hommes politiques burkinab\u00e8 ont accord\u00e9 une place de choix \u00e0 l\u2019\u00e9conomie verte dans leurs projets de soci\u00e9t\u00e9.<\/p>\n<p>Au demeurant, l\u2019\u00e9tude a formul\u00e9 quelques recommandations pour une meilleure prise en compte du volet environnemental dans les politiques de d\u00e9veloppement. Il s\u2019agit, entre autres, de la n\u00e9cessit\u00e9 de travailler \u00e0 \u00e9veiller\u00a0 la conscience citoyenne, de prendre en compte ad\u00e9quatement l\u2019environnement dans les programmes pour assurer un d\u00e9veloppement durable. Lequel d\u00e9veloppement durable ne saurait \u00eatre envisag\u00e9 sans la prise en compte concomitante des composantes sociale, \u00e9conomique et environnementale, a soutenu Mounka\u00efla Goumandakoye. L\u2019\u00e9tude a recommand\u00e9, \u00e9galement, un m\u00e9canisme similaire au \u00ab\u00a0<em>Pr\u00e9sim\u00e8tre<\/em>\u00a0\u00bb appliqu\u00e9 au Burkina Faso pour le suivi de la performance des programmes \u00e0 travers des indicateurs d\u2019impact objectifs et v\u00e9rifiables. De l\u2019avis du commissaire r\u00e9gional adjoint des routiers, Issoufou Alfaga, l\u2019\u00e9tude s\u2019inscrit en droite ligne des objectifs \u00ab\u00a0<em>civiques et \u00e9cologiques<\/em>\u00a0\u00bb de leur structure. \u00ab\u00a0<em>Avec ces r\u00e9sultats nous allons plaider aupr\u00e8s des politiques pour des strat\u00e9gies, programmes et actions plus sensibles au probl\u00e8me de l\u2019environnement dans notre pays<\/em>\u00a0\u00bb, a-t-il d\u00e9clar\u00e9. C\u2019est \u00e9galement l\u2019occasion pour Issaka Abdoulaye d\u2019interpeller les d\u00e9cideurs politiques et tous ceux qui aspirent \u00e0 diriger le Niger sur le r\u00f4le et de l\u2019importance d\u2019int\u00e9grer prioritairement les questions environnementales dans leurs programmes de soci\u00e9t\u00e9.<\/p>\n<p><strong>Joanny SOW (depuis Niamey au Niger)<\/strong><\/p>\n<div class=\"td-a-rec td-a-rec-id-content_bottom tdi_33_628 td_block_template_1\"><img loading=\"lazy\" decoding=\"async\" class=\"aligncenter size-full wp-image-27454\" src=\"https:\/\/www.sidwaya.info\/wp-content\/uploads\/2020\/10\/PUB-Bandeau-paiement-mobile-siteweb.jpg\" alt=\"\" width=\"728\" height=\"90\"\/><\/div>\n<p>Auteur: BS. Sidwaya<br \/>\n<a href=\"https:\/\/www.sidwaya.info\/blog\/2020\/12\/25\/elections-au-niger-la-place-de-lenvironnement-evaluee-dans-les-programmes-politiques\/\">Cliquez ici pour lire l&rsquo;article depuis sa source.<\/a><\/p>\n","protected":false},"excerpt":{"rendered":"<p>L\u2019Organisation pour l\u2019environnement et le d\u00e9veloppement durable (OEDD), en partenariat avec le Centre d\u2019\u00e9tudes \u00e9conomiques et sociales de l\u2019Afrique de l\u2019Ouest (CESAO) et SCOUTS-Niger, a pr\u00e9sent\u00e9, le jeudi 24 d\u00e9cembre 2020, \u00e0 Niamey, au cours d\u2019une conf\u00e9rence de presse, les r\u00e9sultats d\u2019une \u00e9tude sur la pertinence environnementale des programmes des candidats \u00e0 l\u2019\u00e9lection pr\u00e9sidentielle du [&hellip;]<\/p>\n","protected":false},"author":1816,"featured_media":0,"comment_status":"closed","ping_status":"closed","sticky":false,"template":"","format":"standard","meta":{"fifu_image_url":"https:\/\/www.sidwaya.info\/wp-content\/uploads\/2020\/12\/3-3-696x300.jpg","fifu_image_alt":"Elections au Niger: La place de l\u2019environnement \u00e9valu\u00e9e dans les programmes politiques","footnotes":""},"categories":[73,81],"tags":[],"class_list":["post-108034","post","type-post","status-publish","format-standard","hentry","category-actualite","category-burkina-faso"],"_links":{"self":[{"href":"https:\/\/linitiative.ca\/International\/wp-json\/wp\/v2\/posts\/108034","targetHints":{"allow":["GET"]}}],"collection":[{"href":"https:\/\/linitiative.ca\/International\/wp-json\/wp\/v2\/posts"}],"about":[{"href":"https:\/\/linitiative.ca\/International\/wp-json\/wp\/v2\/types\/post"}],"author":[{"embeddable":true,"href":"https:\/\/linitiative.ca\/International\/wp-json\/wp\/v2\/users\/1816"}],"replies":[{"embeddable":true,"href":"https:\/\/linitiative.ca\/International\/wp-json\/wp\/v2\/comments?post=108034"}],"version-history":[{"count":0,"href":"https:\/\/linitiative.ca\/International\/wp-json\/wp\/v2\/posts\/108034\/revisions"}],"wp:attachment":[{"href":"https:\/\/linitiative.ca\/International\/wp-json\/wp\/v2\/media?parent=108034"}],"wp:term":[{"taxonomy":"category","embeddable":true,"href":"https:\/\/linitiative.ca\/International\/wp-json\/wp\/v2\/categories?post=108034"},{"taxonomy":"post_tag","embeddable":true,"href":"https:\/\/linitiative.ca\/International\/wp-json\/wp\/v2\/tags?post=108034"}],"curies":[{"name":"wp","href":"https:\/\/api.w.org\/{rel}","templated":true}]}}