{"id":108036,"date":"2020-12-25T09:13:12","date_gmt":"2020-12-25T14:13:12","guid":{"rendered":"https:\/\/linitiative.ca\/International\/mali-en-deuil-le-chef-de-lopposition-soumaila-cisse-est-decede-de-la-covid-19\/"},"modified":"2020-12-25T09:13:12","modified_gmt":"2020-12-25T14:13:12","slug":"mali-en-deuil-le-chef-de-lopposition-soumaila-cisse-est-decede-de-la-covid-19","status":"publish","type":"post","link":"https:\/\/linitiative.ca\/International\/mali-en-deuil-le-chef-de-lopposition-soumaila-cisse-est-decede-de-la-covid-19\/","title":{"rendered":"Mali\u00a0en deuil: le chef de l\u2019opposition Souma\u00efla Ciss\u00e9 est d\u00e9c\u00e9d\u00e9 de la Covid-19"},"content":{"rendered":"<div class=\"td-post-sharing-top td-post-sharing td-ps-bg td-ps-padding td-ps-bar td-post-sharing-style6\">\n<div class=\"td-post-sharing-visible\"><a class=\"td-social-sharing-button td-social-sharing-button-js td-social-network td-social-facebook\" href=\"https:\/\/www.facebook.com\/sharer.php?u=https%3A%2F%2Fwww.sidwaya.info%2Fblog%2F2020%2F12%2F25%2Fmali-en-deuil-le-chef-de-lopposition-soumaila-cisse-est-decede-de-la-covid-19%2F\"\/><\/p>\n<p>Facebook<\/p>\n<p><a class=\"td-social-sharing-button td-social-sharing-button-js td-social-network td-social-twitter\" href=\"https:\/\/twitter.com\/intent\/tweet?text=Mali%C2%A0en+deuil%3A+le+chef+de+l%E2%80%99opposition+Souma%C3%AFla+Ciss%C3%A9+est+d%C3%A9c%C3%A9d%C3%A9+de+la+Covid-19&amp;url=https%3A%2F%2Fwww.sidwaya.info%2Fblog%2F2020%2F12%2F25%2Fmali-en-deuil-le-chef-de-lopposition-soumaila-cisse-est-decede-de-la-covid-19%2F&amp;via=Quotidien+Sidwaya\"\/><\/p>\n<p>Twitter<\/p>\n<p><a class=\"td-social-sharing-button td-social-sharing-button-js td-social-network td-social-pinterest\" href=\"https:\/\/pinterest.com\/pin\/create\/button\/?url=https:\/\/www.sidwaya.info\/blog\/2020\/12\/25\/mali-en-deuil-le-chef-de-lopposition-soumaila-cisse-est-decede-de-la-covid-19\/&amp;media=https:\/\/www.sidwaya.info\/wp-content\/uploads\/2020\/12\/Soumaila-Cisse..jpg&amp;description=Mali%C2%A0en+deuil%3A+le+chef+de+l%E2%80%99opposition+Souma%C3%AFla+Ciss%C3%A9+est+d%C3%A9c%C3%A9d%C3%A9+de+la+Covid-19\"\/><\/p>\n<p>Pinterest<\/p>\n<p><a class=\"td-social-sharing-button td-social-sharing-button-js td-social-network td-social-whatsapp\" href=\"https:\/\/api.whatsapp.com\/send?text=Mali%C2%A0en+deuil%3A+le+chef+de+l%E2%80%99opposition+Souma%C3%AFla+Ciss%C3%A9+est+d%C3%A9c%C3%A9d%C3%A9+de+la+Covid-19%20%0A%0A%20https:\/\/www.sidwaya.info\/blog\/2020\/12\/25\/mali-en-deuil-le-chef-de-lopposition-soumaila-cisse-est-decede-de-la-covid-19\/\"\/><\/p>\n<p>WhatsApp<\/p>\n<p><a class=\"td-social-sharing-button td-social-sharing-button-js td-social-network td-social-linkedin\" href=\"https:\/\/www.linkedin.com\/shareArticle?mini=true&amp;url=https:\/\/www.sidwaya.info\/blog\/2020\/12\/25\/mali-en-deuil-le-chef-de-lopposition-soumaila-cisse-est-decede-de-la-covid-19\/&amp;title=Mali%C2%A0en+deuil%3A+le+chef+de+l%E2%80%99opposition+Souma%C3%AFla+Ciss%C3%A9+est+d%C3%A9c%C3%A9d%C3%A9+de+la+Covid-19\"\/><\/p>\n<p>Linkedin<\/p>\n<p><a class=\"td-social-sharing-button td-social-sharing-button-js td-social-network td-social-mail\" href=\"mailto:?subject=Mali%C2%A0en%20deuil:%20le%20chef%20de%20l%E2%80%99opposition%20Souma%C3%AFla%20Ciss%C3%A9%20est%20d%C3%A9c%C3%A9d%C3%A9%20de%20la%20Covid-19&amp;body=https:\/\/www.sidwaya.info\/blog\/2020\/12\/25\/mali-en-deuil-le-chef-de-lopposition-soumaila-cisse-est-decede-de-la-covid-19\/\"\/><\/p>\n<p>Email<\/p>\n<p><a class=\"td-social-sharing-button td-social-sharing-button-js td-social-network td-social-print\" href=\"#\"\/><\/p>\n<p>Print<\/p>\n<p><a class=\"td-social-sharing-button td-social-sharing-button-js td-social-network td-social-tumblr\" href=\"https:\/\/www.tumblr.com\/share\/link?url=https:\/\/www.sidwaya.info\/blog\/2020\/12\/25\/mali-en-deuil-le-chef-de-lopposition-soumaila-cisse-est-decede-de-la-covid-19\/&amp;name=Mali%C2%A0en%20deuil:%20le%20chef%20de%20l%E2%80%99opposition%20Souma%C3%AFla%20Ciss%C3%A9%20est%20d%C3%A9c%C3%A9d%C3%A9%20de%20la%20Covid-19\"\/><\/p>\n<p>Tumblr<\/p>\n<p><a class=\"td-social-sharing-button td-social-sharing-button-js td-social-network td-social-telegram\" href=\"https:\/\/telegram.me\/share\/url?url=https:\/\/www.sidwaya.info\/blog\/2020\/12\/25\/mali-en-deuil-le-chef-de-lopposition-soumaila-cisse-est-decede-de-la-covid-19\/&amp;text=Mali%C2%A0en+deuil%3A+le+chef+de+l%E2%80%99opposition+Souma%C3%AFla+Ciss%C3%A9+est+d%C3%A9c%C3%A9d%C3%A9+de+la+Covid-19\"\/><\/p>\n<p>Telegram<\/p>\n<p><a class=\"td-social-sharing-button td-social-sharing-button-js td-social-network td-social-viber\" href=\"viber:\/\/forward?text=Mali%C2%A0en+deuil%3A+le+chef+de+l%E2%80%99opposition+Souma%C3%AFla+Ciss%C3%A9+est+d%C3%A9c%C3%A9d%C3%A9+de+la+Covid-19%20https:\/\/www.sidwaya.info\/blog\/2020\/12\/25\/mali-en-deuil-le-chef-de-lopposition-soumaila-cisse-est-decede-de-la-covid-19\/\"\/><\/p>\n<p>Viber<\/p>\n<p><a class=\"td-social-sharing-button td-social-sharing-button-js td-social-network td-social-naver\" href=\"https:\/\/share.naver.com\/web\/shareView.nhn?url=https:\/\/www.sidwaya.info\/blog\/2020\/12\/25\/mali-en-deuil-le-chef-de-lopposition-soumaila-cisse-est-decede-de-la-covid-19\/&amp;title=Mali%C2%A0en+deuil%3A+le+chef+de+l%E2%80%99opposition+Souma%C3%AFla+Ciss%C3%A9+est+d%C3%A9c%C3%A9d%C3%A9+de+la+Covid-19\"\/><\/p>\n<p>Naver<\/p>\n<\/div>\n<\/div>\n<div class=\"td-post-content tagdiv-type\" readability=\"33\">\n<div class=\"td-post-featured-image\"><a href=\"https:\/\/www.sidwaya.info\/wp-content\/uploads\/2020\/12\/Soumaila-Cisse..jpg\" data-caption=\"\"><img loading=\"lazy\" decoding=\"async\" width=\"400\" height=\"300\" class=\"entry-thumb td-modal-image\" src=\"https:\/\/www.sidwaya.info\/wp-content\/uploads\/2020\/12\/Soumaila-Cisse..jpg\" srcset=\"https:\/\/www.sidwaya.info\/wp-content\/uploads\/2020\/12\/Soumaila-Cisse..jpg 400w, https:\/\/www.sidwaya.info\/wp-content\/uploads\/2020\/12\/Soumaila-Cisse.-300x225.jpg 300w, https:\/\/www.sidwaya.info\/wp-content\/uploads\/2020\/12\/Soumaila-Cisse.-150x113.jpg 150w, https:\/\/www.sidwaya.info\/wp-content\/uploads\/2020\/12\/Soumaila-Cisse.-80x60.jpg 80w, https:\/\/www.sidwaya.info\/wp-content\/uploads\/2020\/12\/Soumaila-Cisse.-265x198.jpg 265w\" sizes=\"auto, (max-width: 400px) 100vw, 400px\" alt=\"\" title=\"Soumaila-Cisse.\"\/><\/a><\/div>\n<p>Le chef de l\u2019opposition malienne est d\u00e9c\u00e9d\u00e9 ce 25 d\u00e9cembre 2020 \u00e0 Paris du Covid o\u00f9 il a\u00a0 \u00e9t\u00e9 \u00e9vacu\u00e9 pour des soins<strong>.<\/strong> <strong>L\u2019information a \u00e9t\u00e9 donn\u00e9e par RFI.<\/strong><\/p>\n<div class=\"td-a-rec td-a-rec-id-content_bottom tdi_33_655 td_block_template_1\"><img loading=\"lazy\" decoding=\"async\" class=\"aligncenter size-full wp-image-27454\" src=\"https:\/\/www.sidwaya.info\/wp-content\/uploads\/2020\/10\/PUB-Bandeau-paiement-mobile-siteweb.jpg\" alt=\"\" width=\"728\" height=\"90\"\/><\/div>\n<\/div>\n<footer>\n<div class=\"td-post-sharing-bottom\">\n<p><iframe frameborder=\"0\" src=\"https:\/\/www.facebook.com\/plugins\/like.php?href=https:\/\/www.sidwaya.info\/blog\/2020\/12\/25\/mali-en-deuil-le-chef-de-lopposition-soumaila-cisse-est-decede-de-la-covid-19\/&amp;layout=button_count&amp;show_faces=false&amp;width=105&amp;action=like&amp;colorscheme=light&amp;height=21\" class=\"c1\">[embedded content]<\/iframe><\/p>\n<div id=\"td_social_sharing_article_bottom\" class=\"td-post-sharing td-ps-bg td-ps-padding td-post-sharing-style7\">\n<div class=\"td-post-sharing-visible\"><a class=\"td-social-sharing-button td-social-sharing-button-js td-social-network td-social-facebook\" href=\"https:\/\/www.facebook.com\/sharer.php?u=https%3A%2F%2Fwww.sidwaya.info%2Fblog%2F2020%2F12%2F25%2Fmali-en-deuil-le-chef-de-lopposition-soumaila-cisse-est-decede-de-la-covid-19%2F\"\/><\/p>\n<p>Facebook<\/p>\n<p><a class=\"td-social-sharing-button td-social-sharing-button-js td-social-network td-social-twitter\" href=\"https:\/\/twitter.com\/intent\/tweet?text=Mali%C2%A0en+deuil%3A+le+chef+de+l%E2%80%99opposition+Souma%C3%AFla+Ciss%C3%A9+est+d%C3%A9c%C3%A9d%C3%A9+de+la+Covid-19&amp;url=https%3A%2F%2Fwww.sidwaya.info%2Fblog%2F2020%2F12%2F25%2Fmali-en-deuil-le-chef-de-lopposition-soumaila-cisse-est-decede-de-la-covid-19%2F&amp;via=Quotidien+Sidwaya\"\/><\/p>\n<p>Twitter<\/p>\n<p><a class=\"td-social-sharing-button td-social-sharing-button-js td-social-network td-social-pinterest\" href=\"https:\/\/pinterest.com\/pin\/create\/button\/?url=https:\/\/www.sidwaya.info\/blog\/2020\/12\/25\/mali-en-deuil-le-chef-de-lopposition-soumaila-cisse-est-decede-de-la-covid-19\/&amp;media=https:\/\/www.sidwaya.info\/wp-content\/uploads\/2020\/12\/Soumaila-Cisse..jpg&amp;description=Mali%C2%A0en+deuil%3A+le+chef+de+l%E2%80%99opposition+Souma%C3%AFla+Ciss%C3%A9+est+d%C3%A9c%C3%A9d%C3%A9+de+la+Covid-19\"\/><\/p>\n<p>Pinterest<\/p>\n<p><a class=\"td-social-sharing-button td-social-sharing-button-js td-social-network td-social-whatsapp\" href=\"https:\/\/api.whatsapp.com\/send?text=Mali%C2%A0en+deuil%3A+le+chef+de+l%E2%80%99opposition+Souma%C3%AFla+Ciss%C3%A9+est+d%C3%A9c%C3%A9d%C3%A9+de+la+Covid-19%20%0A%0A%20https:\/\/www.sidwaya.info\/blog\/2020\/12\/25\/mali-en-deuil-le-chef-de-lopposition-soumaila-cisse-est-decede-de-la-covid-19\/\"\/><\/p>\n<p>WhatsApp<\/p>\n<p><a class=\"td-social-sharing-button td-social-sharing-button-js td-social-network td-social-linkedin\" href=\"https:\/\/www.linkedin.com\/shareArticle?mini=true&amp;url=https:\/\/www.sidwaya.info\/blog\/2020\/12\/25\/mali-en-deuil-le-chef-de-lopposition-soumaila-cisse-est-decede-de-la-covid-19\/&amp;title=Mali%C2%A0en+deuil%3A+le+chef+de+l%E2%80%99opposition+Souma%C3%AFla+Ciss%C3%A9+est+d%C3%A9c%C3%A9d%C3%A9+de+la+Covid-19\"\/><\/p>\n<p>Linkedin<\/p>\n<p><a class=\"td-social-sharing-button td-social-sharing-button-js td-social-network td-social-mail\" href=\"mailto:?subject=Mali%C2%A0en%20deuil:%20le%20chef%20de%20l%E2%80%99opposition%20Souma%C3%AFla%20Ciss%C3%A9%20est%20d%C3%A9c%C3%A9d%C3%A9%20de%20la%20Covid-19&amp;body=https:\/\/www.sidwaya.info\/blog\/2020\/12\/25\/mali-en-deuil-le-chef-de-lopposition-soumaila-cisse-est-decede-de-la-covid-19\/\"\/><\/p>\n<p>Email<\/p>\n<p><a class=\"td-social-sharing-button td-social-sharing-button-js td-social-network td-social-print\" href=\"#\"\/><\/p>\n<p>Print<\/p>\n<p><a class=\"td-social-sharing-button td-social-sharing-button-js td-social-network td-social-tumblr\" href=\"https:\/\/www.tumblr.com\/share\/link?url=https:\/\/www.sidwaya.info\/blog\/2020\/12\/25\/mali-en-deuil-le-chef-de-lopposition-soumaila-cisse-est-decede-de-la-covid-19\/&amp;name=Mali%C2%A0en%20deuil:%20le%20chef%20de%20l%E2%80%99opposition%20Souma%C3%AFla%20Ciss%C3%A9%20est%20d%C3%A9c%C3%A9d%C3%A9%20de%20la%20Covid-19\"\/><\/p>\n<p>Tumblr<\/p>\n<p><a class=\"td-social-sharing-button td-social-sharing-button-js td-social-network td-social-telegram\" href=\"https:\/\/telegram.me\/share\/url?url=https:\/\/www.sidwaya.info\/blog\/2020\/12\/25\/mali-en-deuil-le-chef-de-lopposition-soumaila-cisse-est-decede-de-la-covid-19\/&amp;text=Mali%C2%A0en+deuil%3A+le+chef+de+l%E2%80%99opposition+Souma%C3%AFla+Ciss%C3%A9+est+d%C3%A9c%C3%A9d%C3%A9+de+la+Covid-19\"\/><\/p>\n<p>Telegram<\/p>\n<p><a class=\"td-social-sharing-button td-social-sharing-button-js td-social-network td-social-viber\" href=\"viber:\/\/forward?text=Mali%C2%A0en+deuil%3A+le+chef+de+l%E2%80%99opposition+Souma%C3%AFla+Ciss%C3%A9+est+d%C3%A9c%C3%A9d%C3%A9+de+la+Covid-19%20https:\/\/www.sidwaya.info\/blog\/2020\/12\/25\/mali-en-deuil-le-chef-de-lopposition-soumaila-cisse-est-decede-de-la-covid-19\/\"\/><\/p>\n<p>Viber<\/p>\n<p><a class=\"td-social-sharing-button td-social-sharing-button-js td-social-network td-social-naver\" href=\"https:\/\/share.naver.com\/web\/shareView.nhn?url=https:\/\/www.sidwaya.info\/blog\/2020\/12\/25\/mali-en-deuil-le-chef-de-lopposition-soumaila-cisse-est-decede-de-la-covid-19\/&amp;title=Mali%C2%A0en+deuil%3A+le+chef+de+l%E2%80%99opposition+Souma%C3%AFla+Ciss%C3%A9+est+d%C3%A9c%C3%A9d%C3%A9+de+la+Covid-19\"\/><\/p>\n<p>Naver<\/p>\n<\/div>\n<\/div>\n<\/div>\n<div class=\"td-block-row td-post-next-prev\">\n<div class=\"td-block-span6 td-post-prev-post td-post-next-prev-content\"><span>Article pr\u00e9c\u00e9dent<\/span><a href=\"https:\/\/www.sidwaya.info\/blog\/2020\/12\/25\/elections-au-niger-la-covid-19-bouleverse-les-derniers-jours-de-campagne\/\">Elections au Niger: La Covid-19 bouleverse les derniers jours de campagne<\/a><\/div>\n<\/div>\n<\/footer>\n<p>Auteur: BS. Sidwaya<br \/>\n<a href=\"https:\/\/www.sidwaya.info\/blog\/2020\/12\/25\/mali-en-deuil-le-chef-de-lopposition-soumaila-cisse-est-decede-de-la-covid-19\/\">Cliquez ici pour lire l&rsquo;article depuis sa source.<\/a><\/p>\n","protected":false},"excerpt":{"rendered":"<p>Facebook Twitter Pinterest WhatsApp Linkedin Email Print Tumblr Telegram Viber Naver Le chef de l\u2019opposition malienne est d\u00e9c\u00e9d\u00e9 ce 25 d\u00e9cembre 2020 \u00e0 Paris du Covid o\u00f9 il a\u00a0 \u00e9t\u00e9 \u00e9vacu\u00e9 pour des soins. L\u2019information a \u00e9t\u00e9 donn\u00e9e par RFI. [embedded content] Facebook Twitter Pinterest WhatsApp Linkedin Email Print Tumblr Telegram Viber Naver Article pr\u00e9c\u00e9dentElections [&hellip;]<\/p>\n","protected":false},"author":1816,"featured_media":0,"comment_status":"closed","ping_status":"closed","sticky":false,"template":"","format":"standard","meta":{"fifu_image_url":"https:\/\/www.sidwaya.info\/wp-content\/uploads\/2020\/12\/Soumaila-Cisse..jpg","fifu_image_alt":"Mali\u00a0en deuil: le chef de l\u2019opposition Souma\u00efla Ciss\u00e9 est d\u00e9c\u00e9d\u00e9 de la Covid-19","footnotes":""},"categories":[73,81],"tags":[],"class_list":["post-108036","post","type-post","status-publish","format-standard","hentry","category-actualite","category-burkina-faso"],"_links":{"self":[{"href":"https:\/\/linitiative.ca\/International\/wp-json\/wp\/v2\/posts\/108036","targetHints":{"allow":["GET"]}}],"collection":[{"href":"https:\/\/linitiative.ca\/International\/wp-json\/wp\/v2\/posts"}],"about":[{"href":"https:\/\/linitiative.ca\/International\/wp-json\/wp\/v2\/types\/post"}],"author":[{"embeddable":true,"href":"https:\/\/linitiative.ca\/International\/wp-json\/wp\/v2\/users\/1816"}],"replies":[{"embeddable":true,"href":"https:\/\/linitiative.ca\/International\/wp-json\/wp\/v2\/comments?post=108036"}],"version-history":[{"count":0,"href":"https:\/\/linitiative.ca\/International\/wp-json\/wp\/v2\/posts\/108036\/revisions"}],"wp:attachment":[{"href":"https:\/\/linitiative.ca\/International\/wp-json\/wp\/v2\/media?parent=108036"}],"wp:term":[{"taxonomy":"category","embeddable":true,"href":"https:\/\/linitiative.ca\/International\/wp-json\/wp\/v2\/categories?post=108036"},{"taxonomy":"post_tag","embeddable":true,"href":"https:\/\/linitiative.ca\/International\/wp-json\/wp\/v2\/tags?post=108036"}],"curies":[{"name":"wp","href":"https:\/\/api.w.org\/{rel}","templated":true}]}}