{"id":108040,"date":"2020-12-25T09:18:02","date_gmt":"2020-12-25T14:18:02","guid":{"rendered":"https:\/\/linitiative.ca\/International\/bah-ndaw-soumaila-cisse-sen-va-a-un-tournant-critique\/"},"modified":"2020-12-25T09:18:02","modified_gmt":"2020-12-25T14:18:02","slug":"bah-ndaw-soumaila-cisse-sen-va-a-un-tournant-critique","status":"publish","type":"post","link":"https:\/\/linitiative.ca\/International\/bah-ndaw-soumaila-cisse-sen-va-a-un-tournant-critique\/","title":{"rendered":"Bah N\u2019daw: \u00ab Souma\u00efla Ciss\u00e9 s\u2019en va \u00e0 un tournant critique \u00bb"},"content":{"rendered":"<div readability=\"32\">\n<p>Publi\u00e9 le 25.12.2020 \u00e0 15h18 par APA News<\/p>\n<\/div>\n<div readability=\"54\">\n<p>Le pr\u00e9sident de la Transition malienne Bah N\u2019daw, s\u2019est dit sous le \u00ab choc \u00bb apr\u00e8s l\u2019annonce de la disparition de Souma\u00efla Ciss\u00e9, d\u00e9c\u00e9d\u00e9 ce vendredi \u00e0 la Covid-19 \u00e0 Paris.La pr\u00e9sidence malienne a rendu hommage \u00e0 l\u2019opposant malien Souma\u00efla Ciss\u00e9. Le pr\u00e9sident de la Transition \u00e9voque une grosse perte \u00e0 l\u2019heure o\u00f9 le Mali fait face \u00e0 plusieurs d\u00e9fis.\u00a0\u00a0\u00ab\u00a0Soumaila Ciss\u00e9 s\u2019en va \u00e0 un tournant critique de notre \u00e9volution en tant que nation. Nul doute qu\u2019en ce moment, le pays avait encore particuli\u00e8rement besoin de son exp\u00e9rience et de sa sagesse pour relever les d\u00e9fis de l\u2019heure\u00a0\u00bb regrette-t-il.<\/p>\n<p>Bah N\u2019daw se souvient \u00a0\u00ab d\u2019un homme plus d\u00e9termin\u00e9 et plus engag\u00e9 apr\u00e8s sa lib\u00e9ration \u00bb au cours de l\u2019audience d\u2019octobre dernier avec Soumaila Ciss\u00e9 dans la foul\u00e9e de sa lib\u00e9ration. \u00ab Il m\u2019avait laiss\u00e9 l\u2019impression d\u2019un homme encore plus d\u00e9termin\u00e9 et engag\u00e9 pour son pays. Son optimisme \u00e9tait demeur\u00e9 intact et sa dure d\u00e9tention de plusieurs mois l\u2019avait comme davantage aguerri \u00bb se rappelle-t-il.<\/p>\n<p>En cette douloureuse circonstance, le pr\u00e9sident de la Transition malienne adresse \u00e0 son nom et au nom du peuple malien, \u00ab ses condol\u00e9ances les plus \u00e9mues \u00e0 la veuve du d\u00e9funt, ses enfants, ses proches, ses collaborateurs, ainsi qu\u2019\u00e0 ses nombreux sympathisants au Mali comme \u00e0 l\u2019ext\u00e9rieur \u00bb conclut-il.<\/p>\n<\/div>\n<p>Auteur: APA News<br \/>\n<a href=\"https:\/\/www.journalducameroun.com\/bah-ndaw-soumaila-cisse-sen-va-a-un-tournant-critique\/\">Cliquez ici pour lire l&rsquo;article depuis sa source.<\/a><\/p>\n","protected":false},"excerpt":{"rendered":"<p>Publi\u00e9 le 25.12.2020 \u00e0 15h18 par APA News Le pr\u00e9sident de la Transition malienne Bah N\u2019daw, s\u2019est dit sous le \u00ab choc \u00bb apr\u00e8s l\u2019annonce de la disparition de Souma\u00efla Ciss\u00e9, d\u00e9c\u00e9d\u00e9 ce vendredi \u00e0 la Covid-19 \u00e0 Paris.La pr\u00e9sidence malienne a rendu hommage \u00e0 l\u2019opposant malien Souma\u00efla Ciss\u00e9. Le pr\u00e9sident de la Transition \u00e9voque [&hellip;]<\/p>\n","protected":false},"author":1965,"featured_media":0,"comment_status":"closed","ping_status":"closed","sticky":false,"template":"","format":"standard","meta":{"fifu_image_url":"","fifu_image_alt":"","footnotes":""},"categories":[73,82],"tags":[],"class_list":["post-108040","post","type-post","status-publish","format-standard","hentry","category-actualite","category-cameroun"],"_links":{"self":[{"href":"https:\/\/linitiative.ca\/International\/wp-json\/wp\/v2\/posts\/108040","targetHints":{"allow":["GET"]}}],"collection":[{"href":"https:\/\/linitiative.ca\/International\/wp-json\/wp\/v2\/posts"}],"about":[{"href":"https:\/\/linitiative.ca\/International\/wp-json\/wp\/v2\/types\/post"}],"author":[{"embeddable":true,"href":"https:\/\/linitiative.ca\/International\/wp-json\/wp\/v2\/users\/1965"}],"replies":[{"embeddable":true,"href":"https:\/\/linitiative.ca\/International\/wp-json\/wp\/v2\/comments?post=108040"}],"version-history":[{"count":0,"href":"https:\/\/linitiative.ca\/International\/wp-json\/wp\/v2\/posts\/108040\/revisions"}],"wp:attachment":[{"href":"https:\/\/linitiative.ca\/International\/wp-json\/wp\/v2\/media?parent=108040"}],"wp:term":[{"taxonomy":"category","embeddable":true,"href":"https:\/\/linitiative.ca\/International\/wp-json\/wp\/v2\/categories?post=108040"},{"taxonomy":"post_tag","embeddable":true,"href":"https:\/\/linitiative.ca\/International\/wp-json\/wp\/v2\/tags?post=108040"}],"curies":[{"name":"wp","href":"https:\/\/api.w.org\/{rel}","templated":true}]}}