{"id":108043,"date":"2020-12-25T16:10:29","date_gmt":"2020-12-25T21:10:29","guid":{"rendered":"https:\/\/linitiative.ca\/International\/quimporte-si-les-betes-meurent-de-sophia-alaoui-premier-court-metrage-marocain-selectionne-aux-oscars-2021\/"},"modified":"2020-12-25T16:10:29","modified_gmt":"2020-12-25T21:10:29","slug":"quimporte-si-les-betes-meurent-de-sophia-alaoui-premier-court-metrage-marocain-selectionne-aux-oscars-2021","status":"publish","type":"post","link":"https:\/\/linitiative.ca\/International\/quimporte-si-les-betes-meurent-de-sophia-alaoui-premier-court-metrage-marocain-selectionne-aux-oscars-2021\/","title":{"rendered":"\u00abQu\u2019importe si les b\u00eates meurent\u00bb de Sophia Alaoui, premier court m\u00e9trage marocain s\u00e9lectionn\u00e9 aux Oscars 2021"},"content":{"rendered":"<p><img decoding=\"async\" class=\"post_layout_5_img\" src=\"http:\/\/aujourdhui.ma\/wp-content\/uploads\/2020\/12\/qu-importe-si-les-betes-meurent.jpg\" alt=\"&#xAB;Qu&#x2019;importe si les b&#xEA;tes meurent&#xBB; de Sophia Alaoui, premier court m&#xE9;trage marocain s&#xE9;lectionn&#xE9; aux Oscars 2021\"\/><\/p>\n<p><span class=\"c5\"><strong>Il est \u00e9galement nomin\u00e9 aux C\u00e9sars 2021<\/strong><\/span><span id=\"more-364004\"\/><\/p>\n<p>Apr\u00e8s le grand prix du jury au festival de Sundance 2020, et la nomination dans la cat\u00e9gorie du meilleur court m\u00e9trage aux C\u00e9sars 2021, le court m\u00e9trage \u00abQu\u2019importe si les b\u00eates meurent\u00bb de son r\u00e9alisatrice Sophia Alaoui vient d\u2019\u00eatre s\u00e9lectionn\u00e9 par l\u2019Acad\u00e9mie des Oscars afin de concourir \u00e0 l\u2019Oscar du meilleur court m\u00e9trage 2021, annonce le Centre cin\u00e9matographique marocain (CCM). Il faut noter qu\u2019il s\u2019agit du seul film marocain ayant particip\u00e9 \u00e0 la comp\u00e9tition internationale du festival de Sundance (janvier-f\u00e9vrier 2020).<\/p>\n<p>Il a remport\u00e9 d\u2019ailleurs le grand prix du jury de ce prestigieux festival consid\u00e9r\u00e9 comme \u00e9tant l\u2019un des plus importants \u00e9v\u00e9nements du cin\u00e9ma ind\u00e9pendant au monde. Apr\u00e8s Sundance, le film a particip\u00e9 \u00e0 la comp\u00e9tition officielle du Festival international du film de court m\u00e9trage de Clermont-Ferrand en f\u00e9vrier 2020, le plus grand rendez-vous du film de court m\u00e9trage, avant de participer au Festival national du film \u00e0 Tanger (f\u00e9vrier-mars 2020), puis au Festival international du court m\u00e9trage de Sao Paolo (ao\u00fbt 2020), et au Festival international du film francophone de Namur (octobre 2020). \u00abQu\u2019importe si les b\u00eates meurent\u00bb poursuit donc sa belle carri\u00e8re avec sa nomination par l\u2019Acad\u00e9mie des Oscars dans la cat\u00e9gorie du meilleur court m\u00e9trage (avril 2021).<\/p>\n<p><a href=\"https:http:\/\/aujourdhui.ma\/wp-content\/uploads\/2020\/12\/sofi-alaoui.jpg\"><img decoding=\"async\" loading=\"lazy\" class=\"alignnone wp-image-364007\" src=\"http:\/\/aujourdhui.ma\/wp-content\/uploads\/2020\/12\/sofi-alaoui.jpg\" alt=\"\" width=\"747\" height=\"448\" srcset=\"http:\/\/aujourdhui.ma\/wp-content\/uploads\/2020\/12\/sofi-alaoui.jpg 780w, \/\/aujourdhui.ma\/wp-content\/uploads\/2020\/12\/sofi-alaoui-300x180.jpg 300w, \/\/aujourdhui.ma\/wp-content\/uploads\/2020\/12\/sofi-alaoui-768x461.jpg 768w\" sizes=\"auto, (max-width: 747px) 100vw, 747px\"\/><\/a><\/p>\n<p>Produit par la soci\u00e9t\u00e9 Jiango films, avec le soutien du Centre cin\u00e9matographique marocain, ce film raconte en langue amazighe l\u2019histoire d\u2019Abdellah, un jeune berger et son p\u00e8re, qui assistent \u00e0 la mort de leurs b\u00eates dans les hautes montagnes de l\u2019Atlas. Abdellah doit donc aller se ravitailler dans un village environnant, avant de s\u2019apercevoir que ce dernier a \u00e9t\u00e9 d\u00e9sert\u00e9 \u00e0 cause d\u2019un myst\u00e9rieux \u00e9v\u00e9nement.<\/p>\n<div class=\"base-box mom_box_sc_custom mom_box_sc clear c7\" readability=\"19\">\n<p><span class=\"c6\"><strong>A propos de Sophia Alaoui<\/strong><\/span><\/p>\n<p>N\u00e9e \u00e0 Casablanca, la jeune Sofia Alaoui a grandi entre le Maroc et la Chine. Elle s\u2019installe ensuite \u00e0 Paris pour faire des \u00e9tudes de cin\u00e9ma puis r\u00e9alise des vid\u00e9os, des courts m\u00e9trages auto-produits, avant de tourner son premier court m\u00e9trage de fiction, \u00abKenza des Choux\u00bb qui a \u00e9t\u00e9 pr\u00e9sent\u00e9 dans une quinzaine de festivals. En 2015, elle r\u00e9alise un premier court m\u00e9trage documentaire, \u00abLes enfants de Naplouse\u00bb, puis un second court m\u00e9trage documentaire intitul\u00e9 \u00abLes vagues ou rien\u00bb.<\/p>\n<\/div>\n<p>Auteur: ALM<br \/>\n<a href=\"https:\/\/aujourdhui.ma\/culture\/quimporte-si-les-betes-meurent-de-sophia-alaoui-premier-court-metrage-marocain-selectionne-aux-oscars-2021\">Cliquez ici pour lire l&rsquo;article depuis sa source.<\/a><\/p>\n","protected":false},"excerpt":{"rendered":"<p>Il est \u00e9galement nomin\u00e9 aux C\u00e9sars 2021 Apr\u00e8s le grand prix du jury au festival de Sundance 2020, et la nomination dans la cat\u00e9gorie du meilleur court m\u00e9trage aux C\u00e9sars 2021, le court m\u00e9trage \u00abQu\u2019importe si les b\u00eates meurent\u00bb de son r\u00e9alisatrice Sophia Alaoui vient d\u2019\u00eatre s\u00e9lectionn\u00e9 par l\u2019Acad\u00e9mie des Oscars afin de concourir \u00e0 [&hellip;]<\/p>\n","protected":false},"author":1759,"featured_media":0,"comment_status":"closed","ping_status":"closed","sticky":false,"template":"","format":"standard","meta":{"fifu_image_url":"http:\/\/aujourdhui.ma\/wp-content\/uploads\/2020\/12\/qu-importe-si-les-betes-meurent.jpg","fifu_image_alt":"\u00abQu\u2019importe si les b\u00eates meurent\u00bb de Sophia Alaoui, premier court m\u00e9trage marocain s\u00e9lectionn\u00e9 aux Oscars 2021","footnotes":""},"categories":[73,54],"tags":[],"class_list":["post-108043","post","type-post","status-publish","format-standard","hentry","category-actualite","category-maroc"],"_links":{"self":[{"href":"https:\/\/linitiative.ca\/International\/wp-json\/wp\/v2\/posts\/108043","targetHints":{"allow":["GET"]}}],"collection":[{"href":"https:\/\/linitiative.ca\/International\/wp-json\/wp\/v2\/posts"}],"about":[{"href":"https:\/\/linitiative.ca\/International\/wp-json\/wp\/v2\/types\/post"}],"author":[{"embeddable":true,"href":"https:\/\/linitiative.ca\/International\/wp-json\/wp\/v2\/users\/1759"}],"replies":[{"embeddable":true,"href":"https:\/\/linitiative.ca\/International\/wp-json\/wp\/v2\/comments?post=108043"}],"version-history":[{"count":0,"href":"https:\/\/linitiative.ca\/International\/wp-json\/wp\/v2\/posts\/108043\/revisions"}],"wp:attachment":[{"href":"https:\/\/linitiative.ca\/International\/wp-json\/wp\/v2\/media?parent=108043"}],"wp:term":[{"taxonomy":"category","embeddable":true,"href":"https:\/\/linitiative.ca\/International\/wp-json\/wp\/v2\/categories?post=108043"},{"taxonomy":"post_tag","embeddable":true,"href":"https:\/\/linitiative.ca\/International\/wp-json\/wp\/v2\/tags?post=108043"}],"curies":[{"name":"wp","href":"https:\/\/api.w.org\/{rel}","templated":true}]}}