{"id":108053,"date":"2020-12-26T07:18:59","date_gmt":"2020-12-26T12:18:59","guid":{"rendered":"https:\/\/linitiative.ca\/International\/des-eleves-de-lecole-de-la-2eme-chance-en-visite-a-bayt-dakira\/"},"modified":"2020-12-26T07:18:59","modified_gmt":"2020-12-26T12:18:59","slug":"des-eleves-de-lecole-de-la-2eme-chance-en-visite-a-bayt-dakira","status":"publish","type":"post","link":"https:\/\/linitiative.ca\/International\/des-eleves-de-lecole-de-la-2eme-chance-en-visite-a-bayt-dakira\/","title":{"rendered":"Des \u00e9l\u00e8ves de l\u2019Ecole de la 2\u00e8me Chance en visite \u00e0 \u00ab\u00a0Bayt Dakira\u00a0\u00bb"},"content":{"rendered":"<div readability=\"36\">\n<p>Essaouira \u2013 Un groupe compos\u00e9 d\u2019une vingtaine d\u2019\u00e9l\u00e8ves de l\u2019\u00e9cole de la 2\u00e8me Chance nouvelle g\u00e9n\u00e9ration Youssef Ennaciri \u00e0 Essaouira a effectu\u00e9, vendredi, une visite \u00e0 l\u2019Espace \u00ab\u00a0Bayt Dakira\u00a0\u00bb (Maison de la M\u00e9moire).<\/p>\n<\/div>\n<div readability=\"126\">\n<p>Organis\u00e9e \u00e0 l\u2019initiative de l\u2019Association d\u2019appui au complexe social \u00ab\u00a0Ibtissama\u00a0\u00bb dans la Cit\u00e9 des Aliz\u00e9s, cette visite a permis \u00e0 ces jeunes apprenantes et apprenants de d\u00e9couvrir cet Espace spirituel et patrimonial de pr\u00e9servation et de valorisation de la m\u00e9moire jud\u00e9o-marocaine, unique en son genre au sud de la M\u00e9diterran\u00e9e et en terre d\u2019Islam, qui raconte, pr\u00e9sente et t\u00e9moigne de cette histoire si singuli\u00e8re et exemplaire du Juda\u00efsme marocain \u00e0 Essaouira.<\/p>\n<p>Au cours de cette visite, qui s\u2019est d\u00e9roul\u00e9e dans le strict respect des mesures pr\u00e9ventives et du protocole sanitaire en vigueur pour endiguer la propagation de la pand\u00e9mie de la Covid-19, des explications exhaustives ont \u00e9t\u00e9 fournies \u00e0 ces \u00e9l\u00e8ves sur ce Complexe unique au monde, qui abrite la Synagogue Slat Attia, un espace histoire et m\u00e9moire et trois entit\u00e9s de recherches: le Centre d\u2019\u00e9tudes et de recherches sur le droit h\u00e9bra\u00efque au Maroc, le Centre de recherche sur l\u2019histoire des relations entre l\u2019Islam et le Juda\u00efsme et l\u2019Institut INSANIA pour les humanit\u00e9s avanc\u00e9es en Afrique et en M\u00e9diterran\u00e9e.<\/p>\n<p>Dans une d\u00e9claration \u00e0 la MAP \u00e0 cette occasion, la vice-pr\u00e9sidente de l\u2019Association d\u2019appui au complexe social \u00ab\u00a0Ibtissama\u00a0\u00bb d\u2019Essaouira, Mme Touriya El Gana, a indiqu\u00e9 que cette visite s\u2019inscrit dans le cadre de la mise en \u0153uvre de la convention de partenariat et de coop\u00e9ration sign\u00e9e, en novembre dernier \u00e0 Bayt Dakira, entre le minist\u00e8re de l\u2019Education Nationale, de la Formation professionnelle, de l\u2019Enseignement sup\u00e9rieur et de la Recherche scientifique, l\u2019Association Essaouira-Mogador et le Centre d\u2019\u00e9tudes et de recherches sur le droit h\u00e9bra\u00efque au Maroc, portant sur la promotion des valeurs de tol\u00e9rance, de diversit\u00e9 et de coexistence au sein des \u00e9tablissements scolaires et universitaires du Royaume.<\/p>\n<p>Elle a ajout\u00e9 que d\u2019autres visites semblables sont programm\u00e9es par l\u2019Association tout au long de l\u2019ann\u00e9e prochaine \u00e0 d\u2019autres espaces de cultes en vue de favoriser la promotion et le renforcement de ces nobles valeurs universelles de paix, de tol\u00e9rance et de vivre-ensemble.<\/p>\n<p>Pour sa part, la Directrice de \u00ab\u00a0Bayt Dakira\u00a0\u00bb, Mme Ghita Rabouli, a soulign\u00e9, dans une d\u00e9claration similaire, que la visite effectu\u00e9e par ce groupe d\u2019\u00e9l\u00e8ves \u00e0 cet Espace embl\u00e9matique se veut une opportunit\u00e9 idoine pour leur pr\u00e9senter cette histoire s\u00e9culaire et cette riche m\u00e9moire commune jud\u00e9o-marocaine.<\/p>\n<p>Rappelant que cette visite intervient dans le sillage de la d\u00e9clinaison des dispositions de la convention de partenariat sign\u00e9e entre le minist\u00e8re de l\u2019Education nationale, l\u2019Association Essaouira-Mogador et le Centre d\u2019\u00e9tudes et de recherches sur le droit h\u00e9bra\u00efque au Maroc, Mme Rabouli a not\u00e9 que les \u00e9l\u00e8ves ont pu, \u00e0 cette occasion, avoir un large aper\u00e7u sur l\u2019affluent h\u00e9bra\u00efque, l\u2019une des principales composantes de l\u2019identit\u00e9 marocaine une et plurielle.<\/p>\n<p>Cette initiative a \u00e9galement offert l\u2019occasion de mettre la lumi\u00e8re sur ce riche patrimoine du Juda\u00efsme marocain et de pr\u00e9senter \u00e0 ces jeunes apprenants d\u2019amples explications sur les composantes de \u00ab\u00a0Bayt Dakira\u00a0\u00bb et les missions de ce haut lieu qui met en valeur un grand pan de la riche culture marocaine mill\u00e9naire, profond\u00e9ment ancr\u00e9 dans l\u2019Histoire du Royaume, a-t-elle dit.<\/p>\n<p>Et Mme Rabouli d\u2019affirmer, en conclusion, que cette visite se veut aussi une invitation \u00e0 prendre connaissance des diff\u00e9rents aspects de l\u2019histoire du patrimoine jud\u00e9o-marocain qui m\u00e9rite plus que jamais d\u2019\u00eatre promu, connu et pr\u00e9serv\u00e9.<\/p>\n<p>De leur c\u00f4t\u00e9, plusieurs \u00e9l\u00e8ves, approch\u00e9s par la MAP, ont fait part de leur grande joie d\u2019effectuer une telle visite \u00e0 ce temple de l\u2019histoire et de la m\u00e9moire jud\u00e9o-marocaine, en vue de mieux conna\u00eetre l\u2019une des composantes essentielles et singuli\u00e8res de l\u2019identit\u00e9 plurielle et indivisible du Royaume.<\/p>\n<p>Apr\u00e8s avoir rappel\u00e9 qu\u2019un club de tol\u00e9rance et de coexistence a \u00e9t\u00e9 cr\u00e9\u00e9 au sein de leur \u00e9tablissement scolaire, tel que pr\u00e9vu par ladite convention sign\u00e9e, ils ont expliqu\u00e9 que cette visite \u00e0 ce haut lieu d\u2019histoire, de m\u00e9moire, de spiritualit\u00e9 et de p\u00e9dagogie leur a permis de d\u00e9couvrir, \u00e0 travers des textes, des objets, des photos et des vid\u00e9os, les divers aspects de la vie, de la culture et du patrimoine juifs dans la ville d\u2019Essaouira.<\/p>\n<\/div>\n<p>Auteur: Meriem IGASS<br \/>\n<a href=\"http:\/\/www.mapmarrakech.ma\/fr\/des-eleves-de-lecole-de-la-2eme-chance-en-visite-a-bayt-dakira\/\">Cliquez ici pour lire l&rsquo;article depuis sa source.<\/a><\/p>\n","protected":false},"excerpt":{"rendered":"<p>Essaouira \u2013 Un groupe compos\u00e9 d\u2019une vingtaine d\u2019\u00e9l\u00e8ves de l\u2019\u00e9cole de la 2\u00e8me Chance nouvelle g\u00e9n\u00e9ration Youssef Ennaciri \u00e0 Essaouira a effectu\u00e9, vendredi, une visite \u00e0 l\u2019Espace \u00ab\u00a0Bayt Dakira\u00a0\u00bb (Maison de la M\u00e9moire). Organis\u00e9e \u00e0 l\u2019initiative de l\u2019Association d\u2019appui au complexe social \u00ab\u00a0Ibtissama\u00a0\u00bb dans la Cit\u00e9 des Aliz\u00e9s, cette visite a permis \u00e0 ces jeunes [&hellip;]<\/p>\n","protected":false},"author":1788,"featured_media":0,"comment_status":"closed","ping_status":"closed","sticky":false,"template":"","format":"standard","meta":{"fifu_image_url":"","fifu_image_alt":"","footnotes":""},"categories":[54,76],"tags":[],"class_list":["post-108053","post","type-post","status-publish","format-standard","hentry","category-maroc","category-regions"],"_links":{"self":[{"href":"https:\/\/linitiative.ca\/International\/wp-json\/wp\/v2\/posts\/108053","targetHints":{"allow":["GET"]}}],"collection":[{"href":"https:\/\/linitiative.ca\/International\/wp-json\/wp\/v2\/posts"}],"about":[{"href":"https:\/\/linitiative.ca\/International\/wp-json\/wp\/v2\/types\/post"}],"author":[{"embeddable":true,"href":"https:\/\/linitiative.ca\/International\/wp-json\/wp\/v2\/users\/1788"}],"replies":[{"embeddable":true,"href":"https:\/\/linitiative.ca\/International\/wp-json\/wp\/v2\/comments?post=108053"}],"version-history":[{"count":0,"href":"https:\/\/linitiative.ca\/International\/wp-json\/wp\/v2\/posts\/108053\/revisions"}],"wp:attachment":[{"href":"https:\/\/linitiative.ca\/International\/wp-json\/wp\/v2\/media?parent=108053"}],"wp:term":[{"taxonomy":"category","embeddable":true,"href":"https:\/\/linitiative.ca\/International\/wp-json\/wp\/v2\/categories?post=108053"},{"taxonomy":"post_tag","embeddable":true,"href":"https:\/\/linitiative.ca\/International\/wp-json\/wp\/v2\/tags?post=108053"}],"curies":[{"name":"wp","href":"https:\/\/api.w.org\/{rel}","templated":true}]}}