{"id":108054,"date":"2020-12-26T09:05:21","date_gmt":"2020-12-26T14:05:21","guid":{"rendered":"https:\/\/linitiative.ca\/International\/jeux-mediterraneens-doran-2022-plantation-de-2-000-arbres-au-village-olympique\/"},"modified":"2020-12-26T09:05:21","modified_gmt":"2020-12-26T14:05:21","slug":"jeux-mediterraneens-doran-2022-plantation-de-2-000-arbres-au-village-olympique","status":"publish","type":"post","link":"https:\/\/linitiative.ca\/International\/jeux-mediterraneens-doran-2022-plantation-de-2-000-arbres-au-village-olympique\/","title":{"rendered":"Jeux m\u00e9diterran\u00e9ens d\u2019Oran 2022: plantation de 2.000 arbres au village olympique"},"content":{"rendered":"<div readability=\"39\">\n<p><strong>ORAN- Une op\u00e9ration de plantation de 2.000 arbres, offerts par la conservation des for\u00eats de la wilaya, a \u00e9t\u00e9 organis\u00e9e samedi au village olympique d\u2019Oran, dans le cadre des pr\u00e9paratifs de la 19\u00e8me \u00e9dition des Jeux m\u00e9diterran\u00e9ens que la capitale de l\u2019ouest du pays doit accueillir en 2022, et ce en collaboration avec plusieurs organismes de la wilaya.<\/strong><\/p>\n<\/div>\n<div readability=\"65.22962962963\">\n<p>Le Directeur g\u00e9n\u00e9ral du Comit\u00e9 d\u2019organisation des Jeux m\u00e9diterran\u00e9ens 2022, Salim Il\u00e8s, a indiqu\u00e9, \u00e0 l\u2019APS, que cette op\u00e9ration de plantation d\u2019arbres, qui est \u00e0 sa premi\u00e8re phase, a \u00e9t\u00e9 lanc\u00e9e par le comit\u00e9 d\u2019organisation des JM (CIJM) en coordination avec les bureaux d\u2019\u00e9tudes charg\u00e9s des projets, en compl\u00e9ment du programme d\u00e9j\u00e0 trac\u00e9 dans le cadre du march\u00e9 du village olympique, qui cible toutes les infrastructures sportives devant accueillir les JM, notamment le village olympique.<\/p>\n<p>Le m\u00eame responsable a ajout\u00e9 que plusieurs organismes collaborent \u00e0 cette op\u00e9ration, \u00e0 savoir la protection civile, la direction de la jeunesse et des sports (DJS), les services de la wilaya d\u2019Oran, la direction des \u00e9quipements Publics (DPE), les bureaux d\u2019\u00e9tudes, ainsi qu\u2019un grand nombre de b\u00e9n\u00e9voles.<\/p>\n<hr\/>\n<h3>Lire aussi :\u00a0<a href=\"http:\/\/www.aps.dz\/societe\/114911-l-anp-participe-a-la-campagne-de-reboisement-a-batna\">L&rsquo;ANP participe \u00e0 la campagne de\u00a0<span class=\"highlight\">reboisement<\/span>\u00a0\u00e0 Batn<\/a><\/h3>\n<hr\/>\n<p>Dans le m\u00eame cadre, Salim Il\u00e8s a indiqu\u00e9 que l\u2019op\u00e9ration de plantation d\u2019arbres se poursuivra dans les semaines \u00e0 venir, \u00e0 raison d\u2019une op\u00e9ration chaque samedi, et ciblera les autres infrastructures sportives, notamment le stade olympique et les infrastructures compl\u00e9mentaires.<\/p>\n<p>Pour rappel, les Jeux m\u00e9diterran\u00e9ens d\u2019Oran devaient avoir lieu en 2021, mais ont \u00e9t\u00e9 report\u00e9s \u00e0 2022 \u00e0 cause de la pand\u00e9mie du Covid-19.<\/p>\n<\/div>\n<p>Auteur:<br \/>\n<a href=\"http:\/\/www.aps.dz\/regions\/114926-jeux-mediterraneens-d-oran-2022-plantation-de-2-000-arbres-au-village-olympique\">Cliquez ici pour lire l&rsquo;article depuis sa source.<\/a><\/p>\n","protected":false},"excerpt":{"rendered":"<p>ORAN- Une op\u00e9ration de plantation de 2.000 arbres, offerts par la conservation des for\u00eats de la wilaya, a \u00e9t\u00e9 organis\u00e9e samedi au village olympique d\u2019Oran, dans le cadre des pr\u00e9paratifs de la 19\u00e8me \u00e9dition des Jeux m\u00e9diterran\u00e9ens que la capitale de l\u2019ouest du pays doit accueillir en 2022, et ce en collaboration avec plusieurs organismes [&hellip;]<\/p>\n","protected":false},"author":1790,"featured_media":0,"comment_status":"closed","ping_status":"closed","sticky":false,"template":"","format":"standard","meta":{"fifu_image_url":"","fifu_image_alt":"","footnotes":""},"categories":[53,76],"tags":[],"class_list":["post-108054","post","type-post","status-publish","format-standard","hentry","category-algerie","category-regions"],"_links":{"self":[{"href":"https:\/\/linitiative.ca\/International\/wp-json\/wp\/v2\/posts\/108054","targetHints":{"allow":["GET"]}}],"collection":[{"href":"https:\/\/linitiative.ca\/International\/wp-json\/wp\/v2\/posts"}],"about":[{"href":"https:\/\/linitiative.ca\/International\/wp-json\/wp\/v2\/types\/post"}],"author":[{"embeddable":true,"href":"https:\/\/linitiative.ca\/International\/wp-json\/wp\/v2\/users\/1790"}],"replies":[{"embeddable":true,"href":"https:\/\/linitiative.ca\/International\/wp-json\/wp\/v2\/comments?post=108054"}],"version-history":[{"count":0,"href":"https:\/\/linitiative.ca\/International\/wp-json\/wp\/v2\/posts\/108054\/revisions"}],"wp:attachment":[{"href":"https:\/\/linitiative.ca\/International\/wp-json\/wp\/v2\/media?parent=108054"}],"wp:term":[{"taxonomy":"category","embeddable":true,"href":"https:\/\/linitiative.ca\/International\/wp-json\/wp\/v2\/categories?post=108054"},{"taxonomy":"post_tag","embeddable":true,"href":"https:\/\/linitiative.ca\/International\/wp-json\/wp\/v2\/tags?post=108054"}],"curies":[{"name":"wp","href":"https:\/\/api.w.org\/{rel}","templated":true}]}}