{"id":108060,"date":"2020-12-26T10:30:00","date_gmt":"2020-12-26T15:30:00","guid":{"rendered":"https:\/\/linitiative.ca\/International\/hymne-a-la-vie\/"},"modified":"2020-12-26T10:30:00","modified_gmt":"2020-12-26T15:30:00","slug":"hymne-a-la-vie","status":"publish","type":"post","link":"https:\/\/linitiative.ca\/International\/hymne-a-la-vie\/","title":{"rendered":"Hymne \u00e0 la vie"},"content":{"rendered":"<p class=\"p1 c5\"><span class=\"c4\"><span class=\"c3\"><span class=\"s1 c2\"><strong>Le Temps- Mona BEN GAMRA<span class=\"Apple-converted-space\">\u00a0<\/span><\/strong><\/span><\/span><\/span><\/p>\n<p class=\"p1 c5\"><span class=\"c4\"><span class=\"c3\"><strong>C\u2019est un hymne \u00e0 la vie que signe cette magnifique ballerine et chor\u00e9graphe Nesrine Ben Arbia , elle qui a choisi de prendre des photos dans les rues de la M\u00e9dina , un shotting qui reprend dans sa gamme color\u00e9e les couleurs nationales. Blanc immacul\u00e9 rouge sang. Un feu d\u2019artifice de mouvements a\u00e9riens et raffin\u00e9s port\u00e9s par la gr\u00e2ce d\u2019une artiste qui y voit l\u2019expression d\u2019un message<span class=\"Apple-converted-space\">\u00a0<\/span> d\u2019espoir \u00e0 sa Tunisie et \u00e0 la Tunisienne, auquel elle ne compte en aucun cas y renoncer .<\/strong><\/span><\/span><\/p>\n<p class=\"p1 c6\"><span class=\"c4\"><span class=\"c3\"><span class=\"Apple-converted-space\">\u00a0<\/span>Ce jour-l\u00e0 la danseuse a rafl\u00e9 les regards des passants de la capitale Tunis et des jours apr\u00e8s la sympathie des milliers d\u2019internautes qui ont trouv\u00e9 en cette initiative un gage d\u2019amour pour la patrie.<span class=\"Apple-converted-space\">\u00a0<\/span> Hymne<span class=\"Apple-converted-space\">\u00a0<\/span> \u00e0 la<span class=\"Apple-converted-space\">\u00a0<\/span> joie, hymne \u00e0 la vie.<\/span><\/span><\/p>\n<p class=\"p1 c6\"><span class=\"c4\"><span class=\"c3\">Le shooting en question a \u00e9t\u00e9 pris \u00e0 Bab Bhar, du c\u00f4t\u00e9 du port de France, dans des lieux qui s\u00e9parent la m\u00e9dina de Tunis, enclav\u00e9e dans le charme de l\u2019ancien , de l\u2019Avenue Bourguiba, la ville moderne tr\u00e9pidante et peut \u00eatre bien tourn\u00e9e vers l\u2019avenir \u2026 ce choix de l\u2019artiste accompagn\u00e9e du photographe Moez<span class=\"Apple-converted-space\">\u00a0<\/span> S\u2019hayek<span class=\"Apple-converted-space\">\u00a0<\/span> a \u00e9t\u00e9 superbement traduit par ces mouvements qui<span class=\"Apple-converted-space\">\u00a0<\/span> en disent long sur la maitrise parfaite des techniques de la<span class=\"Apple-converted-space\">\u00a0<\/span> danse contemporaine et<span class=\"Apple-converted-space\">\u00a0<\/span> de sa mani\u00e8re unique \u00e0 occuper l\u2019espace<span class=\"Apple-converted-space\">\u00a0<\/span><\/span><\/span><\/p>\n<p class=\"p1 c6\"><span class=\"c4\"><span class=\"c3\"><span class=\"Apple-converted-space\">\u00a0<\/span>L\u2019artiste qui n\u2019a que 23 ans est en fait une \u00e9tudiante en droit international un cursus universitaire qu\u2019elle compl\u00e8te avec un master de sp\u00e9cialisation. Nesrine Ben Arbia qui a \u00e9t\u00e9 sollicit\u00e9e par plusieurs m\u00e9dias de la place a confi\u00e9<span class=\"Apple-converted-space\">\u00a0<\/span> dans l\u2019une de ses interventions m\u00e9diatiques qu\u2019elle a commenc\u00e9 \u00e0 faire de la danse depuis l\u2019\u00e2ge de 10 ans.<span class=\"Apple-converted-space\">\u00a0<\/span> Son bac en poche elle a<span class=\"Apple-converted-space\">\u00a0<\/span> commenc\u00e9 \u00e0 multiplier les exp\u00e9riences dans la danse contemporaine en int\u00e9grant la formation de Imed Jomaa. La jeune femme a par la suite d\u00e9cid\u00e9 d\u2019investir les rues de la capitale en dansant devant des passants. Sa danse de rue<span class=\"Apple-converted-space\">\u00a0<\/span> n\u2019est pas pass\u00e9e inaper\u00e7ue<span class=\"Apple-converted-space\">\u00a0<\/span> puisque ses efforts ont pay\u00e9<span class=\"Apple-converted-space\">\u00a0<\/span> et elle a gagn\u00e9 en notori\u00e9t\u00e9 notamment cette fois-ci. Le but \u00e9tant de vulgariser la danse contemporaine, la rendre plus accessible. Il faut dire aussi qu\u2019elle n\u2019est pas la seule \u00e0 avoir tent\u00e9 cette exp\u00e9rience<span class=\"Apple-converted-space\">\u00a0<\/span> puisque depuis une d\u00e9cennie d\u00e9j\u00e0<span class=\"Apple-converted-space\">\u00a0<\/span> des Tunisiens \u00e0 l\u2019exemple de Bahry Ben Yahmed ont donn\u00e9 de petites performances de danse<span class=\"Apple-converted-space\">\u00a0<\/span> dans les rues de Tunis.<span class=\"Apple-converted-space\">\u00a0<\/span> D\u2019autres artistes de danse contemporaine ont suivi ce mouvement formidable depuis.<span class=\"Apple-converted-space\">\u00a0<\/span><\/span><\/span><\/p>\n<p class=\"p1 c6\"><span class=\"c4\"><span class=\"c3\"><span class=\"Apple-converted-space\">\u00a0<\/span> Et si Nesrine Ben Arbia a r\u00e9ussi \u00e0 capter les regards<span class=\"Apple-converted-space\">\u00a0<\/span> gr\u00e2ce \u00e0 la subtilit\u00e9 de ses mouvements, elle a r\u00e9ussi aussi<span class=\"Apple-converted-space\">\u00a0<\/span> \u00e0 prouver<span class=\"Apple-converted-space\">\u00a0<\/span> \u00e0 qui veut bien l\u2019\u00e9couter que l\u2019on doit rester cr\u00e9atif malgr\u00e9 la crise sanitaire qui frappe et malgr\u00e9 tous les maux qui s\u00e9vissent.<span class=\"Apple-converted-space\">\u00a0<\/span> Donner une belle image d\u2019une<span class=\"Apple-converted-space\">\u00a0<\/span> Tunisie meurtrie en proie d\u2019une classe politique corrompue, c\u2019est aussi une mani\u00e8re \u00e0 elle de montrer que la patrie ne se meurt pas. Elle est toujours-l\u00e0, d\u00e9bout, vivante<span class=\"Apple-converted-space\">\u00a0<\/span> et g\u00e9n\u00e9reuse. <span class=\"Apple-converted-space\">\u00a0<\/span> Gardons l\u2019espoir.<span class=\"Apple-converted-space\">\u00a0<\/span><\/span><\/span><\/p>\n<p class=\"p1 c5\">\u00a0<\/p>\n<p class=\"p2 c7\"><span class=\"c4\"><span class=\"c3\"><strong>M.B.G.<\/strong><\/span><\/span><\/p>\n<p>Auteur: letemps1<br \/>\n<a href=\"http:\/\/www.letemps.com.tn\/article\/118630\/hymne-%C3%A0-la-vie\">Cliquez ici pour lire l&rsquo;article depuis sa source.<\/a><\/p>\n","protected":false},"excerpt":{"rendered":"<p>Le Temps- Mona BEN GAMRA\u00a0 C\u2019est un hymne \u00e0 la vie que signe cette magnifique ballerine et chor\u00e9graphe Nesrine Ben Arbia , elle qui a choisi de prendre des photos dans les rues de la M\u00e9dina , un shotting qui reprend dans sa gamme color\u00e9e les couleurs nationales. Blanc immacul\u00e9 rouge sang. Un feu d\u2019artifice [&hellip;]<\/p>\n","protected":false},"author":1773,"featured_media":0,"comment_status":"closed","ping_status":"closed","sticky":false,"template":"","format":"standard","meta":{"fifu_image_url":"","fifu_image_alt":"","footnotes":""},"categories":[73,55],"tags":[],"class_list":["post-108060","post","type-post","status-publish","format-standard","hentry","category-actualite","category-tunisie"],"_links":{"self":[{"href":"https:\/\/linitiative.ca\/International\/wp-json\/wp\/v2\/posts\/108060","targetHints":{"allow":["GET"]}}],"collection":[{"href":"https:\/\/linitiative.ca\/International\/wp-json\/wp\/v2\/posts"}],"about":[{"href":"https:\/\/linitiative.ca\/International\/wp-json\/wp\/v2\/types\/post"}],"author":[{"embeddable":true,"href":"https:\/\/linitiative.ca\/International\/wp-json\/wp\/v2\/users\/1773"}],"replies":[{"embeddable":true,"href":"https:\/\/linitiative.ca\/International\/wp-json\/wp\/v2\/comments?post=108060"}],"version-history":[{"count":0,"href":"https:\/\/linitiative.ca\/International\/wp-json\/wp\/v2\/posts\/108060\/revisions"}],"wp:attachment":[{"href":"https:\/\/linitiative.ca\/International\/wp-json\/wp\/v2\/media?parent=108060"}],"wp:term":[{"taxonomy":"category","embeddable":true,"href":"https:\/\/linitiative.ca\/International\/wp-json\/wp\/v2\/categories?post=108060"},{"taxonomy":"post_tag","embeddable":true,"href":"https:\/\/linitiative.ca\/International\/wp-json\/wp\/v2\/tags?post=108060"}],"curies":[{"name":"wp","href":"https:\/\/api.w.org\/{rel}","templated":true}]}}