{"id":108061,"date":"2020-12-26T10:35:00","date_gmt":"2020-12-26T15:35:00","guid":{"rendered":"https:\/\/linitiative.ca\/International\/une-session-en-trompe-loeil\/"},"modified":"2020-12-26T10:35:00","modified_gmt":"2020-12-26T15:35:00","slug":"une-session-en-trompe-loeil","status":"publish","type":"post","link":"https:\/\/linitiative.ca\/International\/une-session-en-trompe-loeil\/","title":{"rendered":"Une session en trompe-l&rsquo;\u0153il"},"content":{"rendered":"<p class=\"p1 c5\"><span class=\"c4\"><span class=\"c3\"><span class=\"s1 c2\"><strong>Le Temps-Hatem BOURIAL<\/strong><\/span><\/span><\/span><\/p>\n<p class=\"p1 c5\"><span class=\"c4\"><span class=\"c3\"><strong>Sans tambours ni trompettes, le rideau vient de tomber sur les JCC 2020. Une \u00e9dition qui aura \u00e9t\u00e9 tenue malgr\u00e9 les difficult\u00e9s et les incertitudes.<span class=\"Apple-converted-space\">\u00a0<\/span><\/strong><\/span><\/span><\/p>\n<p class=\"p1 c6\"><span class=\"c4\"><span class=\"c3\">Fallait-il organiser la session 2020 des Journ\u00e9es cin\u00e9matographiques de Carthage ? Assur\u00e9ment oui m\u00eame si elle fut l&rsquo;une des plus courtes et atypiques de l&rsquo;histoire du festival fond\u00e9 en 1966.<\/span><\/span><\/p>\n<p class=\"p1 c6\"><span class=\"c4\"><span class=\"c3\">Que restera-t-il de ce mill\u00e9sime 2020? Il n y aura pas de palmar\u00e8s \u00e0 entrer dans les archives du festival ni de coup d&rsquo;\u00e9clat qui aura frapp\u00e9 les esprits. Toutefois, le festival aura eu le m\u00e9rite de se d\u00e9rouler<span class=\"Apple-converted-space\">\u00a0<\/span> apr\u00e8s avoir \u00e9t\u00e9 repouss\u00e9 dans l&rsquo;espoir d&rsquo;une att\u00e9nuation du contexte pand\u00e9mique. Cette r\u00e9silience est \u00e0 mettre \u00e0 l&rsquo;actif des organisateurs qui en pers\u00e9v\u00e9rant dans l&rsquo;effort, auront permis d&rsquo;engranger quelques acquis.<span class=\"Apple-converted-space\">\u00a0<\/span><\/span><\/span><\/p>\n<p class=\"p2 c7\">\u00a0<\/p>\n<p class=\"p3 c9\"><span class=\"c4\"><span class=\"c3\"><strong>Une session courte et atypique<\/strong><span class=\"s1 c8\">\u00a0<\/span><\/span><\/span><\/p>\n<p class=\"p1 c6\"><span class=\"c4\"><span class=\"c3\">En premier lieu, les JCC viennent de prouver qu&rsquo;il \u00e9tait possible d&rsquo;organiser une manifestation culturelle d&rsquo;envergure dans le respect strict de protocoles sanitaires tr\u00e8s exigeants. En soi, c&rsquo;est un succ\u00e8s qui ouvre la porte \u00e0 d&rsquo;autres initiatives qui pourront conjuguer pr\u00e9sentiel et virtuel. Dans cette optique, les JCC ont eu la vocation d&rsquo;une op\u00e9ration-pilote et auront d\u00e9frich\u00e9 une piste tout en mettant en valeur le potentiel de certains espaces culturels.<span class=\"Apple-converted-space\">\u00a0<\/span><\/span><\/span><\/p>\n<p class=\"p1 c6\"><span class=\"c4\"><span class=\"c3\">En effet, en second lieu, les JCC ont soulign\u00e9 que l&rsquo;infrastructure de la Cit\u00e9 de la culture en faisait un espace de repli en ces temps de pand\u00e9mie. De plus, cette \u00e9dition m\u00eame tronqu\u00e9e, a permis le retour dans le circuit des salles de cin\u00e9ma. En ce sens, certaines de ces salles vont poursuivre leur programmation selon les protocoles sanitaires adopt\u00e9s durant les JCC. L&rsquo;essai en vaut la chandelle \u00e0 condition que le public soutienne ces initiatives courageuses sans \u00eatre t\u00e9m\u00e9raires.<span class=\"Apple-converted-space\">\u00a0<\/span><\/span><\/span><\/p>\n<p class=\"p1 c6\"><span class=\"c4\"><span class=\"c3\">C&rsquo;est d&rsquo;ailleurs \u00e0 ce niveau que r\u00e9side le troisi\u00e8me acquis qui pourrait \u00eatre mentionn\u00e9. Il concerne le public qui a r\u00e9pondu pr\u00e9sent pour le festival et pourrait le faire pour d&rsquo;autres manifestations. Pour cela, tout d\u00e9pendra du respect durable des protocoles sanitaires et de la d\u00e9cision ultime des pouvoirs publics.<span class=\"Apple-converted-space\">\u00a0<\/span><\/span><\/span><\/p>\n<p class=\"p3 c9\"><span class=\"c4\"><span class=\"c3\"><strong>La r\u00e9silience en attendant la relance<\/strong><span class=\"s1 c8\">\u00a0<\/span><\/span><\/span><\/p>\n<p class=\"p1 c6\"><span class=\"c4\"><span class=\"c3\">Comme on peut le voir, le bilan des JCC 2020 est d&rsquo;abord \u00e0 \u00e9valuer dans ces interactions avec la sph\u00e8re sanitaire. Au niveau cin\u00e9ma, il y avait bien s\u00fbr le double d\u00e9ploiement promis par les organisateurs en direction de l&rsquo;actualit\u00e9 cin\u00e9matographique et de la m\u00e9moire du festival. Il n&rsquo;en reste pas moins que l&rsquo;impression qui pr\u00e9vaut va bien au-del\u00e0 car ces JCC auront surtout rassur\u00e9 et d\u00e9montr\u00e9 que la culture \u00e9tait toujours pr\u00e9sente.<span class=\"Apple-converted-space\">\u00a0<\/span><\/span><\/span><\/p>\n<p class=\"p1 c6\"><span class=\"c4\"><span class=\"c3\">Last but not least, m\u00eame si la liesse habituelle n&rsquo;\u00e9tait pas v\u00e9ritablement au rendez-vous, les travailleurs culturels li\u00e9s aux JCC auront pu reprendre le travail en attendant une relance en profondeur qui puisse prendre en compte les difficult\u00e9s de tout un secteur. Le rideau est tomb\u00e9 sur cette \u00e9dition dont on retiendra surtout la r\u00e9silience d&rsquo;un festival et de son public, en attendant des jours meilleurs.<span class=\"Apple-converted-space\">\u00a0<\/span><\/span><\/span><\/p>\n<p class=\"p1 c5\">\u00a0<\/p>\n<p class=\"p4 c10\"><span class=\"c4\"><span class=\"c3\"><strong>H.B<\/strong><\/span><\/span><\/p>\n<p>Auteur: letemps1<br \/>\n<a href=\"http:\/\/www.letemps.com.tn\/article\/118631\/une-session-en-trompe-l%C5%93il\">Cliquez ici pour lire l&rsquo;article depuis sa source.<\/a><\/p>\n","protected":false},"excerpt":{"rendered":"<p>Le Temps-Hatem BOURIAL Sans tambours ni trompettes, le rideau vient de tomber sur les JCC 2020. Une \u00e9dition qui aura \u00e9t\u00e9 tenue malgr\u00e9 les difficult\u00e9s et les incertitudes.\u00a0 Fallait-il organiser la session 2020 des Journ\u00e9es cin\u00e9matographiques de Carthage ? Assur\u00e9ment oui m\u00eame si elle fut l&rsquo;une des plus courtes et atypiques de l&rsquo;histoire du festival [&hellip;]<\/p>\n","protected":false},"author":1773,"featured_media":0,"comment_status":"closed","ping_status":"closed","sticky":false,"template":"","format":"standard","meta":{"fifu_image_url":"","fifu_image_alt":"","footnotes":""},"categories":[73,55],"tags":[],"class_list":["post-108061","post","type-post","status-publish","format-standard","hentry","category-actualite","category-tunisie"],"_links":{"self":[{"href":"https:\/\/linitiative.ca\/International\/wp-json\/wp\/v2\/posts\/108061","targetHints":{"allow":["GET"]}}],"collection":[{"href":"https:\/\/linitiative.ca\/International\/wp-json\/wp\/v2\/posts"}],"about":[{"href":"https:\/\/linitiative.ca\/International\/wp-json\/wp\/v2\/types\/post"}],"author":[{"embeddable":true,"href":"https:\/\/linitiative.ca\/International\/wp-json\/wp\/v2\/users\/1773"}],"replies":[{"embeddable":true,"href":"https:\/\/linitiative.ca\/International\/wp-json\/wp\/v2\/comments?post=108061"}],"version-history":[{"count":0,"href":"https:\/\/linitiative.ca\/International\/wp-json\/wp\/v2\/posts\/108061\/revisions"}],"wp:attachment":[{"href":"https:\/\/linitiative.ca\/International\/wp-json\/wp\/v2\/media?parent=108061"}],"wp:term":[{"taxonomy":"category","embeddable":true,"href":"https:\/\/linitiative.ca\/International\/wp-json\/wp\/v2\/categories?post=108061"},{"taxonomy":"post_tag","embeddable":true,"href":"https:\/\/linitiative.ca\/International\/wp-json\/wp\/v2\/tags?post=108061"}],"curies":[{"name":"wp","href":"https:\/\/api.w.org\/{rel}","templated":true}]}}