{"id":108069,"date":"2020-12-26T06:46:20","date_gmt":"2020-12-26T11:46:20","guid":{"rendered":"https:\/\/linitiative.ca\/International\/114917-2020-la-pandemie-de-covid-19-met-le-sport-algerien-et-mondial-ko\/"},"modified":"2020-12-26T06:46:20","modified_gmt":"2020-12-26T11:46:20","slug":"114917-2020-la-pandemie-de-covid-19-met-le-sport-algerien-et-mondial-ko","status":"publish","type":"post","link":"https:\/\/linitiative.ca\/International\/114917-2020-la-pandemie-de-covid-19-met-le-sport-algerien-et-mondial-ko\/","title":{"rendered":"2020 : la pand\u00e9mie de la Covid-19 met le sport alg\u00e9rien et mondial KO"},"content":{"rendered":"<div readability=\"38\">\n<p><strong>ALGER &#8211; Jeux m\u00e9diterran\u00e9ens d&rsquo;Oran report\u00e9s \u00e0 2022, JO de Tokyo repouss\u00e9s \u00e0 2021, Euro-2020 de football d\u00e9cal\u00e9, salles de sport ferm\u00e9es, comp\u00e9titions gel\u00e9es : le Covid-19 a fortement impact\u00e9 la pratique sportive durant l&rsquo;ann\u00e9e 2020 en Alg\u00e9rie et partout dans le monde.<\/strong><\/p>\n<\/div>\n<div readability=\"161.87107921318\">\n<p>Au vu de la vitesse de transmission du Covid-19, l&rsquo;Organisation mondiale de la sant\u00e9 (OMS) a aussit\u00f4t \u00e9mis des recommandations afin de r\u00e9duire tous les rassemblements susceptibles d&rsquo;amplifier la propagation du virus, ce qui a pouss\u00e9 les pouvoirs publics en Alg\u00e9rie \u00e0 annoncer la suspension des activit\u00e9s sportives, toutes disciplines confondues, le 16 mars.<\/p>\n<blockquote readability=\"13\">\n<p><em><strong>Face \u00e0 cette situation, des \u00e9v\u00e8nements sportifs majeurs ont \u00e9t\u00e9 report\u00e9s voire annul\u00e9s. La 19e \u00e9dition des Jeux m\u00e9diterran\u00e9ens (JM) d&rsquo;Oran, initialement pr\u00e9vue pour 2021, a \u00e9t\u00e9 ainsi report\u00e9e \u00e0 2022, afin d&rsquo;\u00e9viter tout chevauchement avec les Jeux olympiques (JO) de Tokyo-2020, repouss\u00e9s aussi d&rsquo;une ann\u00e9e.<\/strong><\/em><\/p>\n<\/blockquote>\n<hr\/>\n<p><strong>Lire aussi:\u00a0<\/strong><a href=\"http:\/\/www.aps.dz\/sport\/114835-khaldi-nous-allons-mobiliser-tous-les-canaux-diplomatiques-pour-la-candidature-de-zetchi\">Elections du Conseil de la Fifa: le MJS soutient la candidature de Zetchi<\/a><\/p>\n<hr\/>\n<p>D&rsquo;autres manifestations pr\u00e9vues en Alg\u00e9rie ont \u00e9t\u00e9 \u00e9galement d\u00e9cal\u00e9es \u00e0 2021, \u00e0 l&rsquo;image de la Coupe d&rsquo;Afrique de cyclisme sur route \u00e0 Oran et du Championnat d&rsquo;Afrique de VTT, tandis que le Tour d&rsquo;Alg\u00e9rie cycliste 2020, pr\u00e9vu le mois de mars dernier, a \u00e9t\u00e9 carr\u00e9ment annul\u00e9.<\/p>\n<p>En basket, l&rsquo;\u00e9quipe nationale a fait l&rsquo;impasse sur les \u00e9liminatoires de l&rsquo;AfroBasket-2021 dont le premier tournoi qualificatif a \u00e9t\u00e9 organis\u00e9 du 27 au 29 novembre \u00e0 Kigali, arguant l&rsquo;absence d&rsquo;un plan de vol pour rejoindre le Rwanda suite \u00e0 la fermeture de l&rsquo;espace a\u00e9rien.<\/p>\n<p>Idem pour les s\u00e9lections alg\u00e9riennes des moins de 18 ans filles et gar\u00e7ons qui ont manqu\u00e9l&rsquo;AfroBasket-2020 de la cat\u00e9gorie en Egypte pour la m\u00eame raison.<\/p>\n<h2><span class=\"c30\"><strong>9 juillet&#8230; d\u00e9confinement pour les athl\u00e8tes d&rsquo;\u00e9lite<\/strong><\/span><\/h2>\n<p>Ce n&rsquo;est qu&rsquo;\u00e0 partir du 9 juillet que la situation s&rsquo;est am\u00e9lior\u00e9e quelque peu en Alg\u00e9rie et les athl\u00e8tes \u00ab\u00a0qualifi\u00e9s et qualifiables\u00a0\u00bb aux Jeux olympiques et paralympiques de Tokyo ont \u00e9t\u00e9 autoris\u00e9s par le minist\u00e8re de la Jeunesse et des Sports (MJS) \u00e0 reprendre l&rsquo;entra\u00eenement avec le strict respect des mesures de protection.<\/p>\n<p>A partir de cette date, les f\u00e9d\u00e9rations nationales commen\u00e7aient \u00e0 organiser des stages et regroupements au niveau des structures sportives de Tikjda (Bouira), Souidania (Alger) et Seraidi (Annaba), en vue des prochaines \u00e9ch\u00e9ances.<\/p>\n<p>Et pour une meilleure prise en charge sanitaire des athl\u00e8tes, le Centre national de m\u00e9decine du sport (CNMS) a \u00e9t\u00e9 charg\u00e9 de la mise en oeuvre d&rsquo;un protocole sanitaire anti-Covid, en coordination avec le Comit\u00e9 scientifique de suivi de l&rsquo;\u00e9volution de la pand\u00e9mie de coronavirus.<\/p>\n<hr\/>\n<p><strong>Lire aussi:\u00a0<\/strong><a href=\"http:\/\/www.aps.dz\/sport\/114708-reprise-du-sport-en-plein-air-soulagees-les-federations-s-attaquent-au-protocole-sanitaire\">Reprise du sport en plein air: soulag\u00e9es, les f\u00e9d\u00e9rations s&rsquo;attaquent au protocole sanitaire<\/a><\/p>\n<hr\/>\n<p>Comme deuxi\u00e8me mesure de reprise progressive des activit\u00e9s sportives, le MJS a autoris\u00e9 le coup d&rsquo;envoi, \u00e0 huis clos, du championnat d&rsquo;Alg\u00e9rie de Ligue 1 de football 2020-2021, qui interviendra finalement le 27 novembre, alors que les clubs de Ligue 2 ont \u00e9t\u00e9 autoris\u00e9s \u00e0 reprendre les entra\u00eenements depuis dimanche dernier.<\/p>\n<p>Puis, depuis quelques jours, il y a eu le feu vert des pouvoirs publics \u00e0 la reprise de la pratique en plein air d&rsquo;un nombre d&rsquo;activit\u00e9s sportives. Il s&rsquo;agit de l&rsquo;athl\u00e9tisme, le cyclisme, le tennis, l&rsquo;aviron et le cano\u00eb-kayak, le badminton, la voile, les sports m\u00e9caniques, le ski et les sports de montagne, les sports \u00e9questres, les sports traditionnels et le triathlon.<\/p>\n<h2><span class=\"c30\"><strong>Crise financi\u00e8re majeure dans le football<\/strong><\/span><\/h2>\n<p>Dans le monde, tous les \u00e9v\u00e9nements amateurs comme professionnels ont \u00e9t\u00e9 annul\u00e9s ou report\u00e9s et les cons\u00e9quences \u00e9conomiques sur le secteur \u00e9taient donc lourdes.<\/p>\n<blockquote readability=\"6\">\n<p><em><strong>Aujourd&rsquo;hui, personne ne peut r\u00e9ellement planifier un calendrier sportif pour l&rsquo;ann\u00e9e 2021.<\/strong><\/em><\/p>\n<\/blockquote>\n<p>L&rsquo;un des plus grands \u00e9v\u00e9nements sportifs mondiaux, les JO de Tokyo, ont \u00e9t\u00e9 report\u00e9s \u00e0 2021, une d\u00e9cision sans pr\u00e9c\u00e9dent annonc\u00e9e en mars dernier alors que la pand\u00e9mie se r\u00e9pandait \u00e0 travers le monde.<\/p>\n<p>Les JO doivent maintenant se tenir du 23 juillet au 8 ao\u00fbt et les Jeux paralympiques du 24 ao\u00fbt au 5 septembre.<\/p>\n<p>L&rsquo;Union europ\u00e9enne de football (UEFA) a \u00e9galement report\u00e9 l&rsquo;Euro-2020 d&rsquo;une ann\u00e9e et les championnats du monde entier se sont retrouv\u00e9s \u00e0 l&rsquo;arr\u00eat \u00e0 partir de mars pour reprendre en juin, \u00e9videmment sans public.<\/p>\n<hr\/>\n<p><strong>Lire aussi:\u00a0<\/strong><a href=\"http:\/\/www.aps.dz\/sport\/114580-judo-championnat-d-afrique-l-algerie-championne-d-afrique-par-equipes\">Judo: L\u2019Alg\u00e9rie championne d\u2019Afrique par \u00e9quipes<\/a><\/p>\n<hr\/>\n<p>Une mobilisation in\u00e9dite s&rsquo;est alors \u00e9branl\u00e9e dans le monde du sport. La FIFA a ainsi vers\u00e9 10 millions de dollars au Fonds de solidarit\u00e9 de l&rsquo;OMS pour la riposte au Covid-19. Ce mouvement de solidarit\u00e9 s&rsquo;est r\u00e9pandu \u00e9galement \u00e0 travers plusieurs sportifs professionnels, toutes disciplines confondues, \u00e0 l&rsquo;image des Roger Federer et Novak Djokovic en tennis ou encore Pep Guardiola, Lionel Messi, Cristiano Ronaldo, Franck Rib\u00e9ry et Paul Pogba en football.<\/p>\n<p>La suspension forc\u00e9e des comp\u00e9titions sportives n&rsquo;a pas \u00e9t\u00e9 sans cons\u00e9quences \u00e9conomiques, principalement dans le football qui craint une crise financi\u00e8re majeure pour ses clubs, priv\u00e9s de leurs diff\u00e9rentes rentr\u00e9es d&rsquo;argent.<\/p>\n<p>Les pertes li\u00e9es \u00e0 l&rsquo;absence de recettes de billetterie, de contrats commerciaux ou de sponsoring, mais aussi et surtout des droits TV, sont estim\u00e9es pour la Premier League anglaise, qui serait la plus touch\u00e9e, \u00e0 1,15 voire 1,25 milliard d&rsquo;euros, suivent ensuite la Liga espagnole (800 \u00e0 950 millions d&rsquo;euros), la Bundesliga allemande (650 \u00e0 750 millions d\u2019euros), la Serie A italienne (550 \u00e0 650 millions d\u2019euros) et la Ligue 1 fran\u00e7aise (300 \u00e0 400 millions d\u2019euros).<\/p>\n<p>Une \u00e9tude men\u00e9e par l&rsquo;agence de communication BCW (Burson Cohn &amp; Wolfe) a montr\u00e9 que la situation actuelle et la perturbation du march\u00e9 des \u00e9v\u00e9nements sportifs internationaux conduiront \u00e0 des cons\u00e9quences et ajustements bien au-del\u00e0 de la seule ann\u00e9e 2020.<\/p>\n<\/div>\n<p>Auteur:<br \/>\n<a href=\"http:\/\/www.aps.dz\/sport\/114917-2020-la-pandemie-de-covid-19-met-le-sport-algerien-et-mondial-ko?utm_source=feedburner&#038;utm_medium=feed&#038;utm_campaign=Feed%3A+aps-sport+%28APS+-+SPORT%29\">Cliquez ici pour lire l&rsquo;article depuis sa source.<\/a><\/p>\n","protected":false},"excerpt":{"rendered":"<p>ALGER &#8211; Jeux m\u00e9diterran\u00e9ens d&rsquo;Oran report\u00e9s \u00e0 2022, JO de Tokyo repouss\u00e9s \u00e0 2021, Euro-2020 de football d\u00e9cal\u00e9, salles de sport ferm\u00e9es, comp\u00e9titions gel\u00e9es : le Covid-19 a fortement impact\u00e9 la pratique sportive durant l&rsquo;ann\u00e9e 2020 en Alg\u00e9rie et partout dans le monde. Au vu de la vitesse de transmission du Covid-19, l&rsquo;Organisation mondiale de [&hellip;]<\/p>\n","protected":false},"author":1790,"featured_media":0,"comment_status":"closed","ping_status":"closed","sticky":false,"template":"","format":"standard","meta":{"fifu_image_url":"","fifu_image_alt":"","footnotes":""},"categories":[53,75],"tags":[],"class_list":["post-108069","post","type-post","status-publish","format-standard","hentry","category-algerie","category-sport"],"_links":{"self":[{"href":"https:\/\/linitiative.ca\/International\/wp-json\/wp\/v2\/posts\/108069","targetHints":{"allow":["GET"]}}],"collection":[{"href":"https:\/\/linitiative.ca\/International\/wp-json\/wp\/v2\/posts"}],"about":[{"href":"https:\/\/linitiative.ca\/International\/wp-json\/wp\/v2\/types\/post"}],"author":[{"embeddable":true,"href":"https:\/\/linitiative.ca\/International\/wp-json\/wp\/v2\/users\/1790"}],"replies":[{"embeddable":true,"href":"https:\/\/linitiative.ca\/International\/wp-json\/wp\/v2\/comments?post=108069"}],"version-history":[{"count":0,"href":"https:\/\/linitiative.ca\/International\/wp-json\/wp\/v2\/posts\/108069\/revisions"}],"wp:attachment":[{"href":"https:\/\/linitiative.ca\/International\/wp-json\/wp\/v2\/media?parent=108069"}],"wp:term":[{"taxonomy":"category","embeddable":true,"href":"https:\/\/linitiative.ca\/International\/wp-json\/wp\/v2\/categories?post=108069"},{"taxonomy":"post_tag","embeddable":true,"href":"https:\/\/linitiative.ca\/International\/wp-json\/wp\/v2\/tags?post=108069"}],"curies":[{"name":"wp","href":"https:\/\/api.w.org\/{rel}","templated":true}]}}