{"id":108072,"date":"2020-12-26T09:36:00","date_gmt":"2020-12-26T14:36:00","guid":{"rendered":"https:\/\/linitiative.ca\/International\/mostaganem-un-mort-et-2-blesses-dans-un-accident-de-la-route\/"},"modified":"2020-12-26T09:36:00","modified_gmt":"2020-12-26T14:36:00","slug":"mostaganem-un-mort-et-2-blesses-dans-un-accident-de-la-route","status":"publish","type":"post","link":"https:\/\/linitiative.ca\/International\/mostaganem-un-mort-et-2-blesses-dans-un-accident-de-la-route\/","title":{"rendered":"MOSTAGANEM : Un mort et 2 bless\u00e9s dans un accident de la route"},"content":{"rendered":"<p><br id=\"sep_para_1\" class=\"sep_para access\"\/><\/p>\n<div id=\"para_1\" class=\"para_40055913 resize\">\n<div class=\"texte access firstletter\">Les \u00e9l\u00e9ments\u00a0 de la protection civile relevant de l&rsquo;unit\u00e9 secondaire de Hassi Mameche, dans la wilaya de Mostaganem,\u00a0 sont intervenus\u00a0 ce vendredi\u00a0 vers 14h20 dans un accident mortel qui a eu lieu sur la route nationale N\u00b0 17, reliant les communes de Hassi Mameche et Ain Nouissy, plus pr\u00e9cis\u00e9ment dans\u00a0 la r\u00e9gion appel\u00e9e \u00ab\u00a0Benzaza\u00a0\u00bb, a-t-on appris de ce m\u00eame corps. Le drame s\u2019est produit suite \u00e0 une violente collision entre\u00a0 un camion\u00a0 et une voiture de marque Renault Clio. Le\u00a0 terrible choc n\u2019a laiss\u00e9 aucune chance au conducteur de\u00a0 cette derni\u00e8re\u00a0 d\u2019\u00e9chapper \u00e0 la mort .L&rsquo;accident a caus\u00e9 \u00e9galement des blessures de divers degr\u00e9s de gravit\u00e9 \u00e0 2 autres personnes \u00e2g\u00e9es de 33 et 46 ans, a-t-on ajout\u00e9. Les victimes ont re\u00e7u les premiers soins sur les lieux, avant d\u2019\u00eatre \u00e9vacu\u00e9es vers les urgences m\u00e9dicales de Mostaganem, tandis que la d\u00e9pouille mortelle du conducteur, qui est \u00e2g\u00e9e de 46 ans, a \u00e9t\u00e9 d\u00e9pos\u00e9e \u00e0\u00a0 la morgue du m\u00eame \u00e9tablissement, a-t-on pr\u00e9cis\u00e9. Suite \u00e0 ces drames qui endeuillent \u00e0 chaque fois des familles, les services de la protection civile appellent les conducteurs de la route \u00e0 plus de vigilance et \u00e0 respecter le code de la route afin d\u2019\u00e9viter ce genre d\u2019accidents mortels.<\/div>\n<\/div>\n<p>Auteur: Gana  Yacine<br \/>\n<a href=\"https:\/\/www.reflexiondz.net\/MOSTAGANEM-Un-mort-et-2-blesses-dans-un-accident-de-la-route_a66881.html\">Cliquez ici pour lire l&rsquo;article depuis sa source.<\/a><\/p>\n","protected":false},"excerpt":{"rendered":"<p>Les \u00e9l\u00e9ments\u00a0 de la protection civile relevant de l&rsquo;unit\u00e9 secondaire de Hassi Mameche, dans la wilaya de Mostaganem,\u00a0 sont intervenus\u00a0 ce vendredi\u00a0 vers 14h20 dans un accident mortel qui a eu lieu sur la route nationale N\u00b0 17, reliant les communes de Hassi Mameche et Ain Nouissy, plus pr\u00e9cis\u00e9ment dans\u00a0 la r\u00e9gion appel\u00e9e \u00ab\u00a0Benzaza\u00a0\u00bb, a-t-on [&hellip;]<\/p>\n","protected":false},"author":1740,"featured_media":0,"comment_status":"closed","ping_status":"closed","sticky":false,"template":"","format":"standard","meta":{"fifu_image_url":"","fifu_image_alt":"","footnotes":""},"categories":[53,76],"tags":[],"class_list":["post-108072","post","type-post","status-publish","format-standard","hentry","category-algerie","category-regions"],"_links":{"self":[{"href":"https:\/\/linitiative.ca\/International\/wp-json\/wp\/v2\/posts\/108072","targetHints":{"allow":["GET"]}}],"collection":[{"href":"https:\/\/linitiative.ca\/International\/wp-json\/wp\/v2\/posts"}],"about":[{"href":"https:\/\/linitiative.ca\/International\/wp-json\/wp\/v2\/types\/post"}],"author":[{"embeddable":true,"href":"https:\/\/linitiative.ca\/International\/wp-json\/wp\/v2\/users\/1740"}],"replies":[{"embeddable":true,"href":"https:\/\/linitiative.ca\/International\/wp-json\/wp\/v2\/comments?post=108072"}],"version-history":[{"count":0,"href":"https:\/\/linitiative.ca\/International\/wp-json\/wp\/v2\/posts\/108072\/revisions"}],"wp:attachment":[{"href":"https:\/\/linitiative.ca\/International\/wp-json\/wp\/v2\/media?parent=108072"}],"wp:term":[{"taxonomy":"category","embeddable":true,"href":"https:\/\/linitiative.ca\/International\/wp-json\/wp\/v2\/categories?post=108072"},{"taxonomy":"post_tag","embeddable":true,"href":"https:\/\/linitiative.ca\/International\/wp-json\/wp\/v2\/tags?post=108072"}],"curies":[{"name":"wp","href":"https:\/\/api.w.org\/{rel}","templated":true}]}}