{"id":108078,"date":"2020-12-26T14:06:00","date_gmt":"2020-12-26T19:06:00","guid":{"rendered":"https:\/\/linitiative.ca\/International\/deces-du-grand-militant-de-gauche-gilbert-naccache\/"},"modified":"2020-12-26T14:06:00","modified_gmt":"2020-12-26T19:06:00","slug":"deces-du-grand-militant-de-gauche-gilbert-naccache","status":"publish","type":"post","link":"https:\/\/linitiative.ca\/International\/deces-du-grand-militant-de-gauche-gilbert-naccache\/","title":{"rendered":"D\u00e9c\u00e8s du grand militant de gauche Gilbert Naccache"},"content":{"rendered":"<p>Le militant de gauche et l&rsquo;un des chefs de file du groupe Perspectives, Gilbert Naccache est d\u00e9c\u00e9d\u00e9 \u00e0 l\u2019\u00e2ge de 81 ans, dans un h\u00f4pital parisien. Cet ing\u00e9nieur agronome avait \u00e9t\u00e9 lourdement condamn\u00e9 en mars 1968 avec d&rsquo;autres militants de la m\u00eame mouvance, notamment Khemaies Chammari, Mohamed Charfi, Serge Adda, et Mohamed Ben Jannet pour leurs activit\u00e9s politiques contre le r\u00e9gime. Ils seront lib\u00e9r\u00e9s en 1979.<\/p>\n<p>En 1982, il publie Cristal\u00a0aux \u00e9ditions Salammb\u00f4, un ouvrage qu&rsquo;il avait \u00e9crit en prison sur des emballages de cigarettes de la marque Cristal. Il publiera aussi \u00ab\u00a0Le Ciel est par-dessus le toit\u00a0\u00bb en 2005 ainsi que \u00ab\u00a0Qu&rsquo;as-tu fait de ta jeunesse\u00a0\u00bb ? en 2009. On lui doit \u00e9galment \u00ab\u00a0Vers la d\u00e9mocratie ?\u00a0\u00bb en 2011, un recueil de nouvelles, \u00ab\u00a0Le Manchot\u00a0\u00bb (et autres nouvelles), en 2013.<\/p>\n<p>De confession juive, Gilbert Naccache est rest\u00e9 jusqu&rsquo;au dernier souffle fid\u00e8le \u00e0 ses principes, attach\u00e9 \u00e0 sa tunisianit\u00e9.<\/p>\n<p class=\"c2\">Paix \u00e0 son \u00e2me<\/p>\n<p>\u00a0<\/p>\n<p>Auteur:<br \/>\n<a href=\"https:\/\/www.leaders.com.tn\/article\/31155-l-ecrivain-et-militant-politique-gilbert-naccache-n-est-plus\">Cliquez ici pour lire l&rsquo;article depuis sa source.<\/a><\/p>\n","protected":false},"excerpt":{"rendered":"<p>Le militant de gauche et l&rsquo;un des chefs de file du groupe Perspectives, Gilbert Naccache est d\u00e9c\u00e9d\u00e9 \u00e0 l\u2019\u00e2ge de 81 ans, dans un h\u00f4pital parisien. Cet ing\u00e9nieur agronome avait \u00e9t\u00e9 lourdement condamn\u00e9 en mars 1968 avec d&rsquo;autres militants de la m\u00eame mouvance, notamment Khemaies Chammari, Mohamed Charfi, Serge Adda, et Mohamed Ben Jannet pour [&hellip;]<\/p>\n","protected":false},"author":1772,"featured_media":0,"comment_status":"closed","ping_status":"closed","sticky":false,"template":"","format":"standard","meta":{"fifu_image_url":"","fifu_image_alt":"","footnotes":""},"categories":[73,55],"tags":[],"class_list":["post-108078","post","type-post","status-publish","format-standard","hentry","category-actualite","category-tunisie"],"_links":{"self":[{"href":"https:\/\/linitiative.ca\/International\/wp-json\/wp\/v2\/posts\/108078","targetHints":{"allow":["GET"]}}],"collection":[{"href":"https:\/\/linitiative.ca\/International\/wp-json\/wp\/v2\/posts"}],"about":[{"href":"https:\/\/linitiative.ca\/International\/wp-json\/wp\/v2\/types\/post"}],"author":[{"embeddable":true,"href":"https:\/\/linitiative.ca\/International\/wp-json\/wp\/v2\/users\/1772"}],"replies":[{"embeddable":true,"href":"https:\/\/linitiative.ca\/International\/wp-json\/wp\/v2\/comments?post=108078"}],"version-history":[{"count":0,"href":"https:\/\/linitiative.ca\/International\/wp-json\/wp\/v2\/posts\/108078\/revisions"}],"wp:attachment":[{"href":"https:\/\/linitiative.ca\/International\/wp-json\/wp\/v2\/media?parent=108078"}],"wp:term":[{"taxonomy":"category","embeddable":true,"href":"https:\/\/linitiative.ca\/International\/wp-json\/wp\/v2\/categories?post=108078"},{"taxonomy":"post_tag","embeddable":true,"href":"https:\/\/linitiative.ca\/International\/wp-json\/wp\/v2\/tags?post=108078"}],"curies":[{"name":"wp","href":"https:\/\/api.w.org\/{rel}","templated":true}]}}