{"id":108083,"date":"2020-12-26T06:48:03","date_gmt":"2020-12-26T11:48:03","guid":{"rendered":"https:\/\/linitiative.ca\/International\/coronavirus-premier-cas-en-france-du-variant-apparu-au-royaume-uni\/"},"modified":"2020-12-26T06:48:03","modified_gmt":"2020-12-26T11:48:03","slug":"coronavirus-premier-cas-en-france-du-variant-apparu-au-royaume-uni","status":"publish","type":"post","link":"https:\/\/linitiative.ca\/International\/coronavirus-premier-cas-en-france-du-variant-apparu-au-royaume-uni\/","title":{"rendered":"Coronavirus : premier cas en France du variant apparu au Royaume-Uni"},"content":{"rendered":"<p><strong>Un premier cas de contamination par le variant du Covid-19 apparu au Royaume-Uni a \u00e9t\u00e9 d\u00e9tect\u00e9 en France vendredi, \u00e0 l\u2019avant-veille des premi\u00e8res injections du vaccin, qui est arriv\u00e9 samedi sur le sol fran\u00e7ais.<\/strong><\/p>\n<div class=\"c10\"\/>\n<p>La pr\u00e9sence de ce variant a \u00e9t\u00e9 confirm\u00e9e \u00e0 Tours, chez un Fran\u00e7ais r\u00e9sidant habituellement au Royaume-Uni. L\u2019homme est asymptomatique et a \u00e9t\u00e9 isol\u00e9 \u00e0 son domicile, a indiqu\u00e9 le minist\u00e8re de la Sant\u00e9, qui a annonc\u00e9 ce premier cas. Il s\u2019agit de la \u00ab\u00a0premi\u00e8re contamination au variant VOC 202012\/01 du virus de la Covid-19\u00a0\u00bb d\u00e9tect\u00e9e en France, pr\u00e9cise-t-il. Ce variant est apparu en septembre au Royaume-Uni et des \u00e9tudes indiquent qu\u2019il pourrait \u00eatre plus contagieux.<\/p>\n<p><strong>Lire aussi|<\/strong><a href=\"https:\/\/www.challenge.ma\/importation-adoption-dun-projet-de-loi-sur-la-suspension-des-droits-dimportation-du-ble-tendre-et-ses-derives-170203\/\"><strong>Importation : adoption d\u2019un projet de loi sur la suspension des droits d\u2019importation du bl\u00e9 tendre et ses d\u00e9riv\u00e9s<\/strong><\/a><\/p>\n<p>\u00ab\u00a0Les autorit\u00e9s sanitaires ont proc\u00e9d\u00e9 au contact-tracing (tra\u00e7age des contacts) des professionnels de sant\u00e9 ayant pris en charge le patient et \u00e0 la recherche de ses personnes contacts \u00e0 risque, pour proc\u00e9der \u00e0 leur mise en isolement strict\u00a0\u00bb, est-il pr\u00e9cis\u00e9. Outre ce cas, \u00ab\u00a0\u00e0 ce jour, plusieurs pr\u00e9l\u00e8vements positifs pouvant faire \u00e9voquer le variant VOC 202012\/01 sont en cours de s\u00e9quen\u00e7age par les laboratoires du CNR\u00a0\u00bb, ajoute le minist\u00e8re.<\/p>\n<p>Un cas similaire a \u00e9t\u00e9 signal\u00e9 en Allemagne, chez une femme arriv\u00e9e en avion de Londres, et au Liban, \u00e9galement sur un passager londonien.<\/p>\n<p><strong>Lire aussi|<\/strong><a href=\"https:\/\/www.challenge.ma\/s-m-le-roi-sentretient-avec-le-premier-ministre-israelien-benjamin-netanyahou-170193\/\"><strong>S.M. le Roi s\u2019entretient avec le Premier ministre isra\u00e9lien Benjamin Netanyahou<\/strong><\/a><\/p>\n<p>Avec AFP<\/p>\n<p>Auteur: challenge<br \/>\n<a href=\"https:\/\/www.challenge.ma\/coronavirus-premier-cas-en-france-du-variant-apparu-au-royaume-uni-170212\/\">Cliquez ici pour lire l&rsquo;article depuis sa source.<\/a><\/p>\n","protected":false},"excerpt":{"rendered":"<p>Un premier cas de contamination par le variant du Covid-19 apparu au Royaume-Uni a \u00e9t\u00e9 d\u00e9tect\u00e9 en France vendredi, \u00e0 l\u2019avant-veille des premi\u00e8res injections du vaccin, qui est arriv\u00e9 samedi sur le sol fran\u00e7ais. La pr\u00e9sence de ce variant a \u00e9t\u00e9 confirm\u00e9e \u00e0 Tours, chez un Fran\u00e7ais r\u00e9sidant habituellement au Royaume-Uni. L\u2019homme est asymptomatique et [&hellip;]<\/p>\n","protected":false},"author":1787,"featured_media":0,"comment_status":"closed","ping_status":"closed","sticky":false,"template":"","format":"standard","meta":{"fifu_image_url":"","fifu_image_alt":"","footnotes":""},"categories":[78,54],"tags":[],"class_list":["post-108083","post","type-post","status-publish","format-standard","hentry","category-economie","category-maroc"],"_links":{"self":[{"href":"https:\/\/linitiative.ca\/International\/wp-json\/wp\/v2\/posts\/108083","targetHints":{"allow":["GET"]}}],"collection":[{"href":"https:\/\/linitiative.ca\/International\/wp-json\/wp\/v2\/posts"}],"about":[{"href":"https:\/\/linitiative.ca\/International\/wp-json\/wp\/v2\/types\/post"}],"author":[{"embeddable":true,"href":"https:\/\/linitiative.ca\/International\/wp-json\/wp\/v2\/users\/1787"}],"replies":[{"embeddable":true,"href":"https:\/\/linitiative.ca\/International\/wp-json\/wp\/v2\/comments?post=108083"}],"version-history":[{"count":0,"href":"https:\/\/linitiative.ca\/International\/wp-json\/wp\/v2\/posts\/108083\/revisions"}],"wp:attachment":[{"href":"https:\/\/linitiative.ca\/International\/wp-json\/wp\/v2\/media?parent=108083"}],"wp:term":[{"taxonomy":"category","embeddable":true,"href":"https:\/\/linitiative.ca\/International\/wp-json\/wp\/v2\/categories?post=108083"},{"taxonomy":"post_tag","embeddable":true,"href":"https:\/\/linitiative.ca\/International\/wp-json\/wp\/v2\/tags?post=108083"}],"curies":[{"name":"wp","href":"https:\/\/api.w.org\/{rel}","templated":true}]}}