{"id":108086,"date":"2020-12-26T16:52:05","date_gmt":"2020-12-26T21:52:05","guid":{"rendered":"https:\/\/linitiative.ca\/International\/tunisie-le-president-de-la-republique-rend-hommage-au-militant-gilbert-naccache\/"},"modified":"2020-12-26T16:52:05","modified_gmt":"2020-12-26T21:52:05","slug":"tunisie-le-president-de-la-republique-rend-hommage-au-militant-gilbert-naccache","status":"publish","type":"post","link":"https:\/\/linitiative.ca\/International\/tunisie-le-president-de-la-republique-rend-hommage-au-militant-gilbert-naccache\/","title":{"rendered":"Tunisie: Le Pr\u00e9sident de la R\u00e9publique rend hommage au militant Gilbert Naccache"},"content":{"rendered":"<div class=\"post-cont-in left relative\">\n<div id=\"post-info-wrap\" class=\"left relative post-info-out\">\n<div class=\"post-info-img left relative\"><img loading=\"lazy\" decoding=\"async\" alt=\"\" src=\"https:\/\/secure.gravatar.com\/avatar\/ea481d7287ad38ca1787f44b5bb1b70e?s=50&amp;d=mm&amp;r=g\" srcset=\"https:\/\/secure.gravatar.com\/avatar\/ea481d7287ad38ca1787f44b5bb1b70e?s=100&amp;d=mm&amp;r=g 2x\" class=\"avatar avatar-50 photo\" height=\"50\" width=\"50\"\/><\/div>\n<div class=\"post-info-in\">\n<div class=\"post-info-right left relative post-info-name left relative\"><span><span class=\"post-info-text\">Par<\/span> <span class=\"author-name vcard fn author\"><a href=\"https:\/\/www.tunisienumerique.com\/author\/rania-ben-slimane\/\" title=\"Articles par rania ben slimane\" rel=\"author\">rania ben slimane<\/a><\/span><\/span> <span class=\"post-date updated\"><time class=\"post-date updated\" datetime=\"2020-12-26\">\u00a0| Il y a 25 minutes<\/time><\/span><\/div>\n<div class=\"left relative\"><button id=\"listenButton1\" class=\"responsivevoice-button\" type=\"button\" value=\"Play\" title=\"&#xC9;coutez l'article\"><span>\ud83d\udd0a \u00c9coutez l&rsquo;article<\/span><\/button> <\/div>\n<\/div>\n<\/div>\n<p>Le pr\u00e9sident de la R\u00e9publique, Kais Sa\u00efd, a rendu\u00a0 hommage \u00e0 l\u2019un des militants tunisiens engag\u00e9s qui ont cru aux principes de la libert\u00e9 et de la justice et ont men\u00e9 une lutte acharn\u00e9e pour les concr\u00e9tiser jusqu\u2019\u00e0 leur dernier souffle.<\/p>\n<div class=\"code-block code-block-1 c4\"><ins class=\"adsbygoogle c3\" data-ad-layout=\"in-article\" data-ad-format=\"fluid\" data-ad-client=\"ca-pub-2102118777505746\" data-ad-slot=\"7301775417\"\/> <\/div>\n<p>La Tunisie perd avec le d\u00e9c\u00e8s de Gilbert Naccache, ce samedi 26 d\u00e9cembre 2020, l\u2019un de ceux qui ont r\u00e9sist\u00e9, endur\u00e9 et pers\u00e9v\u00e9r\u00e9 malgr\u00e9 les ann\u00e9es de jeunesse perdues en prison, les menottes et les brimades, sa d\u00e9termination, sa volont\u00e9 et son engagement.<\/p>\n<p>Gilbert Naccache a, tout au long de sa vie, cru \u00e0 la R\u00e9volution. L\u2019histoire se souviendra de lui, en Tunisie et dans le monde comme d\u2019un grand militant et l\u2019un des symboles de la lib\u00e9ration nationale.<\/p>\n<p>Le pr\u00e9sident de la R\u00e9publique a charg\u00e9 l\u2019ambassadeur de Tunisie \u00e0 Paris de faciliter toutes les proc\u00e9dures de transfert du corps du d\u00e9funt en Tunisie, afin de respecter sa volont\u00e9 d\u2019\u00eatre enterr\u00e9 sur le sol qui l\u2019a vu na\u00eetre.<\/p>\n<div class=\"swp_social_panel swp_horizontal_panel swp_flat_fresh swp_default_full_color swp_individual_full_color swp_other_full_color scale-100 scale-\" data-min-width=\"1100\" data-float-color=\"#ffffff\" data-float=\"bottom\" data-float-mobile=\"bottom\" data-transition=\"slide\">\n<div class=\"nc_tweetContainer swp_share_button total_shares total_sharesalt\"><span class=\"swp_count\">5 <span class=\"swp_label\">Partages<\/span><\/span><\/div>\n<\/div>\n<p><strong>Que se passe-t-il en Tunisie?<\/strong><br \/>Nous expliquons sur notre <a href=\"https:\/\/www.youtube.com\/channel\/UCRzypVq0B_yBad5eGrwBx0Q?sub_confirmation=1\" target=\"_blank\" rel=\"noopener\">cha\u00eene YouTube<\/a> . <a href=\"https:\/\/www.youtube.com\/channel\/UCRzypVq0B_yBad5eGrwBx0Q?sub_confirmation=1\" target=\"_blank\" rel=\"noopener\">Abonnez-vous!<\/a><\/p>\n<div class=\"mvp-org-wrap mvp-org-logo\" itemprop=\"publisher\"><img decoding=\"async\" src=\"https:\/\/www.tunisienumerique.com\/wp-content\/uploads\/2017\/02\/logo_tunisie_numerique.png\"\/><\/div>\n<div class=\"mvp-related-posts left relative\">\n<h4 class=\"post-header\"><span class=\"post-header\">Lire aussi<\/span><\/h4>\n<\/div>\n<div id=\"article-ad\"><ins class=\"adsbygoogle c5\" data-ad-client=\"ca-pub-2102118777505746\" data-ad-slot=\"6513972734\" data-ad-format=\"auto\" data-full-width-responsive=\"true\"\/> <\/div>\n<\/div>\n<div id=\"post-sidebar-wrap\"><ins class=\"adsbygoogle c5\" data-ad-client=\"ca-pub-2102118777505746\" data-ad-slot=\"6168283410\" data-ad-format=\"auto\" data-full-width-responsive=\"true\"\/> <\/div>\n<p>Auteur: rania ben slimane<br \/>\n<a href=\"https:\/\/www.tunisienumerique.com\/tunisie-le-president-de-la-republique-rend-hommage-au-militant-gilbert-naccache\/\">Cliquez ici pour lire l&rsquo;article depuis sa source.<\/a><\/p>\n","protected":false},"excerpt":{"rendered":"<p>Par rania ben slimane \u00a0| Il y a 25 minutes \ud83d\udd0a \u00c9coutez l&rsquo;article Le pr\u00e9sident de la R\u00e9publique, Kais Sa\u00efd, a rendu\u00a0 hommage \u00e0 l\u2019un des militants tunisiens engag\u00e9s qui ont cru aux principes de la libert\u00e9 et de la justice et ont men\u00e9 une lutte acharn\u00e9e pour les concr\u00e9tiser jusqu\u2019\u00e0 leur dernier souffle. La [&hellip;]<\/p>\n","protected":false},"author":1789,"featured_media":0,"comment_status":"closed","ping_status":"closed","sticky":false,"template":"","format":"standard","meta":{"fifu_image_url":"https:\/\/secure.gravatar.com\/avatar\/ea481d7287ad38ca1787f44b5bb1b70e?s=50&d=mm&r=g","fifu_image_alt":"Tunisie: Le Pr\u00e9sident de la R\u00e9publique rend hommage au militant Gilbert Naccache","footnotes":""},"categories":[73,55],"tags":[],"class_list":["post-108086","post","type-post","status-publish","format-standard","hentry","category-actualite","category-tunisie"],"_links":{"self":[{"href":"https:\/\/linitiative.ca\/International\/wp-json\/wp\/v2\/posts\/108086","targetHints":{"allow":["GET"]}}],"collection":[{"href":"https:\/\/linitiative.ca\/International\/wp-json\/wp\/v2\/posts"}],"about":[{"href":"https:\/\/linitiative.ca\/International\/wp-json\/wp\/v2\/types\/post"}],"author":[{"embeddable":true,"href":"https:\/\/linitiative.ca\/International\/wp-json\/wp\/v2\/users\/1789"}],"replies":[{"embeddable":true,"href":"https:\/\/linitiative.ca\/International\/wp-json\/wp\/v2\/comments?post=108086"}],"version-history":[{"count":0,"href":"https:\/\/linitiative.ca\/International\/wp-json\/wp\/v2\/posts\/108086\/revisions"}],"wp:attachment":[{"href":"https:\/\/linitiative.ca\/International\/wp-json\/wp\/v2\/media?parent=108086"}],"wp:term":[{"taxonomy":"category","embeddable":true,"href":"https:\/\/linitiative.ca\/International\/wp-json\/wp\/v2\/categories?post=108086"},{"taxonomy":"post_tag","embeddable":true,"href":"https:\/\/linitiative.ca\/International\/wp-json\/wp\/v2\/tags?post=108086"}],"curies":[{"name":"wp","href":"https:\/\/api.w.org\/{rel}","templated":true}]}}