{"id":108091,"date":"2020-12-26T13:37:12","date_gmt":"2020-12-26T18:37:12","guid":{"rendered":"https:\/\/linitiative.ca\/International\/fete-de-noel-2020-leglise-catholique-appelle-a-dire-oui-a-la-famille\/"},"modified":"2020-12-26T13:37:12","modified_gmt":"2020-12-26T18:37:12","slug":"fete-de-noel-2020-leglise-catholique-appelle-a-dire-oui-a-la-famille","status":"publish","type":"post","link":"https:\/\/linitiative.ca\/International\/fete-de-noel-2020-leglise-catholique-appelle-a-dire-oui-a-la-famille\/","title":{"rendered":"F\u00eate de No\u00ebl 2020: L\u2019\u00e9glise catholique appelle \u00e0 dire \u00ab\u00a0oui\u00a0\u00bb \u00e0 la famille"},"content":{"rendered":"<div class=\"td-post-featured-image\"><a href=\"https:\/\/www.sidwaya.info\/wp-content\/uploads\/2020\/12\/noel11.jpg\" data-caption=\"\"><img loading=\"lazy\" decoding=\"async\" width=\"696\" height=\"464\" class=\"entry-thumb td-modal-image\" src=\"https:\/\/www.sidwaya.info\/wp-content\/uploads\/2020\/12\/noel11-696x464.jpg\" srcset=\"https:\/\/www.sidwaya.info\/wp-content\/uploads\/2020\/12\/noel11-696x464.jpg 696w, https:\/\/www.sidwaya.info\/wp-content\/uploads\/2020\/12\/noel11-300x200.jpg 300w, https:\/\/www.sidwaya.info\/wp-content\/uploads\/2020\/12\/noel11-768x512.jpg 768w, https:\/\/www.sidwaya.info\/wp-content\/uploads\/2020\/12\/noel11-150x100.jpg 150w, https:\/\/www.sidwaya.info\/wp-content\/uploads\/2020\/12\/noel11-630x420.jpg 630w, https:\/\/www.sidwaya.info\/wp-content\/uploads\/2020\/12\/noel11.jpg 900w\" sizes=\"auto, (max-width: 696px) 100vw, 696px\" alt=\"\" title=\"noel11\"\/><\/a><\/div>\n<p><strong>Les fid\u00e8les chr\u00e9tiens de la Paroisse cath\u00e9drale de Ouagadougou ont c\u00e9l\u00e9br\u00e9 la naissance de J\u00e9sus Christ, No\u00ebl, dans la nuit du jeudi 24 d\u00e9cembre 2020, Dieu \u00e9ternel et tout puissant s\u2019est fait homme.<\/strong><\/p>\n<p>Dieu s\u2019est manifest\u00e9 \u00e0 l\u2019humanit\u00e9 dans la simplicit\u00e9 et dans la pauvret\u00e9 \u00e0 travers la naissance de J\u00e9sus Christ\u00a0: c\u2019est No\u00ebl. Pour cette solennit\u00e9 de la naissance de leur sauveur, les fid\u00e8les chr\u00e9tiens de la paroisse cath\u00e9drale de Ouagadougou ont particip\u00e9, dans la nuit du jeudi 24 d\u00e9cembre 2020, \u00e0 la c\u00e9l\u00e9bration du Saint sacrement dont l\u2019eucharistie a \u00e9t\u00e9 pr\u00e9sid\u00e9e par l\u2019archev\u00eaque m\u00e9tropolitain de Ouagadougou, le cardinal Philippe Ou\u00e9draogo. Pour lui, cette c\u00e9l\u00e9bration du Saint sacrement consiste en soi, une action de gr\u00e2ce pour tous les bienfaits de Dieu, une intercession pour les besoins et une esp\u00e9rance pour les \u00ab\u00a0<em>moments forts des \u00e9lections desquels le Burkina Faso sort assez satisfait<\/em>\u00a0\u00bb. \u00ab\u00a0<em>Nous devons dire merci \u00e0 Dieu et lui demander de nous transformer pour que nous soyons humbles comme les rois mages qui ont accouru \u00e0 la naissance de J\u00e9sus Christ \u00e0 Bethleem<\/em>\u00a0\u00bb, a dit le cardinal Philippe Ou\u00e9draogo. La lumi\u00e8re luit dans les t\u00e9n\u00e8bres, a pr\u00e9cis\u00e9 le cardinal, avec cette No\u00ebl de la pand\u00e9mie de la COVID-19 qui a frapp\u00e9 aveuglement le monde entier. Et de poursuivre que le contexte sanitaire et s\u00e9curitaire, ainsi que le contexte socio\u00e9conomique constituent une \u00ab\u00a0<em>ombre \u00e9paisse\u00a0<\/em>\u00bb que le monde doit \u00e9viter et tirer des le\u00e7ons. La naissance du Christ, a-t-il rench\u00e9ri, est une grande occasion pour tous et pour chacun, de se reconnaitre p\u00eacheur et de travailler pour un monde plus humain, plus juste et plus uni. \u00ab\u00a0<em>C\u2019est la f\u00eate de l\u2019Emmanuel, Dieu est avec nous et nous devons travailler \u00e0 devenir comme Marie qui a dit \u2018\u2019oui\u2019\u2019 avec humilit\u00e9 et confiance<\/em>\u00a0\u00bb, a-t-il laiss\u00e9 entendre. Citant le Pape Fran\u00e7ois dans son hom\u00e9lie, l\u2019archev\u00eaque a d\u00e9nonc\u00e9 les \u00ab\u00a0<em>fl\u00e9aux de l\u2019humanit\u00e9<\/em>\u00a0\u00bb que sont l\u2019avortement, la contraception, le mariage homosexuelle, l\u2019euthanasie, le divorce \u2026, avant de souligner la sacralit\u00e9 de la vie humaine et d\u2019appeler \u00e0 une \u00e9ducation de la jeunesse et \u00e0 leur sexualit\u00e9 responsable. \u00ab\u00a0<em>No\u00ebl est un \u2018\u2019oui\u2019\u2019 \u00e0 la vie humaine et \u00e0 la famille<\/em>\u00a0\u00bb, a-t-il conclu.<\/p>\n<p><strong>Pri\u00e8re pour la paix et la s\u00e9curit\u00e9<\/strong><\/p>\n<p><img decoding=\"async\" loading=\"lazy\" class=\"alignleft size-full wp-image-30977\" src=\"https:\/\/www.sidwaya.info\/wp-content\/uploads\/2020\/12\/noel2.jpg\" alt=\"\" width=\"900\" height=\"600\" srcset=\"https:\/\/www.sidwaya.info\/wp-content\/uploads\/2020\/12\/noel2.jpg 900w, https:\/\/www.sidwaya.info\/wp-content\/uploads\/2020\/12\/noel2-300x200.jpg 300w, https:\/\/www.sidwaya.info\/wp-content\/uploads\/2020\/12\/noel2-768x512.jpg 768w, https:\/\/www.sidwaya.info\/wp-content\/uploads\/2020\/12\/noel2-150x100.jpg 150w, https:\/\/www.sidwaya.info\/wp-content\/uploads\/2020\/12\/noel2-696x464.jpg 696w, https:\/\/www.sidwaya.info\/wp-content\/uploads\/2020\/12\/noel2-630x420.jpg 630w\" sizes=\"auto, (max-width: 900px) 100vw, 900px\"\/><\/p>\n<p>Fid\u00e8le de la paroisse, Didier Zida a dit sa joie de c\u00e9l\u00e9brer cette No\u00ebl avec ses fr\u00e8res et s\u0153urs. M. Zida a toutefois appel\u00e9 les fid\u00e8les \u00e0 respecter les directives du gouvernement pour mieux lutter contre la pand\u00e9mie \u00e0 coronavirus qui a entam\u00e9 sa deuxi\u00e8me phase de contamination. Pour sa part, Sylvie Tapsoba, une autre fid\u00e8le, a confi\u00e9 avoir pri\u00e9 pour que le \u00ab\u00a0<em>Petit\u00a0J\u00e9sus<\/em>\u00a0\u00bb lui donne beaucoup de sant\u00e9 et surtout la paix et la s\u00e9curit\u00e9 au Burkina Faso.<\/p>\n<p>Plusieurs personnalit\u00e9s ont particip\u00e9 \u00e0 cette messe, dont le maire de Ouagadougou, Pierre Armand B\u00e9ouind\u00e9, le ministre en charge de l\u2019administration territoriale, Sim\u00e9on Sawadogo, le pr\u00e9sident de l\u2019Assembl\u00e9e nationale (PAN), Alassane Bala Sakand\u00e9 et l\u2019ancien pr\u00e9sident Guin\u00e9en, Dadis Camara. Venu communier avec l\u2019\u00e9glise catholique, le PAN, Alassane Bala Sakand\u00e9 l\u2019a remerci\u00e9e pour les pri\u00e8res et b\u00e9n\u00e9dictions \u00e0 l\u2019endroit du pays. \u00ab\u00a0<em>Avec les \u00e9lections qui se sont bien pass\u00e9es nous pouvons dire merci \u00e0 Dieu pour ce qu\u2019il a fait pour notre pays. Pour nous, venir \u00e0 la messe de ce soir, c\u2019est f\u00eater avec les chr\u00e9tiens du Burkina Faso et demander \u00e0 Dieu de continuer de mettre sa main sur notre pays pour le nouvel an qui s\u2019annonce en nous apportant la paix, la sant\u00e9, parce que cette ann\u00e9e, le Burkina Faso a \u00e9t\u00e9 \u00e9prouv\u00e9 par la maladie et les attaques terroristes<\/em>\u00a0\u00bb, a-t-il dit. Quant au maire de la ville de Ouagadougou, Pierre Armand B\u00e9ouind\u00e9 dit avoir prier pour ses concitoyens. \u00ab\u00a0<em>Les conseils que peux leur donner, c\u2019est de les inviter \u00e0 faire la f\u00eate dans la mesure parce que la COVID-19 est toujours l\u00e0. F\u00eatons dans l\u2019all\u00e9gresse certes, mais avec beaucoup de prudence en respectant les conseils donn\u00e9s par les autorit\u00e9s sanitaires\u00a0<\/em>\u00bb, a-t-il conseill\u00e9.<\/p>\n<p>Au regard du contexte sanitaire, des associations comme Faso solidarit\u00e9 a proc\u00e9d\u00e9 \u00e0 une distribution gratuite de cache-nez et de gel hydroalcoolique aux fid\u00e8les avant d\u2019avoir acc\u00e8s \u00e0 l\u2019aire de la pri\u00e8re.<\/p>\n<p><strong>Jean-Marie TOE<\/strong><\/p>\n<div class=\"td-a-rec td-a-rec-id-content_bottom tdi_33_7e5 td_block_template_1\"><img loading=\"lazy\" decoding=\"async\" class=\"aligncenter size-full wp-image-27454\" src=\"https:\/\/www.sidwaya.info\/wp-content\/uploads\/2020\/10\/PUB-Bandeau-paiement-mobile-siteweb.jpg\" alt=\"\" width=\"728\" height=\"90\"\/><\/div>\n<p>Auteur: BS. Sidwaya<br \/>\n<a href=\"https:\/\/www.sidwaya.info\/blog\/2020\/12\/26\/fete-de-noel-2020-leglise-catholique-appelle-a-dire-oui-a-la-famille\/\">Cliquez ici pour lire l&rsquo;article depuis sa source.<\/a><\/p>\n","protected":false},"excerpt":{"rendered":"<p>Les fid\u00e8les chr\u00e9tiens de la Paroisse cath\u00e9drale de Ouagadougou ont c\u00e9l\u00e9br\u00e9 la naissance de J\u00e9sus Christ, No\u00ebl, dans la nuit du jeudi 24 d\u00e9cembre 2020, Dieu \u00e9ternel et tout puissant s\u2019est fait homme. Dieu s\u2019est manifest\u00e9 \u00e0 l\u2019humanit\u00e9 dans la simplicit\u00e9 et dans la pauvret\u00e9 \u00e0 travers la naissance de J\u00e9sus Christ\u00a0: c\u2019est No\u00ebl. Pour [&hellip;]<\/p>\n","protected":false},"author":1816,"featured_media":0,"comment_status":"closed","ping_status":"closed","sticky":false,"template":"","format":"standard","meta":{"fifu_image_url":"https:\/\/www.sidwaya.info\/wp-content\/uploads\/2020\/12\/noel11-696x464.jpg","fifu_image_alt":"F\u00eate de No\u00ebl 2020: L\u2019\u00e9glise catholique appelle \u00e0 dire \u00ab\u00a0oui\u00a0\u00bb \u00e0 la famille","footnotes":""},"categories":[73,81],"tags":[],"class_list":["post-108091","post","type-post","status-publish","format-standard","hentry","category-actualite","category-burkina-faso"],"_links":{"self":[{"href":"https:\/\/linitiative.ca\/International\/wp-json\/wp\/v2\/posts\/108091","targetHints":{"allow":["GET"]}}],"collection":[{"href":"https:\/\/linitiative.ca\/International\/wp-json\/wp\/v2\/posts"}],"about":[{"href":"https:\/\/linitiative.ca\/International\/wp-json\/wp\/v2\/types\/post"}],"author":[{"embeddable":true,"href":"https:\/\/linitiative.ca\/International\/wp-json\/wp\/v2\/users\/1816"}],"replies":[{"embeddable":true,"href":"https:\/\/linitiative.ca\/International\/wp-json\/wp\/v2\/comments?post=108091"}],"version-history":[{"count":0,"href":"https:\/\/linitiative.ca\/International\/wp-json\/wp\/v2\/posts\/108091\/revisions"}],"wp:attachment":[{"href":"https:\/\/linitiative.ca\/International\/wp-json\/wp\/v2\/media?parent=108091"}],"wp:term":[{"taxonomy":"category","embeddable":true,"href":"https:\/\/linitiative.ca\/International\/wp-json\/wp\/v2\/categories?post=108091"},{"taxonomy":"post_tag","embeddable":true,"href":"https:\/\/linitiative.ca\/International\/wp-json\/wp\/v2\/tags?post=108091"}],"curies":[{"name":"wp","href":"https:\/\/api.w.org\/{rel}","templated":true}]}}