{"id":108093,"date":"2020-12-26T08:28:34","date_gmt":"2020-12-26T13:28:34","guid":{"rendered":"https:\/\/linitiative.ca\/International\/chan-2021-%e2%80%89tara%e2%80%89-va-en-tournee\/"},"modified":"2020-12-26T08:28:34","modified_gmt":"2020-12-26T13:28:34","slug":"chan-2021-%e2%80%89tara%e2%80%89-va-en-tournee","status":"publish","type":"post","link":"https:\/\/linitiative.ca\/International\/chan-2021-%e2%80%89tara%e2%80%89-va-en-tournee\/","title":{"rendered":"CHAN 2021 : \u00ab\u2009Tara\u2009\u00bb va en tourn\u00e9e"},"content":{"rendered":"<div readability=\"32\">\n<p>Publi\u00e9 le 26.12.2020 \u00e0 14h28 par JournalduCameroun.com<\/p>\n<\/div>\n<div readability=\"62\">\n<h2 class=\"c6\">La mascotte de cette comp\u00e9tition de football que le Cameroun va accueillir d\u00e8s janvier prochain est attendue dans la ville h\u00f4te du championnat.<\/h2>\n<p class=\"c7\"><em>\u00ab\u2009Tara\u2009\u00bb,<\/em> <strong>la mascotte<\/strong> du Championnat d\u2019Afrique des nations de football (CHAN) \u00ab\u2009fera une tourn\u00e9e dans les villes devant la comp\u00e9tition\u2009\u00bb. C\u2019est la substance d\u2019un communiqu\u00e9 du ministre de la Jeunesse et de l\u2019Education physique ce 24\u00a0d\u00e9cembre.<\/p>\n<p class=\"c7\">La tourn\u00e9e est pr\u00e9vue du 27 au 30\u00a0d\u00e9cembre 2020. Elle va s\u2019effectu\u00e9e selon le programme suivant\u00a0: une c\u00e9r\u00e9monie de lancement au palais des sports de Yaound\u00e9 le 27\u00a0d\u00e9cembre, le 29\u00a0d\u00e9cembre la mascotte sera \u00e0 Douala, puis le 30\u00a0d\u00e9cembre \u00e0 Limbe et Buea, dans la r\u00e9gion du Sud-ouest.<\/p>\n<p class=\"c7\">Le but de cette tourn\u00e9e, selon le ministre des Sports, est de <em>\u00ab\u2009rapprocher la comp\u00e9tition de son public\u2009\u00bb<\/em>. Initialement pr\u00e9vu en avril de cette ann\u00e9e, le <strong>CHAN<\/strong> a \u00e9t\u00e9 renvoy\u00e9 en 2021 pour cause de pand\u00e9mie du coronavirus. La comp\u00e9tition se jouera du 16\u00a0janvier au 7\u00a0f\u00e9vrier 2021.<\/p>\n<p class=\"c7\">Pour respecter les mesures barri\u00e8res li\u00e9es \u00e0 cette pand\u00e9mie, <em>\u00ab\u200925\u00a0% de spectateurs seront admis dans les stades dans la premi\u00e8re phase, c\u2019est-\u00e0-dire les matches de poule. Par la suite, cela pourra \u00eatre port\u00e9 \u00e0 50\u00a0% \u00e0 condition que les mesures barri\u00e8res soient mises en ex\u00e9cution\u2009\u00bb<\/em>, a d\u00e9clar\u00e9, mercredi \u00e0 la radio publique, le ministre des Sports et de l\u2019Education physique, Narcisse Mouelle Kombi.<\/p>\n<\/div>\n<p>Auteur: Ludovic Amara<br \/>\n<a href=\"https:\/\/www.journalducameroun.com\/chan-2021-%E2%80%89tara%E2%80%89-va-en-tournee-cameroun\/\">Cliquez ici pour lire l&rsquo;article depuis sa source.<\/a><\/p>\n","protected":false},"excerpt":{"rendered":"<p>Publi\u00e9 le 26.12.2020 \u00e0 14h28 par JournalduCameroun.com La mascotte de cette comp\u00e9tition de football que le Cameroun va accueillir d\u00e8s janvier prochain est attendue dans la ville h\u00f4te du championnat. \u00ab\u2009Tara\u2009\u00bb, la mascotte du Championnat d\u2019Afrique des nations de football (CHAN) \u00ab\u2009fera une tourn\u00e9e dans les villes devant la comp\u00e9tition\u2009\u00bb. C\u2019est la substance d\u2019un communiqu\u00e9 [&hellip;]<\/p>\n","protected":false},"author":1965,"featured_media":0,"comment_status":"closed","ping_status":"closed","sticky":false,"template":"","format":"standard","meta":{"fifu_image_url":"","fifu_image_alt":"","footnotes":""},"categories":[73,82],"tags":[],"class_list":["post-108093","post","type-post","status-publish","format-standard","hentry","category-actualite","category-cameroun"],"_links":{"self":[{"href":"https:\/\/linitiative.ca\/International\/wp-json\/wp\/v2\/posts\/108093","targetHints":{"allow":["GET"]}}],"collection":[{"href":"https:\/\/linitiative.ca\/International\/wp-json\/wp\/v2\/posts"}],"about":[{"href":"https:\/\/linitiative.ca\/International\/wp-json\/wp\/v2\/types\/post"}],"author":[{"embeddable":true,"href":"https:\/\/linitiative.ca\/International\/wp-json\/wp\/v2\/users\/1965"}],"replies":[{"embeddable":true,"href":"https:\/\/linitiative.ca\/International\/wp-json\/wp\/v2\/comments?post=108093"}],"version-history":[{"count":0,"href":"https:\/\/linitiative.ca\/International\/wp-json\/wp\/v2\/posts\/108093\/revisions"}],"wp:attachment":[{"href":"https:\/\/linitiative.ca\/International\/wp-json\/wp\/v2\/media?parent=108093"}],"wp:term":[{"taxonomy":"category","embeddable":true,"href":"https:\/\/linitiative.ca\/International\/wp-json\/wp\/v2\/categories?post=108093"},{"taxonomy":"post_tag","embeddable":true,"href":"https:\/\/linitiative.ca\/International\/wp-json\/wp\/v2\/tags?post=108093"}],"curies":[{"name":"wp","href":"https:\/\/api.w.org\/{rel}","templated":true}]}}