{"id":108094,"date":"2020-12-26T09:21:53","date_gmt":"2020-12-26T14:21:53","guid":{"rendered":"https:\/\/linitiative.ca\/International\/cameroun-le-gouvernement-va-recruter-et-former-plus-de-600-infirmiers-dans-les-ecoles-publiques-et-privees\/"},"modified":"2020-12-26T09:21:53","modified_gmt":"2020-12-26T14:21:53","slug":"cameroun-le-gouvernement-va-recruter-et-former-plus-de-600-infirmiers-dans-les-ecoles-publiques-et-privees","status":"publish","type":"post","link":"https:\/\/linitiative.ca\/International\/cameroun-le-gouvernement-va-recruter-et-former-plus-de-600-infirmiers-dans-les-ecoles-publiques-et-privees\/","title":{"rendered":"Cameroun : le gouvernement va recruter et former plus de 600 infirmiers dans les \u00e9coles publiques et priv\u00e9es"},"content":{"rendered":"<div readability=\"32\">\n<p>Publi\u00e9 le 26.12.2020 \u00e0 15h21 par JournalduCameroun.com<\/p>\n<\/div>\n<div readability=\"58\">\n<h2 class=\"c6\">Le concours vient d\u2019\u00eatre lanc\u00e9 par le minist\u00e8re de la Sant\u00e9 publique. Il est ouvert jusqu\u2019au 8\u00a0janvier 2021.<\/h2>\n<p class=\"c7\">Un concours pour le <strong>recrutement<\/strong>, et la formation de <strong>680\u00a0personnels infirmiers sp\u00e9cialis\u00e9s<\/strong> et m\u00e9dico-sanitaires vient d\u2019\u00eatre lanc\u00e9 par le minist\u00e8re de la Sant\u00e9 publique, au titre de l\u2019ann\u00e9e\u00a02020-2021. Les personnels sont recrut\u00e9s dans \u00e9coles publiques et priv\u00e9es de formation du <strong>Cameroun<\/strong>.<\/p>\n<p><img loading=\"lazy\" decoding=\"async\" class=\"alignnone size-medium wp-image-381473\" src=\"https:\/\/www.journalducameroun.com\/wp-content\/uploads\/2020\/12\/WhatsApp-Image-2020-12-26-at-07.40.10-1-214x300.jpeg\" alt=\"\" width=\"214\" height=\"300\" srcset=\"https:\/\/www.journalducameroun.com\/wp-content\/uploads\/2020\/12\/WhatsApp-Image-2020-12-26-at-07.40.10-1-214x300.jpeg 214w, https:\/\/www.journalducameroun.com\/wp-content\/uploads\/2020\/12\/WhatsApp-Image-2020-12-26-at-07.40.10-1.jpeg 729w, https:\/\/www.journalducameroun.com\/wp-content\/uploads\/2020\/12\/WhatsApp-Image-2020-12-26-at-07.40.10-1-313x440.jpeg 313w, https:\/\/www.journalducameroun.com\/wp-content\/uploads\/2020\/12\/WhatsApp-Image-2020-12-26-at-07.40.10-1-600x843.jpeg 600w\" sizes=\"auto, (max-width: 214px) 100vw, 214px\"\/><img loading=\"lazy\" decoding=\"async\" class=\"alignnone size-medium wp-image-381474\" src=\"https:\/\/www.journalducameroun.com\/wp-content\/uploads\/2020\/12\/WhatsApp-Image-2020-12-26-at-07.40.28-213x300.jpeg\" alt=\"\" width=\"213\" height=\"300\" srcset=\"https:\/\/www.journalducameroun.com\/wp-content\/uploads\/2020\/12\/WhatsApp-Image-2020-12-26-at-07.40.28-213x300.jpeg 213w, https:\/\/www.journalducameroun.com\/wp-content\/uploads\/2020\/12\/WhatsApp-Image-2020-12-26-at-07.40.28.jpeg 728w, https:\/\/www.journalducameroun.com\/wp-content\/uploads\/2020\/12\/WhatsApp-Image-2020-12-26-at-07.40.28-313x440.jpeg 313w, https:\/\/www.journalducameroun.com\/wp-content\/uploads\/2020\/12\/WhatsApp-Image-2020-12-26-at-07.40.28-600x844.jpeg 600w\" sizes=\"auto, (max-width: 213px) 100vw, 213px\"\/><\/p>\n<p class=\"c7\">Pour ce recrutement, l\u2019Etat va solliciter des\u00a0techniciens principaux m\u00e9dico-sanitaires selon la r\u00e9partition suivante\u00a0: 60 places en g\u00e9nie sanitaire, 60 places en imagerie m\u00e9dicale\u00a060 en kin\u00e9sith\u00e9rapie, 60 en optique et r\u00e9fraction, 60 en proth\u00e8ses dentaires, 60 en psychomotricit\u00e9 et relaxation, 60 en sciences pharmaceutiques\u00a0; et 60\u00a0palaces en soins dentaires.<\/p>\n<p class=\"c7\">A ceux-l\u00e0, il faudra ajouter 200\u00a0places \u00e9quitablement r\u00e9parties entre l\u2019ophtalmologie, l\u2019anesth\u00e9sie, la sant\u00e9 mentale et la g\u00e9rontologie.<\/p>\n<p class=\"c7\">Le recrutement se fait sur \u00e9tudes de dossiers. Peuvent faire acte de candidature, les Camerounais et les \u00e9trangers des deux sexes \u00e2g\u00e9s de 40\u00a0ans un plus au 1<sup>er<\/sup>\u00a0janviers 2020.<\/p>\n<\/div>\n<p>Auteur: Ludovic Amara<br \/>\n<a href=\"https:\/\/www.journalducameroun.com\/cameroun-le-gouvernement-va-recruter-et-former-plus-de-600-infirmiers-dans-les-ecoles-publiques-et-privees-cameroun\/\">Cliquez ici pour lire l&rsquo;article depuis sa source.<\/a><\/p>\n","protected":false},"excerpt":{"rendered":"<p>Publi\u00e9 le 26.12.2020 \u00e0 15h21 par JournalduCameroun.com Le concours vient d\u2019\u00eatre lanc\u00e9 par le minist\u00e8re de la Sant\u00e9 publique. Il est ouvert jusqu\u2019au 8\u00a0janvier 2021. Un concours pour le recrutement, et la formation de 680\u00a0personnels infirmiers sp\u00e9cialis\u00e9s et m\u00e9dico-sanitaires vient d\u2019\u00eatre lanc\u00e9 par le minist\u00e8re de la Sant\u00e9 publique, au titre de l\u2019ann\u00e9e\u00a02020-2021. Les personnels [&hellip;]<\/p>\n","protected":false},"author":1965,"featured_media":0,"comment_status":"closed","ping_status":"closed","sticky":false,"template":"","format":"standard","meta":{"fifu_image_url":"https:\/\/www.journalducameroun.com\/wp-content\/uploads\/2020\/12\/WhatsApp-Image-2020-12-26-at-07.40.10-1-214x300.jpeg","fifu_image_alt":"Cameroun : le gouvernement va recruter et former plus de 600 infirmiers dans les \u00e9coles publiques et priv\u00e9es","footnotes":""},"categories":[73,82],"tags":[],"class_list":["post-108094","post","type-post","status-publish","format-standard","hentry","category-actualite","category-cameroun"],"_links":{"self":[{"href":"https:\/\/linitiative.ca\/International\/wp-json\/wp\/v2\/posts\/108094","targetHints":{"allow":["GET"]}}],"collection":[{"href":"https:\/\/linitiative.ca\/International\/wp-json\/wp\/v2\/posts"}],"about":[{"href":"https:\/\/linitiative.ca\/International\/wp-json\/wp\/v2\/types\/post"}],"author":[{"embeddable":true,"href":"https:\/\/linitiative.ca\/International\/wp-json\/wp\/v2\/users\/1965"}],"replies":[{"embeddable":true,"href":"https:\/\/linitiative.ca\/International\/wp-json\/wp\/v2\/comments?post=108094"}],"version-history":[{"count":0,"href":"https:\/\/linitiative.ca\/International\/wp-json\/wp\/v2\/posts\/108094\/revisions"}],"wp:attachment":[{"href":"https:\/\/linitiative.ca\/International\/wp-json\/wp\/v2\/media?parent=108094"}],"wp:term":[{"taxonomy":"category","embeddable":true,"href":"https:\/\/linitiative.ca\/International\/wp-json\/wp\/v2\/categories?post=108094"},{"taxonomy":"post_tag","embeddable":true,"href":"https:\/\/linitiative.ca\/International\/wp-json\/wp\/v2\/tags?post=108094"}],"curies":[{"name":"wp","href":"https:\/\/api.w.org\/{rel}","templated":true}]}}