{"id":108095,"date":"2020-12-26T10:13:10","date_gmt":"2020-12-26T15:13:10","guid":{"rendered":"https:\/\/linitiative.ca\/International\/la-situation-republique-centrafricaine-au-coeur-dun-sommet-extraordinaire-en-visioconference-de-la-ceeac\/"},"modified":"2020-12-26T10:13:10","modified_gmt":"2020-12-26T15:13:10","slug":"la-situation-republique-centrafricaine-au-coeur-dun-sommet-extraordinaire-en-visioconference-de-la-ceeac","status":"publish","type":"post","link":"https:\/\/linitiative.ca\/International\/la-situation-republique-centrafricaine-au-coeur-dun-sommet-extraordinaire-en-visioconference-de-la-ceeac\/","title":{"rendered":"La situation R\u00e9publique centrafricaine au c\u0153ur d\u2019un sommet extraordinaire en visioconf\u00e9rence de la CEEAC"},"content":{"rendered":"<div readability=\"32\">\n<p>Publi\u00e9 le 26.12.2020 \u00e0 16h13 par JournalduCameroun.com<\/p>\n<\/div>\n<div readability=\"64\">\n<h2 class=\"c6\">Le pr\u00e9sident du Cameroun \u00e9tait repr\u00e9sent\u00e9 ce 26\u00a0d\u00e9cembre 2020 par le ministre des Relations ext\u00e9rieures, Lejeune Mbella Mbella.<\/h2>\n<p class=\"c7\">D\u2019apr\u00e8s le minist\u00e8re camerounais des Relations ext\u00e9rieures, un <strong>sommet extraordinaire<\/strong> de la Communaut\u00e9 \u00c9conomique des \u00c9tats de l\u2019Afrique Centrale (CEEAC) ce 26\u00a0d\u00e9cembre \u00e0 la demande du pr\u00e9sident Denis Sassou Nguesso du Congo-Brazza.<\/p>\n<p class=\"c7\">Il s\u2019agit pour la <strong>CEEAC<\/strong> d\u2019examiner la situation en <strong>R\u00e9publique centrafricaine<\/strong> o\u00f9 le climat politique s\u2019est tendu depuis plusieurs semaines. <em>\u00ab\u00a0Ledit sommet, ouvert en visioconf\u00e9rence ce 26\u00a0d\u00e9cembre 2020 \u00e0 11\u00a0h, a \u00e9t\u00e9 convoqu\u00e9 en urgence le 25\u00a0d\u00e9cembre par le Pr\u00e9sident Congolais, D\u00e9nis Sassou Nguesso, Pr\u00e9sident en Exercice de la CEEAC, \u00e0 la demande du Pr\u00e9sident de la R.C.A., Faustin-Archange Touadera\u00a0\u00bb<\/em> renseigne le minist\u00e8re des Relations ext\u00e9rieures (Minrex). Le pr\u00e9sident Paul Biya s\u2019est fait repr\u00e9senter par son ministre des Relations ext\u00e9rieures.<\/p>\n<p class=\"c7\"><em>\u00ab\u00a0Cinq Chefs d\u2019\u00c9tat y prennent part, notamment ceux du Congo, du Burundi, de la RCA, de la RDC et de la Guin\u00e9e \u00c9quatoriale. Les six autres \u00c9tats membres sont repr\u00e9sent\u00e9s par leurs ministres en charge des Affaires \u00e9trang\u00e8res\u00a0\u00bb,<\/em> peut-on lire sur le compte Facebook du minist\u00e8re.<\/p>\n<p class=\"c7\">Ce sommet a pour but de <em>\u00ab\u00a0s\u2019accorder sur la r\u00e9ponse commune de l\u2019instance sous r\u00e9gionale \u00e0 la situation politique et s\u00e9curitaire en R.C.A., en proie \u00e0 des hostilit\u00e9s ouvertes par des groupes rebelles, \u00e0 la veille de l\u2019\u00e9lection pr\u00e9sidentielle pr\u00e9vue le 27\u00a0d\u00e9cembre 2020, ce dans le strict respect de sa souverainet\u00e9 et de son int\u00e9grit\u00e9 territoriale\u00a0\u00bb<\/em>, fait savoir le Minrex.<\/p>\n<\/div>\n<p>Auteur: Ludovic Amara<br \/>\n<a href=\"https:\/\/www.journalducameroun.com\/la-situation-republique-centrafricaine-au-coeur-dun-sommet-extraordinaire-en-visioconference-de-la-ceeac\/\">Cliquez ici pour lire l&rsquo;article depuis sa source.<\/a><\/p>\n","protected":false},"excerpt":{"rendered":"<p>Publi\u00e9 le 26.12.2020 \u00e0 16h13 par JournalduCameroun.com Le pr\u00e9sident du Cameroun \u00e9tait repr\u00e9sent\u00e9 ce 26\u00a0d\u00e9cembre 2020 par le ministre des Relations ext\u00e9rieures, Lejeune Mbella Mbella. D\u2019apr\u00e8s le minist\u00e8re camerounais des Relations ext\u00e9rieures, un sommet extraordinaire de la Communaut\u00e9 \u00c9conomique des \u00c9tats de l\u2019Afrique Centrale (CEEAC) ce 26\u00a0d\u00e9cembre \u00e0 la demande du pr\u00e9sident Denis Sassou Nguesso [&hellip;]<\/p>\n","protected":false},"author":1965,"featured_media":0,"comment_status":"closed","ping_status":"closed","sticky":false,"template":"","format":"standard","meta":{"fifu_image_url":"","fifu_image_alt":"","footnotes":""},"categories":[73,82],"tags":[],"class_list":["post-108095","post","type-post","status-publish","format-standard","hentry","category-actualite","category-cameroun"],"_links":{"self":[{"href":"https:\/\/linitiative.ca\/International\/wp-json\/wp\/v2\/posts\/108095","targetHints":{"allow":["GET"]}}],"collection":[{"href":"https:\/\/linitiative.ca\/International\/wp-json\/wp\/v2\/posts"}],"about":[{"href":"https:\/\/linitiative.ca\/International\/wp-json\/wp\/v2\/types\/post"}],"author":[{"embeddable":true,"href":"https:\/\/linitiative.ca\/International\/wp-json\/wp\/v2\/users\/1965"}],"replies":[{"embeddable":true,"href":"https:\/\/linitiative.ca\/International\/wp-json\/wp\/v2\/comments?post=108095"}],"version-history":[{"count":0,"href":"https:\/\/linitiative.ca\/International\/wp-json\/wp\/v2\/posts\/108095\/revisions"}],"wp:attachment":[{"href":"https:\/\/linitiative.ca\/International\/wp-json\/wp\/v2\/media?parent=108095"}],"wp:term":[{"taxonomy":"category","embeddable":true,"href":"https:\/\/linitiative.ca\/International\/wp-json\/wp\/v2\/categories?post=108095"},{"taxonomy":"post_tag","embeddable":true,"href":"https:\/\/linitiative.ca\/International\/wp-json\/wp\/v2\/tags?post=108095"}],"curies":[{"name":"wp","href":"https:\/\/api.w.org\/{rel}","templated":true}]}}