{"id":108096,"date":"2020-12-26T11:11:14","date_gmt":"2020-12-26T16:11:14","guid":{"rendered":"https:\/\/linitiative.ca\/International\/cameroun-le-ministre-talba-malla-fait-recommander-huit-jeunes-de-sa-localite-a-lecole-normale-superieure-de-maroua\/"},"modified":"2020-12-26T11:11:14","modified_gmt":"2020-12-26T16:11:14","slug":"cameroun-le-ministre-talba-malla-fait-recommander-huit-jeunes-de-sa-localite-a-lecole-normale-superieure-de-maroua","status":"publish","type":"post","link":"https:\/\/linitiative.ca\/International\/cameroun-le-ministre-talba-malla-fait-recommander-huit-jeunes-de-sa-localite-a-lecole-normale-superieure-de-maroua\/","title":{"rendered":"Cameroun : le ministre Talba Malla fait recommander huit jeunes de sa localit\u00e9 \u00e0 l\u2019Ecole normale sup\u00e9rieure de Maroua"},"content":{"rendered":"<div readability=\"32\">\n<p>Publi\u00e9 le 26.12.2020 \u00e0 17h11 par JournalduCameroun.com<\/p>\n<\/div>\n<div readability=\"56\">\n<h2 class=\"c6\">Il a adress\u00e9 une correspondance en ce sens au recteur de l\u2019Universit\u00e9 de Maroua, en septembre dernier, pour plaider la cause des compatriotes originaires de Mora et ses environs.<\/h2>\n<p class=\"c7\">L\u2019objet de la lettre du 28\u00a0septembre 2020 porte sur une <em>\u00ab\u2009recommandation\u2009\u00bb.<\/em> Avec un papier en-t\u00eate du minist\u00e8re des March\u00e9s publics, le patron de ce d\u00e9partement minist\u00e9riel, <strong>Ibrahim Talba Malla<\/strong>, saisis le recteur de l\u2019Universit\u00e9 de Maroua, dans la r\u00e9gion de l\u2019Extr\u00eame-nord.<\/p>\n<p class=\"c7\"><em>\u00ab\u2009En vous transmettant,<\/em> \u00e9crit le ministre Talba Malla, <em>pour examen bienveillant la liste de jeunes compatriotes originaires de ma localit\u00e9, candidats (au) concours d\u2019entr\u00e9e \u00e0 l\u2019<strong>ENS de Maroua\u2009<\/strong>\u00bb<\/em>.<\/p>\n<p class=\"c7\">Le ministre originaire de Mora (r\u00e9gion de l\u2019Extr\u00eame-nord) recommande <em>\u00ab\u2009tout particuli\u00e8rement ces candidatures, en vue de leur admission audit concours, au regard de leurs performances et selon les marges des places disponibles\u2009\u00bb<\/em>. Une liste de huit personnes suit\u00a0: trois candidats \u00e0 diverses fili\u00e8res du niveau I et cinq candidats aux fili\u00e8res du cycle licence.<\/p>\n<p class=\"c7\">Au finish, un candidat (de premier cycle) sera admis dans la liste envoy\u00e9e par le ministre des March\u00e9s publics.<\/p>\n<\/div>\n<p>Auteur: Ludovic Amara<br \/>\n<a href=\"https:\/\/www.journalducameroun.com\/cameroun-le-ministre-talba-malla-fait-recommander-huit-jeunes-de-sa-localite-a-lecole-normale-superieure-de-maroua-cameroun\/\">Cliquez ici pour lire l&rsquo;article depuis sa source.<\/a><\/p>\n","protected":false},"excerpt":{"rendered":"<p>Publi\u00e9 le 26.12.2020 \u00e0 17h11 par JournalduCameroun.com Il a adress\u00e9 une correspondance en ce sens au recteur de l\u2019Universit\u00e9 de Maroua, en septembre dernier, pour plaider la cause des compatriotes originaires de Mora et ses environs. L\u2019objet de la lettre du 28\u00a0septembre 2020 porte sur une \u00ab\u2009recommandation\u2009\u00bb. Avec un papier en-t\u00eate du minist\u00e8re des March\u00e9s [&hellip;]<\/p>\n","protected":false},"author":1965,"featured_media":0,"comment_status":"closed","ping_status":"closed","sticky":false,"template":"","format":"standard","meta":{"fifu_image_url":"","fifu_image_alt":"","footnotes":""},"categories":[73,82],"tags":[],"class_list":["post-108096","post","type-post","status-publish","format-standard","hentry","category-actualite","category-cameroun"],"_links":{"self":[{"href":"https:\/\/linitiative.ca\/International\/wp-json\/wp\/v2\/posts\/108096","targetHints":{"allow":["GET"]}}],"collection":[{"href":"https:\/\/linitiative.ca\/International\/wp-json\/wp\/v2\/posts"}],"about":[{"href":"https:\/\/linitiative.ca\/International\/wp-json\/wp\/v2\/types\/post"}],"author":[{"embeddable":true,"href":"https:\/\/linitiative.ca\/International\/wp-json\/wp\/v2\/users\/1965"}],"replies":[{"embeddable":true,"href":"https:\/\/linitiative.ca\/International\/wp-json\/wp\/v2\/comments?post=108096"}],"version-history":[{"count":0,"href":"https:\/\/linitiative.ca\/International\/wp-json\/wp\/v2\/posts\/108096\/revisions"}],"wp:attachment":[{"href":"https:\/\/linitiative.ca\/International\/wp-json\/wp\/v2\/media?parent=108096"}],"wp:term":[{"taxonomy":"category","embeddable":true,"href":"https:\/\/linitiative.ca\/International\/wp-json\/wp\/v2\/categories?post=108096"},{"taxonomy":"post_tag","embeddable":true,"href":"https:\/\/linitiative.ca\/International\/wp-json\/wp\/v2\/tags?post=108096"}],"curies":[{"name":"wp","href":"https:\/\/api.w.org\/{rel}","templated":true}]}}