{"id":108099,"date":"2020-12-26T12:16:44","date_gmt":"2020-12-26T17:16:44","guid":{"rendered":"https:\/\/linitiative.ca\/International\/la-situation-epidemiologique-au-26-decembre-18h00\/"},"modified":"2020-12-26T12:16:44","modified_gmt":"2020-12-26T17:16:44","slug":"la-situation-epidemiologique-au-26-decembre-18h00","status":"publish","type":"post","link":"https:\/\/linitiative.ca\/International\/la-situation-epidemiologique-au-26-decembre-18h00\/","title":{"rendered":"La situation \u00e9pid\u00e9miologique au 26 d\u00e9cembre 18H00"},"content":{"rendered":"<div>\n<p><img decoding=\"async\" width=\"300\" height=\"153\" src=\"https:\/\/aujourdhui.ma\/wp-content\/uploads\/2020\/10\/Coronavirus-covid-19-1-300x153.jpg\" class=\"attachment-medium size-medium wp-post-image\" alt=\"\" loading=\"lazy\" srcset=\"\/\/aujourdhui.ma\/wp-content\/uploads\/2020\/10\/Coronavirus-covid-19-1-300x153.jpg 300w, \/\/aujourdhui.ma\/wp-content\/uploads\/2020\/10\/Coronavirus-covid-19-1-274x140.jpg 274w, \/\/aujourdhui.ma\/wp-content\/uploads\/2020\/10\/Coronavirus-covid-19-1.jpg 746w, \/\/aujourdhui.ma\/wp-content\/uploads\/2020\/10\/Coronavirus-covid-19-1-165x84.jpg 165w, \/\/aujourdhui.ma\/wp-content\/uploads\/2020\/10\/Coronavirus-covid-19-1-702x358.jpg 702w\" sizes=\"auto, (max-width: 300px) 100vw, 300px\"><\/p>\n<p><strong>Entre hier \u00e0 18H00 et aujourd\u2019hui \u00e0 18H00 2.369 nouveaux cas soit un cumul de 430.562 cas \u00e0 ce jour. 4.175 gu\u00e9risons soit un cumul de 396.095 \u00e0 ce jour 34 nouveaux d\u00e9c\u00e8s donc un cumul de 7.204 \u00e0 ce jour.<\/strong><span id=\"more-364067\"><\/span><\/p>\n<p><a href=\"https:\/\/aujourdhui.ma\/wp-content\/uploads\/2020\/12\/WhatsApp-Image-2020-12-26-at-18.15.37.jpeg\"><img decoding=\"async\" loading=\"lazy\" class=\"aligncenter size-large wp-image-364068\" src=\"https:\/\/aujourdhui.ma\/wp-content\/uploads\/2020\/12\/WhatsApp-Image-2020-12-26-at-18.15.37-853x1024.jpeg\" alt=\"\" width=\"853\" height=\"1024\" srcset=\"\/\/aujourdhui.ma\/wp-content\/uploads\/2020\/12\/WhatsApp-Image-2020-12-26-at-18.15.37-853x1024.jpeg 853w, \/\/aujourdhui.ma\/wp-content\/uploads\/2020\/12\/WhatsApp-Image-2020-12-26-at-18.15.37-250x300.jpeg 250w, \/\/aujourdhui.ma\/wp-content\/uploads\/2020\/12\/WhatsApp-Image-2020-12-26-at-18.15.37-768x922.jpeg 768w, \/\/aujourdhui.ma\/wp-content\/uploads\/2020\/12\/WhatsApp-Image-2020-12-26-at-18.15.37.jpeg 1065w\" sizes=\"auto, (max-width: 853px) 100vw, 853px\"><\/a> <a href=\"https:\/\/aujourdhui.ma\/wp-content\/uploads\/2020\/12\/WhatsApp-Image-2020-12-26-at-18.16.26.jpeg\"><img decoding=\"async\" loading=\"lazy\" class=\"aligncenter size-large wp-image-364069\" src=\"https:\/\/aujourdhui.ma\/wp-content\/uploads\/2020\/12\/WhatsApp-Image-2020-12-26-at-18.16.26-1019x1024.jpeg\" alt=\"\" width=\"1000\" height=\"1005\" srcset=\"\/\/aujourdhui.ma\/wp-content\/uploads\/2020\/12\/WhatsApp-Image-2020-12-26-at-18.16.26-1019x1024.jpeg 1019w, \/\/aujourdhui.ma\/wp-content\/uploads\/2020\/12\/WhatsApp-Image-2020-12-26-at-18.16.26-150x150.jpeg 150w, \/\/aujourdhui.ma\/wp-content\/uploads\/2020\/12\/WhatsApp-Image-2020-12-26-at-18.16.26-768x772.jpeg 768w, \/\/aujourdhui.ma\/wp-content\/uploads\/2020\/12\/WhatsApp-Image-2020-12-26-at-18.16.26-36x36.jpeg 36w, \/\/aujourdhui.ma\/wp-content\/uploads\/2020\/12\/WhatsApp-Image-2020-12-26-at-18.16.26.jpeg 1063w\" sizes=\"auto, (max-width: 1000px) 100vw, 1000px\"><\/a><a href=\"https:\/\/aujourdhui.ma\/wp-content\/uploads\/2020\/12\/WhatsApp-Image-2020-12-26-at-18.20.531.jpeg\"><img decoding=\"async\" loading=\"lazy\" class=\"aligncenter size-large wp-image-364071\" src=\"https:\/\/aujourdhui.ma\/wp-content\/uploads\/2020\/12\/WhatsApp-Image-2020-12-26-at-18.20.531-623x1024.jpeg\" alt=\"\" width=\"623\" height=\"1024\" srcset=\"\/\/aujourdhui.ma\/wp-content\/uploads\/2020\/12\/WhatsApp-Image-2020-12-26-at-18.20.531-623x1024.jpeg 623w, \/\/aujourdhui.ma\/wp-content\/uploads\/2020\/12\/WhatsApp-Image-2020-12-26-at-18.20.531-183x300.jpeg 183w, \/\/aujourdhui.ma\/wp-content\/uploads\/2020\/12\/WhatsApp-Image-2020-12-26-at-18.20.531-768x1262.jpeg 768w, \/\/aujourdhui.ma\/wp-content\/uploads\/2020\/12\/WhatsApp-Image-2020-12-26-at-18.20.531.jpeg 779w\" sizes=\"auto, (max-width: 623px) 100vw, 623px\"><\/a><a href=\"https:\/\/aujourdhui.ma\/wp-content\/uploads\/2020\/12\/WhatsApp-Image-2020-12-26-at-18.20.53.jpeg\"><img decoding=\"async\" loading=\"lazy\" class=\"aligncenter size-large wp-image-364072\" src=\"https:\/\/aujourdhui.ma\/wp-content\/uploads\/2020\/12\/WhatsApp-Image-2020-12-26-at-18.20.53-766x1024.jpeg\" alt=\"\" width=\"766\" height=\"1024\" srcset=\"\/\/aujourdhui.ma\/wp-content\/uploads\/2020\/12\/WhatsApp-Image-2020-12-26-at-18.20.53-766x1024.jpeg 766w, \/\/aujourdhui.ma\/wp-content\/uploads\/2020\/12\/WhatsApp-Image-2020-12-26-at-18.20.53-225x300.jpeg 225w, \/\/aujourdhui.ma\/wp-content\/uploads\/2020\/12\/WhatsApp-Image-2020-12-26-at-18.20.53-768x1026.jpeg 768w, \/\/aujourdhui.ma\/wp-content\/uploads\/2020\/12\/WhatsApp-Image-2020-12-26-at-18.20.53.jpeg 958w\" sizes=\"auto, (max-width: 766px) 100vw, 766px\"><\/a><\/p>\n<\/div>\n<p>Auteur: ALM<br \/>\n<a href=\"https:\/\/aujourdhui.ma\/actualite\/la-situation-epidemiologique-au-26-decembre-18h00\">Cliquez ici pour lire l&rsquo;article depuis sa source.<\/a><\/p>\n","protected":false},"excerpt":{"rendered":"<p>Entre hier \u00e0 18H00 et aujourd\u2019hui \u00e0 18H00 2.369 nouveaux cas soit un cumul de 430.562 cas \u00e0 ce jour. 4.175 gu\u00e9risons soit un cumul de 396.095 \u00e0 ce jour 34 nouveaux d\u00e9c\u00e8s donc un cumul de 7.204 \u00e0 ce jour. Auteur: ALM Cliquez ici pour lire l&rsquo;article depuis sa source.<\/p>\n","protected":false},"author":1759,"featured_media":0,"comment_status":"closed","ping_status":"closed","sticky":false,"template":"","format":"standard","meta":{"fifu_image_url":"https:\/\/aujourdhui.ma\/wp-content\/uploads\/2020\/10\/Coronavirus-covid-19-1-300x153.jpg","fifu_image_alt":"La situation \u00e9pid\u00e9miologique au 26 d\u00e9cembre 18H00","footnotes":""},"categories":[73,54],"tags":[],"class_list":["post-108099","post","type-post","status-publish","format-standard","hentry","category-actualite","category-maroc"],"_links":{"self":[{"href":"https:\/\/linitiative.ca\/International\/wp-json\/wp\/v2\/posts\/108099","targetHints":{"allow":["GET"]}}],"collection":[{"href":"https:\/\/linitiative.ca\/International\/wp-json\/wp\/v2\/posts"}],"about":[{"href":"https:\/\/linitiative.ca\/International\/wp-json\/wp\/v2\/types\/post"}],"author":[{"embeddable":true,"href":"https:\/\/linitiative.ca\/International\/wp-json\/wp\/v2\/users\/1759"}],"replies":[{"embeddable":true,"href":"https:\/\/linitiative.ca\/International\/wp-json\/wp\/v2\/comments?post=108099"}],"version-history":[{"count":0,"href":"https:\/\/linitiative.ca\/International\/wp-json\/wp\/v2\/posts\/108099\/revisions"}],"wp:attachment":[{"href":"https:\/\/linitiative.ca\/International\/wp-json\/wp\/v2\/media?parent=108099"}],"wp:term":[{"taxonomy":"category","embeddable":true,"href":"https:\/\/linitiative.ca\/International\/wp-json\/wp\/v2\/categories?post=108099"},{"taxonomy":"post_tag","embeddable":true,"href":"https:\/\/linitiative.ca\/International\/wp-json\/wp\/v2\/tags?post=108099"}],"curies":[{"name":"wp","href":"https:\/\/api.w.org\/{rel}","templated":true}]}}