{"id":108102,"date":"2020-12-27T08:40:34","date_gmt":"2020-12-27T13:40:34","guid":{"rendered":"https:\/\/linitiative.ca\/International\/%ef%bb%bf25-millions-de-personnes-ciblees\/"},"modified":"2020-12-27T08:40:34","modified_gmt":"2020-12-27T13:40:34","slug":"%ef%bb%bf25-millions-de-personnes-ciblees","status":"publish","type":"post","link":"https:\/\/linitiative.ca\/International\/%ef%bb%bf25-millions-de-personnes-ciblees\/","title":{"rendered":"\ufeff25 millions de personnes cibl\u00e9es"},"content":{"rendered":"<p class=\"has-text-color has-vivid-red-color c2\"><strong>Acquisition de 65 millions de doses de vaccins<\/strong><\/p>\n<p class=\"has-text-color c3\"><strong>Le Maroc a acquis 65 millions de doses des deux vaccins pour lesquels le Royaume a opt\u00e9, a annonc\u00e9 le ministre de la Sant\u00e9 , Khalid Ait Taleb, devant le Conseil de Gouvernement r\u00e9uni jeudi, pr\u00e9cisant que la population cibl\u00e9e s\u2019\u00e9l\u00e8ve \u00e0 25 millions de personnes.<\/strong><\/p>\n<p>Les pr\u00e9paratifs pour le lancement de la campagne nationale de vaccination ont atteint un stade \u00ab\u00a0tr\u00e8s avanc\u00e9\u00a0\u00bb, a indiqu\u00e9 le ministre de la Sant\u00e9, cit\u00e9 dans un communiqu\u00e9 lu par le ministre de l\u2019\u00c9ducation nationale, de la Formation professionnelle, de l\u2019Enseignement sup\u00e9rieur et de la Recherche scientifique, porte-parole du gouvernement, Saaid Amzazi, lors d\u2019un point de presse tenu \u00e0 l\u2019issue du Conseil.<\/p>\n<p>M. Ait Taleb a fait savoir qu\u2019il sera proc\u00e9d\u00e9, comme annonc\u00e9 dans le communiqu\u00e9 du Cabinet royal, \u00e0 la vaccination de la population cibl\u00e9e gratuitement et d\u2019une mani\u00e8re progressive, conform\u00e9ment aux Hautes Instructions de SM le Roi, qui ne cesse d\u2019entourer le peuple marocain de Sa Haute sollicitude et de Sa bienveillance humaine depuis l\u2019apparition de la Covid-19 et ce, dans le cadre d\u2019une campagne nationale qui va englober tout le Royaume et durant laquelle la priorit\u00e9 sera notamment donn\u00e9e aux personnels de premi\u00e8re ligne, en l\u2019occurrence le personnel de Sant\u00e9, les autorit\u00e9s publiques, les forces de s\u00e9curit\u00e9 et le personnel de l\u2019\u00e9ducation nationale, ainsi qu\u2019aux personnes \u00e2g\u00e9es et aux personnes vuln\u00e9rables au virus et ce, avant de l\u2019\u00e9largir au reste de la population.<\/p>\n<p>Les pr\u00e9paratifs pour le lancement de cette campagne ont \u00e9t\u00e9 marqu\u00e9s par des formations sur le terrain ayant b\u00e9n\u00e9fici\u00e9 \u00e0 tous les sites am\u00e9nag\u00e9s pour la vaccination des citoyens, l\u2019objectif \u00e9tant d\u2019entra\u00eener les cadres mobilis\u00e9s et \u00e9viter tout obstacle pouvant surgir lors de la mise en \u0153uvre effective du programme de vaccination, a-t-il ajout\u00e9, notant que plusieurs facteurs ont \u00e9t\u00e9 pris en consid\u00e9ration pour d\u00e9finir les sites de vaccination, notamment la proximit\u00e9, tout en veillant \u00e0 la continuit\u00e9 des autres services de sant\u00e9.<\/p>\n<p>Dans le cadre de ces pr\u00e9paratifs, le ministre s\u2019est attard\u00e9 sur les mesures d\u2019organisation qui ont \u00e9t\u00e9 prises sur les niveaux national, r\u00e9gional et provincial, mettant en relief le r\u00f4le important des partenaires, notamment le minist\u00e8re de l\u2019Int\u00e9rieur qui d\u00e9ploie, au c\u00f4t\u00e9 du minist\u00e8re de la Sant\u00e9, des efforts acharn\u00e9s en vue du lancement de la campagne nationale de vaccination, se f\u00e9licitant de la mobilisation de toutes les ressources humaines n\u00e9cessaires, toutes cat\u00e9gories confondues, relevant aussi bien du public que du priv\u00e9.<\/p>\n<p>Le ministre de la sant\u00e9 a \u00e9galement pr\u00e9sent\u00e9 des donn\u00e9es relatives aux \u00e9quipements de la cha\u00eene de froid mis en place pour pr\u00e9server la qualit\u00e9 du vaccin durant toutes les \u00e9tapes d\u2019acheminement, depuis sa r\u00e9ception \u00e0 l\u2019a\u00e9roport jusqu\u2019\u00e0 son utilisation.<\/p>\n<p>Il a, en outre, mis en avant le syst\u00e8me informatique d\u00e9ploy\u00e9 par le minist\u00e8re de la Sant\u00e9 pour r\u00e9ussir cette campagne, touchant \u00e0 tous les aspects de l\u2019op\u00e9ration, \u00e0 savoir l\u2019enregistrement des citoyens cibl\u00e9s, le suivi post-vaccination et la communication avec l\u2019ensemble de la population, les partenaires et les professionnels du secteur, a expliqu\u00e9 M. Amzazi.<\/p>\n<p>Auteur: M&rsquo;hammed rahal<br \/>\n<a href=\"http:\/\/albayane.press.ma\/%EF%BB%BF25-millions-de-personnes-ciblees.html\">Cliquez ici pour lire l&rsquo;article depuis sa source.<\/a><\/p>\n","protected":false},"excerpt":{"rendered":"<p>Acquisition de 65 millions de doses de vaccins Le Maroc a acquis 65 millions de doses des deux vaccins pour lesquels le Royaume a opt\u00e9, a annonc\u00e9 le ministre de la Sant\u00e9 , Khalid Ait Taleb, devant le Conseil de Gouvernement r\u00e9uni jeudi, pr\u00e9cisant que la population cibl\u00e9e s\u2019\u00e9l\u00e8ve \u00e0 25 millions de personnes. Les [&hellip;]<\/p>\n","protected":false},"author":1760,"featured_media":0,"comment_status":"closed","ping_status":"closed","sticky":false,"template":"","format":"standard","meta":{"fifu_image_url":"","fifu_image_alt":"","footnotes":""},"categories":[73,54],"tags":[],"class_list":["post-108102","post","type-post","status-publish","format-standard","hentry","category-actualite","category-maroc"],"_links":{"self":[{"href":"https:\/\/linitiative.ca\/International\/wp-json\/wp\/v2\/posts\/108102","targetHints":{"allow":["GET"]}}],"collection":[{"href":"https:\/\/linitiative.ca\/International\/wp-json\/wp\/v2\/posts"}],"about":[{"href":"https:\/\/linitiative.ca\/International\/wp-json\/wp\/v2\/types\/post"}],"author":[{"embeddable":true,"href":"https:\/\/linitiative.ca\/International\/wp-json\/wp\/v2\/users\/1760"}],"replies":[{"embeddable":true,"href":"https:\/\/linitiative.ca\/International\/wp-json\/wp\/v2\/comments?post=108102"}],"version-history":[{"count":0,"href":"https:\/\/linitiative.ca\/International\/wp-json\/wp\/v2\/posts\/108102\/revisions"}],"wp:attachment":[{"href":"https:\/\/linitiative.ca\/International\/wp-json\/wp\/v2\/media?parent=108102"}],"wp:term":[{"taxonomy":"category","embeddable":true,"href":"https:\/\/linitiative.ca\/International\/wp-json\/wp\/v2\/categories?post=108102"},{"taxonomy":"post_tag","embeddable":true,"href":"https:\/\/linitiative.ca\/International\/wp-json\/wp\/v2\/tags?post=108102"}],"curies":[{"name":"wp","href":"https:\/\/api.w.org\/{rel}","templated":true}]}}