{"id":108140,"date":"2020-12-27T05:00:00","date_gmt":"2020-12-27T10:00:00","guid":{"rendered":"https:\/\/linitiative.ca\/International\/2-milliards-pour-la-jsk\/"},"modified":"2020-12-27T05:00:00","modified_gmt":"2020-12-27T10:00:00","slug":"2-milliards-pour-la-jsk","status":"publish","type":"post","link":"https:\/\/linitiative.ca\/International\/2-milliards-pour-la-jsk\/","title":{"rendered":"2 milliards pour la JSK"},"content":{"rendered":"<div readability=\"35.389408099688\"><a href=\"\/actualites\/un-presque-oublie-nomme-boumediene-53598\"\/><\/p>\n<div class=\"image\"><img class=\"lazy\" data-original=\"\/data\/images\/article\/thumbs\/ls-un-presque-oublie-nomme-boumediene-f5d09.jpg\"\/><\/p>\n<p><span>1<\/span><\/p>\n<\/div>\n<p class=\"type-date\"><span>Actualit\u00e9s<\/span> 11:00 | 26-12-2020<\/p>\n<h5 class=\"first-title\"><a href=\"\/actualites\/un-presque-oublie-nomme-boumediene-53598\"\/><\/h5>\n<h5 class=\"title\"><a href=\"\/actualites\/un-presque-oublie-nomme-boumediene-53598\">Un presque oubli\u00e9 nomm\u00e9 Boumedi\u00e8ne<\/a><\/h5>\n<p><a href=\"\/actualites\/un-presque-oublie-nomme-boumediene-53598\"\/><\/p>\n<p class=\"text\">Quarante deux ans d\u00e9j\u00e0, le 27 d\u00e9cembre 1978, pour la premi\u00e8re fois en Alg\u00e9rie, un pr\u00e9sident en exercice d\u00e9c\u00e8de. Le deuil national doubl\u00e9 d\u2019une grande \u00e9motion populaire dresse un bilan \u00e9logieux et sans tache \u00e0 Houari Boumedi\u00e8ne, mort \u00e0<\/p>\n<\/div>\n<div readability=\"37.293457943925\"><a href=\"\/actualites\/pourquoi-ouyahia-et-sellal-seront-rejuges-53578\"\/><\/p>\n<div class=\"image\"><img class=\"lazy\" data-original=\"\/data\/images\/article\/thumbs\/ls-pourquoi-ouyahia-et-sellal-seront-rejuges-6ecd7.jpg\"\/><\/p>\n<p><span>2<\/span><\/p>\n<\/div>\n<p class=\"type-date\"><span>Actualit\u00e9s<\/span> 11:00 | 24-12-2020<\/p>\n<h5 class=\"first-title\"><a href=\"\/actualites\/pourquoi-ouyahia-et-sellal-seront-rejuges-53578\">Affaire du montage automobile<\/a><\/h5>\n<h5 class=\"title\"><a href=\"\/actualites\/pourquoi-ouyahia-et-sellal-seront-rejuges-53578\">Pourquoi Ouyahia et Sellal seront rejug\u00e9s<\/a><\/h5>\n<p><a href=\"\/actualites\/pourquoi-ouyahia-et-sellal-seront-rejuges-53578\"\/><\/p>\n<p class=\"text\">Ahmed Ouyahia, Abdelmalek Sellal et trois autres anciens ministres compara\u00eetront ce samedi devant la Cour d\u2019Alger pour \u00eatre rejug\u00e9s dans l\u2019affaire du montage automobile. C\u2019est la Cour supr\u00eame qui avait pris la d\u00e9cision, en novembre dernier, d\u2019accepter la cassation introduite par les pr\u00e9venus, apr\u00e8s les lourdes condamnations dont ils ont fait l\u2019objet. Cette instance a, de ce fait, annul\u00e9 toutes les peines qui<\/p>\n<\/div>\n<p>Auteur:<br \/>\n<a href=\"https:\/\/www.lesoirdalgerie.com\/periscoop\/2-milliards-pour-la-jsk-53648\">Cliquez ici pour lire l&rsquo;article depuis sa source.<\/a><\/p>\n","protected":false},"excerpt":{"rendered":"<p>1 Actualit\u00e9s 11:00 | 26-12-2020 Un presque oubli\u00e9 nomm\u00e9 Boumedi\u00e8ne Quarante deux ans d\u00e9j\u00e0, le 27 d\u00e9cembre 1978, pour la premi\u00e8re fois en Alg\u00e9rie, un pr\u00e9sident en exercice d\u00e9c\u00e8de. Le deuil national doubl\u00e9 d\u2019une grande \u00e9motion populaire dresse un bilan \u00e9logieux et sans tache \u00e0 Houari Boumedi\u00e8ne, mort \u00e0 2 Actualit\u00e9s 11:00 | 24-12-2020 Affaire [&hellip;]<\/p>\n","protected":false},"author":1741,"featured_media":0,"comment_status":"closed","ping_status":"closed","sticky":false,"template":"","format":"standard","meta":{"fifu_image_url":"","fifu_image_alt":"","footnotes":""},"categories":[73,53],"tags":[],"class_list":["post-108140","post","type-post","status-publish","format-standard","hentry","category-actualite","category-algerie"],"_links":{"self":[{"href":"https:\/\/linitiative.ca\/International\/wp-json\/wp\/v2\/posts\/108140","targetHints":{"allow":["GET"]}}],"collection":[{"href":"https:\/\/linitiative.ca\/International\/wp-json\/wp\/v2\/posts"}],"about":[{"href":"https:\/\/linitiative.ca\/International\/wp-json\/wp\/v2\/types\/post"}],"author":[{"embeddable":true,"href":"https:\/\/linitiative.ca\/International\/wp-json\/wp\/v2\/users\/1741"}],"replies":[{"embeddable":true,"href":"https:\/\/linitiative.ca\/International\/wp-json\/wp\/v2\/comments?post=108140"}],"version-history":[{"count":0,"href":"https:\/\/linitiative.ca\/International\/wp-json\/wp\/v2\/posts\/108140\/revisions"}],"wp:attachment":[{"href":"https:\/\/linitiative.ca\/International\/wp-json\/wp\/v2\/media?parent=108140"}],"wp:term":[{"taxonomy":"category","embeddable":true,"href":"https:\/\/linitiative.ca\/International\/wp-json\/wp\/v2\/categories?post=108140"},{"taxonomy":"post_tag","embeddable":true,"href":"https:\/\/linitiative.ca\/International\/wp-json\/wp\/v2\/tags?post=108140"}],"curies":[{"name":"wp","href":"https:\/\/api.w.org\/{rel}","templated":true}]}}