{"id":108167,"date":"2020-12-28T10:00:26","date_gmt":"2020-12-28T15:00:26","guid":{"rendered":"https:\/\/linitiative.ca\/International\/horizon-oblique-a-marrakech-mahi-binebine-interpelle-le-destin-collectif-et-de-la-coexistence\/"},"modified":"2020-12-28T10:00:26","modified_gmt":"2020-12-28T15:00:26","slug":"horizon-oblique-a-marrakech-mahi-binebine-interpelle-le-destin-collectif-et-de-la-coexistence","status":"publish","type":"post","link":"https:\/\/linitiative.ca\/International\/horizon-oblique-a-marrakech-mahi-binebine-interpelle-le-destin-collectif-et-de-la-coexistence\/","title":{"rendered":"\u00abHorizon oblique\u00bb \u00e0 Marrakech : Mahi Binebine interpelle le destin collectif et de la coexistence"},"content":{"rendered":"<header readability=\"1.2890625\">\n<div class=\"entry-post-meta\" readability=\"5.5064935064935\">\n<p>Date\u00a0:<time content=\"2020-12-28T16:00:26+01:00\" class=\"entry-date updated\" datetime=\"2020-12-28T16:00:26+01:00\">d\u00e9cembre 28, 2020<\/time><\/p>\n<div class=\"entry-cat\">dans:<a href=\"https:\/\/aujourdhui.ma\/category\/culture\" rel=\"category tag\">Culture<\/a>, <a href=\"https:\/\/aujourdhui.ma\/category\/une\" rel=\"category tag\">Une<\/a><\/div>\n<p>15Vues<\/p>\n<\/div>\n<\/header>\n<div class=\"entry-content clearfix\" readability=\"68\"><img decoding=\"async\" class=\"post_layout_5_img\" src=\"http:\/\/aujourdhui.ma\/wp-content\/uploads\/2020\/12\/Mahi-Binebine-1.jpg\" alt=\"&#xAB;Horizon oblique&#xBB; &#xE0; Marrakech : Mahi Binebine interpelle le destin collectif et de la coexistence\"\/><\/p>\n<p><span class=\"c5\"><strong>La galerie Comptoir des Mines de Marrakech f\u00eate la fin d\u2019ann\u00e9e 2020 en grande pompe en accueillant l\u2019artiste pluridisciplinaire de notori\u00e9t\u00e9 internationale, Mahi Binebine.<\/strong><\/span><span id=\"more-364167\"\/><\/p>\n<p>L\u2019un des enfants prodiges de la ville de Marrakech, l\u2019artiste d\u00e9voilera son exposition individuelle intitul\u00e9e \u00abHorizon oblique\u00bb, du 26 d\u00e9cembre 2020 au 30 mars 2021. Cette exposition accueille des \u0153uvres monumentales dont les grands personnages s\u2019emparent des espaces hangar et immeuble du Comptoir des Mines Galerie. \u00abLes grands personnages qui peuplent son univers artistique t\u00e9moignent d\u2019ailleurs de la relation qu\u2019il nourrit avec autrui. \u00abL\u2019autre\u00bb, chez Mahi, est part ardente de sa propre personne, et les visages qui s\u2019entrecroisent dans ses compositions soulignent sa qu\u00eate pour mieux appr\u00e9hender ce qui l\u2019inqui\u00e8te, le fascine ou l\u2019attriste dans l\u2019alt\u00e9rit\u00e9. Sa spiritualit\u00e9 profonde, il la puisse d\u2019abord dans l\u2019humain, avoir pour seule boussole son histoire familiale si complexe\u00bb, indique \u00e0 ce sujet Hicham Daoudi, fondateur du Comptoir des Mines. Et d\u2019ajouter que \u00abses \u0153uvres refl\u00e8tent totalement ces diff\u00e9rentes dimensions, et elles nous interpellent sur nos luttes et nos aspirations \u00e0 changer \u00e0 notre tour, pour favoriser un vivre-ensemble plus juste et plus \u00e9quitable\u00bb.<\/p>\n<p>A vrai dire, l\u2019artiste pr\u00e9sente un travail r\u00e9cent o\u00f9 ses personnages deviennent de v\u00e9ritables titans invitant \u00e0 de nouvelles perspectives. Abordant ainsi les questions du destin collectif, de la solidarit\u00e9 et de la coexistence. Il continue \u00e0 puiser ses mat\u00e9riaux de sa ville natale en utilisant des pigments naturels, de la cendre ou de la cire d\u2019abeille qui donne \u00e0 ses \u0153uvres une transparence unique. Sa renomm\u00e9e d\u00e9passe les fronti\u00e8res, ses romans \u00e0 succ\u00e8s, ses nombreuses actions sociales et ses projets artistiques sont les diff\u00e9rentes facettes d\u2019une m\u00eame \u0153uvre qu\u2019il b\u00e2tit \u00e0 travers le temps.<\/p>\n<p>Rappelons que ses peintures font partie de la collection permanente du mus\u00e9e Guggenheim de New York, de l\u2019Institut du Monde Arabe, et de nombreuses galeries et collections priv\u00e9es. Il revient \u00e0 Marrakech en 2002 o\u00f9 il vit et travaille actuellement. Ses romans sont traduits en une dizaine de langues. Il co-pr\u00e9side avec Nabil Ayouch les centres culturels \u00abLes \u00e9toiles de Sidi Moumen\u00bb.<\/p>\n<\/div>\n<p>Auteur: Siham Jadraoui<br \/>\n<a href=\"https:\/\/aujourdhui.ma\/culture\/horizon-oblique-a-marrakech-mahi-binebine-interpelle-le-destin-collectif-et-de-la-coexistence\">Cliquez ici pour lire l&rsquo;article depuis sa source.<\/a><\/p>\n","protected":false},"excerpt":{"rendered":"<p>Date\u00a0:d\u00e9cembre 28, 2020 dans:Culture, Une 15Vues La galerie Comptoir des Mines de Marrakech f\u00eate la fin d\u2019ann\u00e9e 2020 en grande pompe en accueillant l\u2019artiste pluridisciplinaire de notori\u00e9t\u00e9 internationale, Mahi Binebine. L\u2019un des enfants prodiges de la ville de Marrakech, l\u2019artiste d\u00e9voilera son exposition individuelle intitul\u00e9e \u00abHorizon oblique\u00bb, du 26 d\u00e9cembre 2020 au 30 mars 2021. [&hellip;]<\/p>\n","protected":false},"author":1759,"featured_media":0,"comment_status":"closed","ping_status":"closed","sticky":false,"template":"","format":"standard","meta":{"fifu_image_url":"http:\/\/aujourdhui.ma\/wp-content\/uploads\/2020\/12\/Mahi-Binebine-1.jpg","fifu_image_alt":"\u00abHorizon oblique\u00bb \u00e0 Marrakech : Mahi Binebine interpelle le destin collectif et de la coexistence","footnotes":""},"categories":[73,54],"tags":[],"class_list":["post-108167","post","type-post","status-publish","format-standard","hentry","category-actualite","category-maroc"],"_links":{"self":[{"href":"https:\/\/linitiative.ca\/International\/wp-json\/wp\/v2\/posts\/108167","targetHints":{"allow":["GET"]}}],"collection":[{"href":"https:\/\/linitiative.ca\/International\/wp-json\/wp\/v2\/posts"}],"about":[{"href":"https:\/\/linitiative.ca\/International\/wp-json\/wp\/v2\/types\/post"}],"author":[{"embeddable":true,"href":"https:\/\/linitiative.ca\/International\/wp-json\/wp\/v2\/users\/1759"}],"replies":[{"embeddable":true,"href":"https:\/\/linitiative.ca\/International\/wp-json\/wp\/v2\/comments?post=108167"}],"version-history":[{"count":0,"href":"https:\/\/linitiative.ca\/International\/wp-json\/wp\/v2\/posts\/108167\/revisions"}],"wp:attachment":[{"href":"https:\/\/linitiative.ca\/International\/wp-json\/wp\/v2\/media?parent=108167"}],"wp:term":[{"taxonomy":"category","embeddable":true,"href":"https:\/\/linitiative.ca\/International\/wp-json\/wp\/v2\/categories?post=108167"},{"taxonomy":"post_tag","embeddable":true,"href":"https:\/\/linitiative.ca\/International\/wp-json\/wp\/v2\/tags?post=108167"}],"curies":[{"name":"wp","href":"https:\/\/api.w.org\/{rel}","templated":true}]}}