{"id":108173,"date":"2020-12-28T09:58:00","date_gmt":"2020-12-28T14:58:00","guid":{"rendered":"https:\/\/linitiative.ca\/International\/%ef%bb%bflatletico-et-le-real-veulent-garder-la-tete-pendant-les-fetes\/"},"modified":"2020-12-28T09:58:00","modified_gmt":"2020-12-28T14:58:00","slug":"%ef%bb%bflatletico-et-le-real-veulent-garder-la-tete-pendant-les-fetes","status":"publish","type":"post","link":"https:\/\/linitiative.ca\/International\/%ef%bb%bflatletico-et-le-real-veulent-garder-la-tete-pendant-les-fetes\/","title":{"rendered":"\ufeffL\u2019Atl\u00e9tico et le Real veulent garder la t\u00eate pendant les f\u00eates"},"content":{"rendered":"<p class=\"c2\"><strong>Espagne<\/strong><\/p>\n<p><strong>M\u00eame pendant les f\u00eates, la course au titre se poursuit en Liga, avec la 16e journ\u00e9e, o\u00f9 les deux g\u00e9ants de Madrid tenteront de garder leur rang de coleaders.<\/strong><\/p>\n<p>L\u2019Atl\u00e9tico et le Real Madrid ont pass\u00e9 No\u00ebl en t\u00eate du championnat espagnol avec 32 points chacun, mais les Colchoneros semblent en meilleure posture: ils comptent deux matches en retard et restent sur une victoire contre l\u2019un de leurs principaux poursuivants, la Real Sociedad.<\/p>\n<p>Barcelone, \u00e0 une d\u00e9cevante cinqui\u00e8me place, tentera mardi \u00e0 19h15 (18h15 GMT) de ne pas se laisser distancer lors de la r\u00e9ception d\u2019Eibar (17e) et a l\u2019occasion de revenir provisoirement \u00e0 cinq points de la t\u00eate en cas de victoire.<\/p>\n<p>Apr\u00e8s son interview donn\u00e9e \u00e0 la cha\u00eene de t\u00e9l\u00e9vision espagnole la Sexta diffus\u00e9e dimanche soir, Lionel Messi pourra prouver qu\u2019il est toujours \u00ab\u00a0concentr\u00e9\u00a0\u00bb et \u00ab\u00a0enthousiaste\u00a0\u00bb avec les Blaugranas, alors qu\u2019il a admis n\u2019avoir \u00ab\u00a0rien d\u00e9cid\u00e9\u00a0\u00bb quant \u00e0 son avenir en Catalogne, \u00e0 six mois du terme de son contrat.<\/p>\n<p>Deux autres pr\u00e9tendants aux places europ\u00e9ennes s\u2019affrontent mardi \u00e0 17h00 (16h00 GMT): en cas de victoire \u00e0 domicile sur Villarreal (4e), S\u00e9ville (6e) pourrait revenir \u00e0 hauteur de son adversaire du soir avec 26 points.<\/p>\n<p>Restant sur six victoires cons\u00e9cutives toutes comp\u00e9titions confondues, les joueurs du Real Madrid seront quasiment au complet pour aller d\u00e9fier le promu Elche (16e) mercredi \u00e0 21h30 (20h30 GMT), l\u2019entra\u00eeneur Zinedine Zidane n\u2019ayant \u00e0 d\u00e9plorer que l\u2019absence du petit ailier br\u00e9silien Rodrygo.<\/p>\n<p>Les Merengues compteront sur un faux pas de l\u2019Atl\u00e9tico un peu plus t\u00f4t. Les hommes de Diego Simeone tenteront de vaincre le voisin de Getafe \u00e0 19h15 (18h15 GMT), mais devront composer sans le lat\u00e9ral droit Kieran Trippier, suspendu pour dix semaines par la F\u00e9d\u00e9ration anglaise de football pour des paris ill\u00e9gaux.<\/p>\n<p>Deux derbys basques cl\u00f4tureront cette 16e journ\u00e9e jeudi puisque la Real Sociedad (3e) tentera de repasser la marche avant \u00e0 Bilbao (10e) \u00e0 14h00 (13h00 GMT), apr\u00e8s huit matches sans la moindre victoire toutes comp\u00e9titions confondues. Suivra un duel de mal class\u00e9s entre et Osasuna (19e \u00e0 \u00e9galit\u00e9 de points avec le dernier Huesca) et Alav\u00e9s (13e).<\/p>\n<p>Auteur: M&rsquo;hammed rahal<br \/>\n<a href=\"http:\/\/albayane.press.ma\/%EF%BB%BFlatletico-et-le-real-veulent-garder-la-tete-pendant-les-fetes.html\">Cliquez ici pour lire l&rsquo;article depuis sa source.<\/a><\/p>\n","protected":false},"excerpt":{"rendered":"<p>Espagne M\u00eame pendant les f\u00eates, la course au titre se poursuit en Liga, avec la 16e journ\u00e9e, o\u00f9 les deux g\u00e9ants de Madrid tenteront de garder leur rang de coleaders. L\u2019Atl\u00e9tico et le Real Madrid ont pass\u00e9 No\u00ebl en t\u00eate du championnat espagnol avec 32 points chacun, mais les Colchoneros semblent en meilleure posture: ils [&hellip;]<\/p>\n","protected":false},"author":1760,"featured_media":0,"comment_status":"closed","ping_status":"closed","sticky":false,"template":"","format":"standard","meta":{"fifu_image_url":"","fifu_image_alt":"","footnotes":""},"categories":[73,54],"tags":[],"class_list":["post-108173","post","type-post","status-publish","format-standard","hentry","category-actualite","category-maroc"],"_links":{"self":[{"href":"https:\/\/linitiative.ca\/International\/wp-json\/wp\/v2\/posts\/108173","targetHints":{"allow":["GET"]}}],"collection":[{"href":"https:\/\/linitiative.ca\/International\/wp-json\/wp\/v2\/posts"}],"about":[{"href":"https:\/\/linitiative.ca\/International\/wp-json\/wp\/v2\/types\/post"}],"author":[{"embeddable":true,"href":"https:\/\/linitiative.ca\/International\/wp-json\/wp\/v2\/users\/1760"}],"replies":[{"embeddable":true,"href":"https:\/\/linitiative.ca\/International\/wp-json\/wp\/v2\/comments?post=108173"}],"version-history":[{"count":0,"href":"https:\/\/linitiative.ca\/International\/wp-json\/wp\/v2\/posts\/108173\/revisions"}],"wp:attachment":[{"href":"https:\/\/linitiative.ca\/International\/wp-json\/wp\/v2\/media?parent=108173"}],"wp:term":[{"taxonomy":"category","embeddable":true,"href":"https:\/\/linitiative.ca\/International\/wp-json\/wp\/v2\/categories?post=108173"},{"taxonomy":"post_tag","embeddable":true,"href":"https:\/\/linitiative.ca\/International\/wp-json\/wp\/v2\/tags?post=108173"}],"curies":[{"name":"wp","href":"https:\/\/api.w.org\/{rel}","templated":true}]}}