{"id":108178,"date":"2020-12-28T07:54:58","date_gmt":"2020-12-28T12:54:58","guid":{"rendered":"https:\/\/linitiative.ca\/International\/amnistie-fiscale-le-15-janvier-2021-date-limite-pour-les-demandes-de-rallongement-des-delais-maximums-de-paiement\/"},"modified":"2020-12-28T07:54:58","modified_gmt":"2020-12-28T12:54:58","slug":"amnistie-fiscale-le-15-janvier-2021-date-limite-pour-les-demandes-de-rallongement-des-delais-maximums-de-paiement","status":"publish","type":"post","link":"https:\/\/linitiative.ca\/International\/amnistie-fiscale-le-15-janvier-2021-date-limite-pour-les-demandes-de-rallongement-des-delais-maximums-de-paiement\/","title":{"rendered":"Amnistie fiscale : Le 15 janvier 2021, date limite pour les demandes de rallongement des d\u00e9lais maximums de paiement"},"content":{"rendered":"<div class=\"td-post-content\">\n<h2>Les personnes physiques et morales ayant souscrit \u00e0 l\u2019amnistie fiscale pr\u00e9vue par l\u2019article 73 de la loi<\/h2>\n<h2>de finances 2019, et qui n\u2019ont pas encore b\u00e9n\u00e9fici\u00e9 du rallongement des d\u00e9lais maximums de paiement<\/h2>\n<h2>de 5 ans \u00e0 7 ans, sont appel\u00e9es \u00e0 d\u00e9poser leurs demandes avant le 15 janvier 2021, a annonc\u00e9, lundi, le<\/h2>\n<h2>minist\u00e8re de l\u2019Economie, des Finances et de l\u2019Appui \u00e0 l\u2019investissement.<\/h2>\n<p>Ce dispositif est pr\u00e9vu par le D\u00e9cret-loi du Chef du Gouvernement n\u00b0 2020-30 du 10 juin 2020, qui pr\u00e9voit des mesures pour la consolidation des assises de la solidarit\u00e9 nationale et le soutien des personnes et des entreprises suite aux r\u00e9percussions de la propagation du Coronavirus \u00ab Covid-19 \u00bb, a-t-on rappel\u00e9.<\/p>\n<p>Pour b\u00e9n\u00e9ficier de cette mesure, les personnes int\u00e9ress\u00e9es doivent contacter les recettes des Finances territorialement comp\u00e9tentes et d\u00e9poser leur demande avant le 15 janvier 2021 en payant au moins une tranche des tranches non pay\u00e9es.<\/p>\n<p>Pour plus de d\u00e9tails, les personnes int\u00e9ress\u00e9es peuvent contacter l\u2019\u00e9quipe de suivi et de soutien de la Direction G\u00e9n\u00e9rale de la Comptabilit\u00e9 Publique et du Recouvrement (DGCPR) sur le 71.259.838 (en ajoutant l\u2019extension interne : 472) ou le 71.240.605.<\/p>\n<p>Avec TAP<\/p>\n<\/div>\n<footer>\n<\/footer>\n<div class=\"wp-post-author-wrap wp-post-author-shortcode left\">\n<h3 class=\"awpa-title\"\/>\n<div class=\"wp-post-author\">\n<div class=\"awpa-img awpa-author-block square\"><a href=\"http:\/\/lexpertjournal.net\/fr\/?author=5\"><img loading=\"lazy\" decoding=\"async\" alt=\"\" src=\"http:\/\/0.gravatar.com\/avatar\/97f8e10a1c1125ba104a76514ee07b16?s=150&amp;d=mm&amp;r=g\" srcset=\"http:\/\/0.gravatar.com\/avatar\/97f8e10a1c1125ba104a76514ee07b16?s=300&amp;d=mm&amp;r=g 2x\" class=\"avatar avatar-150 photo\" height=\"150\" width=\"150\"\/><\/a><\/div>\n<\/div>\n<\/div>\n<aside class=\"mashsb-container mashsb-main mashsb-stretched\">\n<\/aside>\n<p>Auteur: L&rsquo;expert<br \/>\n<a href=\"http:\/\/lexpertjournal.net\/fr\/?p=17863\">Cliquez ici pour lire l&rsquo;article depuis sa source.<\/a><\/p>\n","protected":false},"excerpt":{"rendered":"<p>Les personnes physiques et morales ayant souscrit \u00e0 l\u2019amnistie fiscale pr\u00e9vue par l\u2019article 73 de la loi de finances 2019, et qui n\u2019ont pas encore b\u00e9n\u00e9fici\u00e9 du rallongement des d\u00e9lais maximums de paiement de 5 ans \u00e0 7 ans, sont appel\u00e9es \u00e0 d\u00e9poser leurs demandes avant le 15 janvier 2021, a annonc\u00e9, lundi, le minist\u00e8re [&hellip;]<\/p>\n","protected":false},"author":1775,"featured_media":0,"comment_status":"closed","ping_status":"closed","sticky":false,"template":"","format":"standard","meta":{"fifu_image_url":"http:\/\/0.gravatar.com\/avatar\/97f8e10a1c1125ba104a76514ee07b16?s=150&d=mm&r=g","fifu_image_alt":"Amnistie fiscale : Le 15 janvier 2021, date limite pour les demandes de rallongement des d\u00e9lais maximums de paiement","footnotes":""},"categories":[78,55],"tags":[],"class_list":["post-108178","post","type-post","status-publish","format-standard","hentry","category-economie","category-tunisie"],"_links":{"self":[{"href":"https:\/\/linitiative.ca\/International\/wp-json\/wp\/v2\/posts\/108178","targetHints":{"allow":["GET"]}}],"collection":[{"href":"https:\/\/linitiative.ca\/International\/wp-json\/wp\/v2\/posts"}],"about":[{"href":"https:\/\/linitiative.ca\/International\/wp-json\/wp\/v2\/types\/post"}],"author":[{"embeddable":true,"href":"https:\/\/linitiative.ca\/International\/wp-json\/wp\/v2\/users\/1775"}],"replies":[{"embeddable":true,"href":"https:\/\/linitiative.ca\/International\/wp-json\/wp\/v2\/comments?post=108178"}],"version-history":[{"count":0,"href":"https:\/\/linitiative.ca\/International\/wp-json\/wp\/v2\/posts\/108178\/revisions"}],"wp:attachment":[{"href":"https:\/\/linitiative.ca\/International\/wp-json\/wp\/v2\/media?parent=108178"}],"wp:term":[{"taxonomy":"category","embeddable":true,"href":"https:\/\/linitiative.ca\/International\/wp-json\/wp\/v2\/categories?post=108178"},{"taxonomy":"post_tag","embeddable":true,"href":"https:\/\/linitiative.ca\/International\/wp-json\/wp\/v2\/tags?post=108178"}],"curies":[{"name":"wp","href":"https:\/\/api.w.org\/{rel}","templated":true}]}}