{"id":108179,"date":"2020-12-28T09:36:28","date_gmt":"2020-12-28T14:36:28","guid":{"rendered":"https:\/\/linitiative.ca\/International\/akram-belhadj-les-sites-de-production-petroliere-et-des-phosphates-relevent-de-la-securite-nationale\/"},"modified":"2020-12-28T09:36:28","modified_gmt":"2020-12-28T14:36:28","slug":"akram-belhadj-les-sites-de-production-petroliere-et-des-phosphates-relevent-de-la-securite-nationale","status":"publish","type":"post","link":"https:\/\/linitiative.ca\/International\/akram-belhadj-les-sites-de-production-petroliere-et-des-phosphates-relevent-de-la-securite-nationale\/","title":{"rendered":"Akram Belhadj : les sites de production p\u00e9troli\u00e8re et des phosphates rel\u00e8vent de la s\u00e9curit\u00e9 nationale"},"content":{"rendered":"<div class=\"td-post-content\">\n<h2>\u00ab\u00a0La s\u00e9curisation des sites nationaux de production p\u00e9troli\u00e8re et des\u00a0<a href=\"https:\/\/www.cpg.com.tn\/\" target=\"_blank\" rel=\"noopener noreferrer\">phosphates<\/a>\u00a0doit \u00eatre associ\u00e9e \u00e0<\/h2>\n<h2>une nouvelle approche de\u00a0<a href=\"http:\/\/www.leconomistemaghrebin.com\/2020\/12\/10\/lancement-de-190-projets-de-developpement-dans-5-gouvernorats\/\" target=\"_blank\" rel=\"noopener noreferrer\">d\u00e9veloppement r\u00e9gional<\/a>\u00a0qui reconna\u00eet aux habitants des zones de production<\/h2>\n<h2>leur droit \u00e0 une vie digne\u00a0\u00bb. C\u2019est ce que d\u00e9clare l\u2019\u00e9conomiste et universitaire Akram Belhadj.<\/h2>\n<p>Concernant les blocages r\u00e9p\u00e9titifs, l\u2019universitaire a soulign\u00e9 que \u00ab les sites nationaux de production p\u00e9troli\u00e8re et des phosphates devraient \u00eatre trait\u00e9s comme des questions de s\u00e9curit\u00e9 nationale. Il a estim\u00e9 que l\u2019Etat ne doit pas tol\u00e9rer les d\u00e9passements au niveau de ces sites. Il a soulign\u00e9 l\u2019absence d\u2019initiative, m\u00eame apr\u00e8s leur classification comme zone militaire.<\/p>\n<p>Selon Akram Belhadj, la s\u00e9curisation de la production est indispensable pour la cr\u00e9dibilit\u00e9 de la Tunisie aupr\u00e8s de ses clients. Elle permet aussi de r\u00e9tablir les \u00e9quilibres des finances publiques.<\/p>\n<p>En parall\u00e8le, \u00ab\u00a0un changement d\u2019approche et une nouvelle strat\u00e9gie de d\u00e9veloppement r\u00e9gional devront \u00eatre op\u00e9r\u00e9s au plus vite. L\u2019autorit\u00e9 de l\u2019Etat doit rimer avec le droit \u00e0 un emploi d\u00e9cent et une infrastructure moderne dans les zones o\u00f9 se trouvent ces sites\u00a0\u00bb, a-t-il d\u00e9velopp\u00e9.<\/p>\n<p>Toutefois, il a consid\u00e9r\u00e9 qu\u2019il n\u2019existait pas de solutions miracles de court terme \u00e0 la question de l\u2019emploi. La probl\u00e9matique demeure un probl\u00e8me structurel.<\/p>\n<p>Toujours selon lui, afin de favoriser la cr\u00e9ation d\u2019emploi et am\u00e9liorer les conditions de vie des citoyens ch\u00f4meurs, la formation professionnelle pourrait \u00eatre un atout. Elle permettra aux chercheurs d\u2019emplois de maximiser leurs chances. Elle facilitera aussi l\u2019adaptation aux besoins du march\u00e9 du travail tunisien.<\/p>\n<p>M. Belhadj a plaid\u00e9, par ailleurs, pour \u00ab\u00a0la mise en place de modalit\u00e9s de financement appropri\u00e9es\u00a0\u00bb (\u00e9conomie sociale et solidaire, microcr\u00e9dits\u2026). Ces modalit\u00e9s \u00ab\u00a0demeurent aussi une question fondamentale pour favoriser l\u2019entrepreneuriat et l\u2019auto-emploi\u00a0\u00bb a-t-il affirm\u00e9.<\/p>\n<p>Enfin, il a estim\u00e9 que l\u2019Etat doit repenser le r\u00f4le de l\u2019administration. Cette derni\u00e8re doit jouer le r\u00f4le de locomotive pour l\u2019investissement et la croissance.<\/p>\n<p><em>Avec TAP<\/em><\/p>\n<\/div>\n<footer>\n<\/footer>\n<div class=\"wp-post-author-wrap wp-post-author-shortcode left\">\n<h3 class=\"awpa-title\"\/>\n<div class=\"wp-post-author\">\n<div class=\"awpa-img awpa-author-block square\"><a href=\"http:\/\/lexpertjournal.net\/fr\/?author=5\"><img loading=\"lazy\" decoding=\"async\" alt=\"\" src=\"http:\/\/0.gravatar.com\/avatar\/97f8e10a1c1125ba104a76514ee07b16?s=150&amp;d=mm&amp;r=g\" srcset=\"http:\/\/0.gravatar.com\/avatar\/97f8e10a1c1125ba104a76514ee07b16?s=300&amp;d=mm&amp;r=g 2x\" class=\"avatar avatar-150 photo\" height=\"150\" width=\"150\"\/><\/a><\/div>\n<\/div>\n<\/div>\n<aside class=\"mashsb-container mashsb-main mashsb-stretched\">\n<\/aside>\n<p>Auteur: L&rsquo;expert<br \/>\n<a href=\"http:\/\/lexpertjournal.net\/fr\/?p=17866\">Cliquez ici pour lire l&rsquo;article depuis sa source.<\/a><\/p>\n","protected":false},"excerpt":{"rendered":"<p>\u00ab\u00a0La s\u00e9curisation des sites nationaux de production p\u00e9troli\u00e8re et des\u00a0phosphates\u00a0doit \u00eatre associ\u00e9e \u00e0 une nouvelle approche de\u00a0d\u00e9veloppement r\u00e9gional\u00a0qui reconna\u00eet aux habitants des zones de production leur droit \u00e0 une vie digne\u00a0\u00bb. C\u2019est ce que d\u00e9clare l\u2019\u00e9conomiste et universitaire Akram Belhadj. Concernant les blocages r\u00e9p\u00e9titifs, l\u2019universitaire a soulign\u00e9 que \u00ab les sites nationaux de production p\u00e9troli\u00e8re [&hellip;]<\/p>\n","protected":false},"author":1775,"featured_media":0,"comment_status":"closed","ping_status":"closed","sticky":false,"template":"","format":"standard","meta":{"fifu_image_url":"http:\/\/0.gravatar.com\/avatar\/97f8e10a1c1125ba104a76514ee07b16?s=150&d=mm&r=g","fifu_image_alt":"Akram Belhadj : les sites de production p\u00e9troli\u00e8re et des phosphates rel\u00e8vent de la s\u00e9curit\u00e9 nationale","footnotes":""},"categories":[78,55],"tags":[],"class_list":["post-108179","post","type-post","status-publish","format-standard","hentry","category-economie","category-tunisie"],"_links":{"self":[{"href":"https:\/\/linitiative.ca\/International\/wp-json\/wp\/v2\/posts\/108179","targetHints":{"allow":["GET"]}}],"collection":[{"href":"https:\/\/linitiative.ca\/International\/wp-json\/wp\/v2\/posts"}],"about":[{"href":"https:\/\/linitiative.ca\/International\/wp-json\/wp\/v2\/types\/post"}],"author":[{"embeddable":true,"href":"https:\/\/linitiative.ca\/International\/wp-json\/wp\/v2\/users\/1775"}],"replies":[{"embeddable":true,"href":"https:\/\/linitiative.ca\/International\/wp-json\/wp\/v2\/comments?post=108179"}],"version-history":[{"count":0,"href":"https:\/\/linitiative.ca\/International\/wp-json\/wp\/v2\/posts\/108179\/revisions"}],"wp:attachment":[{"href":"https:\/\/linitiative.ca\/International\/wp-json\/wp\/v2\/media?parent=108179"}],"wp:term":[{"taxonomy":"category","embeddable":true,"href":"https:\/\/linitiative.ca\/International\/wp-json\/wp\/v2\/categories?post=108179"},{"taxonomy":"post_tag","embeddable":true,"href":"https:\/\/linitiative.ca\/International\/wp-json\/wp\/v2\/tags?post=108179"}],"curies":[{"name":"wp","href":"https:\/\/api.w.org\/{rel}","templated":true}]}}