{"id":108195,"date":"2020-12-28T08:09:52","date_gmt":"2020-12-28T13:09:52","guid":{"rendered":"https:\/\/linitiative.ca\/International\/oran-le-secteur-de-leau-entre-acquis-et-defis-a-oran\/"},"modified":"2020-12-28T08:09:52","modified_gmt":"2020-12-28T13:09:52","slug":"oran-le-secteur-de-leau-entre-acquis-et-defis-a-oran","status":"publish","type":"post","link":"https:\/\/linitiative.ca\/International\/oran-le-secteur-de-leau-entre-acquis-et-defis-a-oran\/","title":{"rendered":"Oran: le secteur de l\u2019eau entre acquis et d\u00e9fis \u00e0 Oran"},"content":{"rendered":"<div readability=\"39\">\n<p><strong>ORAN- La crise sanitaire de la Covid19 avec ses r\u00e9percussions sur les diff\u00e9rents secteurs, n\u2019a pas \u00e9t\u00e9 un obstacle majeur devant une certaine volont\u00e9 politique d\u2019am\u00e9liorer le service de l\u2019eau dans la wilaya d\u2019Oran, pourtant la s\u00e9curisation de l\u2019alimentation en eau potable, demeure toujours un d\u00e9fi de taille, estiment les responsables du secteur.<\/strong><\/p>\n<\/div>\n<div readability=\"169.03096422269\">\n<p>\u00ab\u00a0Nous avons tenu \u00e0 achever tous les programmes trac\u00e9s pour am\u00e9liorer la situation de l\u2019eau et de l\u2019assainissement dans la wilaya d\u2019Oran, malgr\u00e9 le contexte particulier li\u00e9 \u00e0 la crise sanitaire de la Covid19\u00a0\u00bb, a d\u00e9clar\u00e9 \u00e0 l\u2019APS le directeur local des ressources en eau par int\u00e9rim, Smain Boumediene.<\/p>\n<p>La priorit\u00e9 \u00e9tant de raccorder ou renforcer les zones souffrant de probl\u00e8mes de distribution, comme la da\u00efra de Oued Tl\u00e9lat, le p\u00f4le urbain de Messerghine ou encore Djebel Murdjadjou. Plusieurs projets ont \u00e9t\u00e9 finalis\u00e9s ou enclench\u00e9s au cours de l\u2019ann\u00e9e 2020.<\/p>\n<p>A Oued Tl\u00e9lat, un r\u00e9seau de conduites de 34 km, reliant diff\u00e9rentes commune avec le r\u00e9servoir Araba, a \u00e9t\u00e9 r\u00e9alis\u00e9. Une station de pompage \u00e0 Laaouamer et un r\u00e9servoir de 15.000 m3 \u00e0 Toumiate ont \u00e9t\u00e9, par ailleurs, r\u00e9alis\u00e9s dans le cadrede ce m\u00eame projet r\u00e9ceptionn\u00e9 en juillet 2020.<\/p>\n<p>Autre projet d\u2019envergure lanc\u00e9 la m\u00eame ann\u00e9e concerne le raccordement au r\u00e9seau d\u2019alimentation en eau potable de Djebel Murdjadjou. Ce projet, en phase de r\u00e9alisation bien avanc\u00e9e, permettra d\u2019approvisionner cette zone qui souffre de gros probl\u00e8mes en mati\u00e8re d\u2019AEP, mais aussi la partie haute de la commune de Mers El Kebir.<\/p>\n<p>Pour le nouveau p\u00f4le urbain Ahmed Zabana, implant\u00e9 \u00e0 Messeghine, \u00e0 l\u2019ouest d\u2019Oran, la DRE a r\u00e9alis\u00e9 toutes les \u00e9tudes pour assurer l\u2019AEP de cette zone, mal servie en raison du manque d&rsquo;infrastructures hydrauliques.<\/p>\n<blockquote readability=\"7\">\n<p><em><strong>\u00ab\u00a0Les projets de r\u00e9alisation sont confi\u00e9s \u00e0 l\u2019AADL et \u00e0 la DUC. Notre direction se contentera d\u2019apporter son aide et assistance en cas de besoin\u00a0\u00bb, pr\u00e9cise M. Boumediene.<\/strong><\/em><\/p>\n<\/blockquote>\n<hr\/>\n<h3 class=\"tagItemTitle\">Lire aussi :\u00a0<a href=\"http:\/\/www.aps.dz\/regions\/114670-alger-un-budget-de-3-milliards-da-alloue-au-secteur-de-l-eau\">Alger : un budget de 3 milliards DA allou\u00e9 au secteur de l&rsquo;eau<\/a><\/h3>\n<hr\/>\n<p>Les zones d\u2019ombre, au nombre d\u2019une soixantaine \u00e0 Oran, ont \u00e9galement b\u00e9n\u00e9fici\u00e9 d\u2019un programme pour am\u00e9liorer les r\u00e9seaux de l\u2019AEP et de l\u2019assainissement. La commune de Sidi Ghanem, constituant la zone la plus importante, a b\u00e9n\u00e9fici\u00e9 d\u2019un projet en cours de r\u00e9alisation, portant sur la r\u00e9alisation de trois forages et deux stations de pompage, pour alimenter la population en ce pr\u00e9cieux produit.<\/p>\n<p>Si les r\u00e9alisations d\u2019infrastructures hydrauliques ont \u00e9t\u00e9 importantes au cours de la derni\u00e8re d\u00e9cennie, Oran reste encore insuffisamment dot\u00e9e en ressourceshydriques et souffre depuis des ann\u00e9es d\u2019un manque flagrant de pluviom\u00e9trie. D\u2019importantes perturbations en mati\u00e8re de distribution ont \u00e9maill\u00e9 l\u2019ann\u00e9e 2020.<\/p>\n<p><strong>Retour \u00e0 la distribution altern\u00e9e<\/strong><\/p>\n<p>Alors que la distribution en H24 a \u00e9t\u00e9 mise en place \u00e0 Oran pendant des ann\u00e9es \u00e0 la grande satisfaction des habitants de la deuxi\u00e8me plus importante ville du pays, la rupture avec ce syst\u00e8me a \u00e9t\u00e9 officiellement consomm\u00e9e en 2020.<\/p>\n<p>La station de dessalement de l\u2019eau de mer d\u2019El Mact\u00e2a, gigantesque complexe alimentant toute la partie est de la wilaya, avec une produit pr\u00e9vue de 500.000 m3\/ jour, n\u2019a assur\u00e9 qu\u2019une moyenne de 380.000 m3 quotidiennement.<\/p>\n<p>Une pluviom\u00e9trie insuffisante, avec les niveaux les plus bas d\u2019emmagasinement des barrages de la r\u00e9gion ouest, ont contraint le nouveau directeur de la Soci\u00e9t\u00e9 de l\u2019eau et de l\u2019assainissement (SEOR), Oussama Heleili \u00e0 trancher, optant pour un retour vers un programme de rationnement.<\/p>\n<p>\u00ab\u00a0Fini le H24 jusqu\u2019\u00e0 nouvel ordre\u00a0\u00bb : une d\u00e9cision qui a pouss\u00e9 la population oranaise \u00e0 s\u2019adapter \u00e0 cette nouvelle donne consid\u00e9r\u00e9e comme la seule solution pour face \u00e0 la conjoncture actuelle.<\/p>\n<blockquote readability=\"7\">\n<p><em><strong>\u00ab\u00a0C\u2019est au prix de grandes man\u0153uvres au quotidien que la SEOR r\u00e9ussit \u00e0 concr\u00e9tiser ce programme garantissant \u00e0 tout le monde sa ration d\u2019eau potable\u00a0\u00bb, note le directeur de l\u2019hydraulique.<\/strong><\/em><\/p>\n<\/blockquote>\n<p>Le directeur de la SEOR, estime, quant \u00e0 lui, qu\u2019il vaut mieux garantir l\u2019eau un jour sur deux que de s\u2019acharner \u00e0 assurer le H24 et tomber de grandes perturbations.<\/p>\n<p>Il est \u00e0 rappeler que les grandes perturbations, enregistr\u00e9es \u00e0 Oran, ont pouss\u00e9 le ministre des ressources en eau, \u00e0 mettre fin en septembre dernier aux fonctions du DG de la SEOR et du directeur d\u2019exploitation de la m\u00eame entreprise.<\/p>\n<p>Un communiqu\u00e9 du minist\u00e8re avait expliqu\u00e9 que cette d\u00e9cision \u00e9tait motiv\u00e9e par \u00ab\u00a0la d\u00e9t\u00e9rioration du niveau du service public dans l\u2019ensemble des communes d\u2019Oran et ses r\u00e9percussions n\u00e9gatives sur la distribution de l\u2019eau potable\u00a0\u00bb.<\/p>\n<p>La s\u00e9curisation du secteur de l\u2019eau consiste \u00e0 trouver de nouvelles ressources mais \u00e9galement \u00e0 rationnaliser l\u2019utilisation des ressources existantes.<\/p>\n<hr\/>\n<h3 class=\"tagItemTitle\">Lire aussi :\u00a0<a href=\"http:\/\/www.aps.dz\/economie\/113776-vers-le-lancement-d-un-programme-supplementaire-des-ressources-en-eau-pour-2021\">Vers le lancement d&rsquo;un programme suppl\u00e9mentaire des ressources en eau pour 2021<\/a><\/h3>\n<hr\/>\n<p>La DRE avait lanc\u00e9, en 2020, un projet pour la d\u00e9connexion la station de dessalement d\u2019eau de mer d\u2019El Mact\u00e2a du couloir MAO (Mostaganem-Arzew-Oran). Cette station, qui assure l\u2019AEP d\u2019Oran \u00e0 hauteur de 80%, \u00e9tait greff\u00e9e au couloir MAO acheminant \u00e9galement l\u2019eau des barrages, de Gargar, dans la wilaya de Relizane, notamment.<\/p>\n<p>Le nouveau projet hydraulique a consist\u00e9 en la cr\u00e9ation de deux r\u00e9seaux ind\u00e9pendants pour assurer une alimentation de mani\u00e8re s\u00e9par\u00e9e entre les deux sources.Pour s\u00e9curiser l\u2019AEP, il est \u00e9galement question de lutter contre la d\u00e9perdition de l\u2019eau.\u00a0 \u00a0\u00a0\u00a0\u00a0\u00a0\u00a0\u00a0\u00a0\u00a0\u00a0<\/p>\n<blockquote readability=\"15\">\n<p><strong><em>\u00ab\u00a0De grandes fuites au niveau des deux parties est et ouest, s\u2019\u00e9levant \u00e0 100.000 m3\/jour, soit un cinqui\u00e8me des besoins de la wilaya d\u2019Oran, ont dur\u00e9 durant des mois en 2020\u00a0\u00bb, rappelle le responsable par int\u00e9rim de la DRE. Leurs r\u00e9parations, n\u00e9cessitant des coupures de plusieurs jours, ont \u00e9t\u00e9 retard\u00e9es d\u2019un mois \u00e0 un autre, jusqu\u2019en septembre dernier.<\/em><\/strong><\/p>\n<\/blockquote>\n<p>\u00ab\u00a0Le prix \u00e0 payer pour rem\u00e9dier \u00e0 cette situation a \u00e9t\u00e9 les coupures d\u2019eau de plusieurs jours ayant touch\u00e9 toute la wilaya, mais le gain a \u00e9t\u00e9 certain\u00a0\u00bb, estime le m\u00eame responsable.<\/p>\n<p>A l\u2019heure o\u00f9 les sources superficielles -eau des barrages- se font rares du fait de la faiblesse de la pluviom\u00e9trie, et en attendant la r\u00e9alisation de nouvelles stations de dessalement en mesure d\u2019assurer une production suffisante pour couvrir les besoins de la population, en continuelle croissante, le rationnement et la rationalisation s\u2019imposent et de nouveaux comportements des consommateurs s\u2019av\u00e8rent indispensables.<\/p>\n<\/div>\n<p>Auteur:<br \/>\n<a href=\"http:\/\/www.aps.dz\/regions\/115024-oran-le-secteur-de-l-eau-entre-acquis-et-defis-a-oran\">Cliquez ici pour lire l&rsquo;article depuis sa source.<\/a><\/p>\n","protected":false},"excerpt":{"rendered":"<p>ORAN- La crise sanitaire de la Covid19 avec ses r\u00e9percussions sur les diff\u00e9rents secteurs, n\u2019a pas \u00e9t\u00e9 un obstacle majeur devant une certaine volont\u00e9 politique d\u2019am\u00e9liorer le service de l\u2019eau dans la wilaya d\u2019Oran, pourtant la s\u00e9curisation de l\u2019alimentation en eau potable, demeure toujours un d\u00e9fi de taille, estiment les responsables du secteur. \u00ab\u00a0Nous avons [&hellip;]<\/p>\n","protected":false},"author":1790,"featured_media":0,"comment_status":"closed","ping_status":"closed","sticky":false,"template":"","format":"standard","meta":{"fifu_image_url":"","fifu_image_alt":"","footnotes":""},"categories":[53,76],"tags":[],"class_list":["post-108195","post","type-post","status-publish","format-standard","hentry","category-algerie","category-regions"],"_links":{"self":[{"href":"https:\/\/linitiative.ca\/International\/wp-json\/wp\/v2\/posts\/108195","targetHints":{"allow":["GET"]}}],"collection":[{"href":"https:\/\/linitiative.ca\/International\/wp-json\/wp\/v2\/posts"}],"about":[{"href":"https:\/\/linitiative.ca\/International\/wp-json\/wp\/v2\/types\/post"}],"author":[{"embeddable":true,"href":"https:\/\/linitiative.ca\/International\/wp-json\/wp\/v2\/users\/1790"}],"replies":[{"embeddable":true,"href":"https:\/\/linitiative.ca\/International\/wp-json\/wp\/v2\/comments?post=108195"}],"version-history":[{"count":0,"href":"https:\/\/linitiative.ca\/International\/wp-json\/wp\/v2\/posts\/108195\/revisions"}],"wp:attachment":[{"href":"https:\/\/linitiative.ca\/International\/wp-json\/wp\/v2\/media?parent=108195"}],"wp:term":[{"taxonomy":"category","embeddable":true,"href":"https:\/\/linitiative.ca\/International\/wp-json\/wp\/v2\/categories?post=108195"},{"taxonomy":"post_tag","embeddable":true,"href":"https:\/\/linitiative.ca\/International\/wp-json\/wp\/v2\/tags?post=108195"}],"curies":[{"name":"wp","href":"https:\/\/api.w.org\/{rel}","templated":true}]}}