{"id":108206,"date":"2020-12-28T11:00:00","date_gmt":"2020-12-28T16:00:00","guid":{"rendered":"https:\/\/linitiative.ca\/International\/larrestation-de-nabil-karoui-et-le-jeu-des-amalgames\/"},"modified":"2020-12-28T11:00:00","modified_gmt":"2020-12-28T16:00:00","slug":"larrestation-de-nabil-karoui-et-le-jeu-des-amalgames","status":"publish","type":"post","link":"https:\/\/linitiative.ca\/International\/larrestation-de-nabil-karoui-et-le-jeu-des-amalgames\/","title":{"rendered":"L\u2019arrestation de Nabil Karoui et le jeu des amalgames"},"content":{"rendered":"<p class=\"p1 c5\"><span class=\"c4\"><span class=\"c3\"><span class=\"s1 c2\"><strong>Le Temps &#8211; Raouf KHALSI<\/strong><\/span><\/span><\/span><\/p>\n<p class=\"p2 c6\"><span class=\"c4\"><span class=\"c3\"><strong>On s\u2019\u00e9vertue un peu partout \u00e0 rechercher des liens de cause \u00e0 effet. Et l\u2019ennui, c\u2019est qu\u2019on essaie de d\u00e9busquer ces liens bien en dehors de la rigueur et de \u00ab la technicit\u00e9 \u00bb d\u2019une proc\u00e9dure judiciaire. On se rabat aussi sur le texte et le contexte. Et ils sont plusieurs, dans les m\u00e9dias et dans les sph\u00e8res politiques, \u00e0 conclure que cette affaire s\u2019identifie \u00e0 cette vieille \u00ab man\u0153uvre \u00bb consistant \u00e0 faire du contexte un pr\u00e9texte. Le tout influent quotidien Le Monde a, d\u2019ailleurs, lui aussi abond\u00e9 dans ce sens dans sa livraison au lendemain de l\u2019arrestation de Nabil Karoui. Ils sont aussi plusieurs \u00e0 avoir fait dans la victimisation du fait que, affirment-ils, Nabil Karoui serait victime d\u2019une \u00ab cabale dans les r\u00e8gles \u00bb \u00e0 travers des pages sponsoris\u00e9es et, qu\u2019\u00e0 leurs yeux, cette cabale aurait \u00ab conditionn\u00e9 cette d\u00e9cision de justice \u00bb.<\/strong><\/span><\/span><\/p>\n<p class=\"p1 c7\"><span class=\"c4\"><span class=\"c3\">Il est tout \u00e0 fait normal que cette affaire polarise l\u2019opinion publique. Et en ces temps o\u00f9 tout se dit, o\u00f9 il n\u2019y a plus de limites aux \u00ab fictions \u00bb ni aux interpr\u00e9tations, l\u2019arrestation de Nabil Karoui est extrapol\u00e9e \u00e0 l\u2019envi. Logique, dans la mesure o\u00f9 il ne s\u2019agit pas de n\u2019importe qui.<\/span><\/span><\/p>\n<p class=\"p2 c8\">\u00a0<\/p>\n<p class=\"p3 c10\"><span class=\"c4\"><span class=\"c3\"><span class=\"s1 c9\"><strong>Tirs crois\u00e9s<span class=\"Apple-converted-space\">\u00a0<\/span><\/strong><\/span><\/span><\/span><\/p>\n<p class=\"p3 c10\"><span class=\"c4\"><span class=\"c3\"><span class=\"s1 c9\"><strong>et guerre de positionnements<\/strong><\/span><\/span><\/span><\/p>\n<p class=\"p1 c7\"><span class=\"c4\"><span class=\"c3\">De l\u2019avis de bon nombre d\u2019observateurs branch\u00e9s sur le secteur juridictionnel, le juge d\u2019instruction ayant \u00e9mis le mandat de d\u00e9p\u00f4t \u00e0 l\u2019endroit du pr\u00e9sident de Qalb Tounes est un homme qui ne se plie pas aux instructions. On a d\u2019ailleurs vu les membres du parti \u00e9viter parcimonieusement de remettre en cause la souverainet\u00e9 et l\u2019ind\u00e9pendance de l\u2019appareil judiciaire. Oussama Kh\u00e9lifi a m\u00eame d\u00e9clar\u00e9, lors de la conf\u00e9rence de presse, que les membres de Qalb Tounes avaient pleine confiance en la justice. Formule consacr\u00e9e, bienveillante m\u00eame lorsque l\u2019appareil de la justice reprend le dessus.<\/span><\/span><\/p>\n<p class=\"p1 c7\"><span class=\"c4\"><span class=\"c3\">Il n\u2019emp\u00eache : l\u2019affaire ne pouvait ne pas prendre des dimensions politiques. Et du coup, voil\u00e0 que des tirs crois\u00e9s fusent entre Qalb Tounes et Attayar. Pol\u00e9miques entre ce m\u00eame Oussama Kh\u00e9lifi et N\u00e9jib Hajji et, \u00e0 travers eux, entre ces deux partis qu\u2019une interminable querelle oppose l\u2019un \u00e0 l\u2019autre au sein de l\u2019h\u00e9micycle. C\u2019est aussi l\u2019expression de cette sempiternelle guerre de positions entre un parti (Qalb Tounes), l\u2019un des supports de la coalition autour du gouvernement, et l\u2019un des \u00e9l\u00e9ments incisifs de l\u2019opposition qui se dresse contre \u00ab ce coussin \u00bb. L\u2019affaire sort ainsi des sph\u00e8res judiciaires pour migrer le plus logiquement du monde dans les sph\u00e8res parlementaires.<\/span><\/span><\/p>\n<p class=\"p1 c7\"><span class=\"c4\"><span class=\"c3\">Nous parlions de contexte. Pour le bloc d\u00e9mocrate, le temps est venu pour que cette affaire Nabil Karoui provoque une onde de choc. Car, dans la foul\u00e9e, ce m\u00eame N\u00e9jib Hajji demande \u00e0 ce que le Pr\u00e9sident de l\u2019ARP d\u00e9voile la liste des d\u00e9put\u00e9s concern\u00e9s par une lev\u00e9e de l\u2019immunit\u00e9 \u00e9mise par les autorit\u00e9s judiciaires. On n\u2019en sait rien. Et personne n\u2019en sait davantage, si ce n\u2019est des bribes d\u2019informations non v\u00e9rifi\u00e9es concernant cinq demandes. Le Bureau de l\u2019ARP est en effet imp\u00e9n\u00e9trable, et il repr\u00e9sente pour ainsi dire une loge inexpugnable. On voit d\u2019ailleurs mal le pr\u00e9sident de l\u2019ARP jeter ses d\u00e9vots dans les mailles judiciaires.<\/span><\/span><\/p>\n<p class=\"p2 c8\">\u00a0<\/p>\n<p class=\"p3 c10\"><span class=\"c4\"><span class=\"c3\"><span class=\"s1 c9\"><strong>La face immonde<span class=\"Apple-converted-space\">\u00a0<\/span><\/strong><\/span><\/span><\/span><\/p>\n<p class=\"p3 c10\"><span class=\"c4\"><span class=\"c3\"><span class=\"s1 c9\"><strong>de \u00abl\u2019exception tunisienne\u00bb<\/strong><\/span><\/span><\/span><\/p>\n<p class=\"p1 c7\"><span class=\"c4\"><span class=\"c3\">Pour autant, les interpr\u00e9tations autour de cette affaire rel\u00e8guent au second plan tous les tenants et tous les aboutissants d\u2019un dossier ayant connu depuis 2016 de s\u00e9rieux rebondissements. On oublie que c\u2019est IWatch qui a enqu\u00eat\u00e9 et port\u00e9 plainte contre Nabil Karoui et son fr\u00e8re Ghazi. C\u2019est-\u00e0-dire que c\u2019est l\u2019une des composantes de la soci\u00e9t\u00e9 civile (et non l\u2019Ex\u00e9cutif, \u00e0 l\u2019\u00e9poque dirig\u00e9 par Youssef Chahed) qui en a saisi la justice. On oublie par ailleurs que, quoiqu\u2019arr\u00eat\u00e9, Nabil Karoui b\u00e9n\u00e9ficie toujours de la pr\u00e9somption d\u2019innocence.<span class=\"Apple-converted-space\">\u00a0<\/span><\/span><\/span><\/p>\n<p class=\"p1 c7\"><span class=\"c4\"><span class=\"c3\">Or, on ne saurait dire par quelle b\u00eatise, par quelle l\u00e9g\u00e8ret\u00e9, on a associ\u00e9 ce mandat de d\u00e9p\u00f4t \u00e0 l\u2019entrevue, la veille, entre le Pr\u00e9sident de la r\u00e9publique et le fondateur d\u00e9missionnaire d\u2019Attayar, l\u2019inflexible Mohamed Abbou. On sait que Mohamed Abbou passe pour \u00eatre \u00ab Monsieur propre \u00bb et qu\u2019il a fait de la lutte contre la corruption son sacerdoce, mais qu\u2019il n\u2019a pas su s\u2019inventer un cheval de bataille dans un monde politique gangr\u00e9n\u00e9 par l\u2019argent sale. On sait aussi que, sur ce plan, Mohamed Abbou est en symbiose et dans le m\u00eame combat que Kais Saied. Pr\u00e9tendre cependant, que l\u2019entrevue entre les deux hommes a infl\u00e9chi la d\u00e9cision du juge d\u2019instruction, est pure loufoquerie.<\/span><\/span><\/p>\n<p class=\"p1 c7\"><span class=\"c4\"><span class=\"c3\">Il n\u2019en fallait d\u2019ailleurs pas davantage pour que Rafik Abdessalem place un statut associant le fondateur d\u2019Attayar \u00e0 un \u00ab pyromane \u00bb. En l\u2019occurrence, accr\u00e9dite-t-il la th\u00e8se d\u2019un complot foment\u00e9 par Abbou. Sauf que, si celui-ci \u00e9tait aussi performant et aussi influent que cela, il n\u2019aurait pas rat\u00e9 un certain dossier du \u00ab Sheratongate \u00bb.<span class=\"Apple-converted-space\">\u00a0<\/span><\/span><\/span><\/p>\n<p class=\"p1 c7\"><span class=\"c4\"><span class=\"c3\">Aujourd\u2019hui, on recense pr\u00e8s de 2 mille dossiers de corruption aux mains d\u2019une justice qui, pour une raison ou une autre, ne s\u2019y est pas d\u00e9finitivement prononc\u00e9e. Elle finira par le faire, maintenant que les magistrats se sont r\u00e9impos\u00e9s comme le troisi\u00e8me Pouvoir et que ce Pouvoir entend recouvrer son ind\u00e9pendance et la souverainet\u00e9 de ses propres d\u00e9cisions.<\/span><\/span><\/p>\n<p class=\"p1 c7\"><span class=\"c4\"><span class=\"c3\">Sauf que l\u00e0 aussi, les extrapolations ont eu libre cours. On s\u2019est mis \u00e0 \u00e9tablir un lien (plut\u00f4t un amalgame, un de plus !) entre les revendications satisfaites des magistrats et cette \u00ab soudaine remise en marche \u00bb de la machine judiciaire, du fait qu\u2019en l\u2019espace d\u2019une semaine, elle a bien pris en mains l\u2019affaire des d\u00e9chets italiens avant d\u2019en faire de m\u00eame pour celle de Nabil Karoui. Loufoqueries l\u00e0 aussi.<\/span><\/span><\/p>\n<p class=\"p1 c7\"><span class=\"c4\"><span class=\"c3\">Il reste que les Tunisiens, la plupart, croient en l\u2019enclenchement (enfin !) d\u2019une op\u00e9ration \u00ab Mani pulite \u00bb (mais propres) comme celle lanc\u00e9e en Italie, il y a quelques ann\u00e9es par le juge Di Pietro. C\u2019est cette affaire qui a d\u00e9mantel\u00e9 la classe politique tout enti\u00e8re. Ce sc\u00e9nario est-il possible chez nous ? Pour cela, il nous faudra des hommes providentiels. Parce que la corruption, dans nos sph\u00e8res politiques occultes, est autrement plus complexe de ce qu\u2019elle ne l\u2019\u00e9tait en Italie d\u00e8s temps de l\u2019op\u00e9ration \u00ab Mani pulite \u00bb. L\u00e0 aussi, nous pourrions parler \u00ab d\u2019exception tunisienne \u00bb.<\/span><\/span><\/p>\n<p class=\"p2 c6\">\u00a0<\/p>\n<p class=\"p4 c11\"><span class=\"c4\"><span class=\"c3\"><strong>R.K.<\/strong><\/span><\/span><\/p>\n<p>Auteur: letemps1<br \/>\n<a href=\"http:\/\/www.letemps.com.tn\/article\/118639\/l%E2%80%99arrestation-de-nabil-karoui-et-le-jeu-des-amalgames\">Cliquez ici pour lire l&rsquo;article depuis sa source.<\/a><\/p>\n","protected":false},"excerpt":{"rendered":"<p>Le Temps &#8211; Raouf KHALSI On s\u2019\u00e9vertue un peu partout \u00e0 rechercher des liens de cause \u00e0 effet. Et l\u2019ennui, c\u2019est qu\u2019on essaie de d\u00e9busquer ces liens bien en dehors de la rigueur et de \u00ab la technicit\u00e9 \u00bb d\u2019une proc\u00e9dure judiciaire. On se rabat aussi sur le texte et le contexte. Et ils sont [&hellip;]<\/p>\n","protected":false},"author":1773,"featured_media":0,"comment_status":"closed","ping_status":"closed","sticky":false,"template":"","format":"standard","meta":{"fifu_image_url":"","fifu_image_alt":"","footnotes":""},"categories":[73,55],"tags":[],"class_list":["post-108206","post","type-post","status-publish","format-standard","hentry","category-actualite","category-tunisie"],"_links":{"self":[{"href":"https:\/\/linitiative.ca\/International\/wp-json\/wp\/v2\/posts\/108206","targetHints":{"allow":["GET"]}}],"collection":[{"href":"https:\/\/linitiative.ca\/International\/wp-json\/wp\/v2\/posts"}],"about":[{"href":"https:\/\/linitiative.ca\/International\/wp-json\/wp\/v2\/types\/post"}],"author":[{"embeddable":true,"href":"https:\/\/linitiative.ca\/International\/wp-json\/wp\/v2\/users\/1773"}],"replies":[{"embeddable":true,"href":"https:\/\/linitiative.ca\/International\/wp-json\/wp\/v2\/comments?post=108206"}],"version-history":[{"count":0,"href":"https:\/\/linitiative.ca\/International\/wp-json\/wp\/v2\/posts\/108206\/revisions"}],"wp:attachment":[{"href":"https:\/\/linitiative.ca\/International\/wp-json\/wp\/v2\/media?parent=108206"}],"wp:term":[{"taxonomy":"category","embeddable":true,"href":"https:\/\/linitiative.ca\/International\/wp-json\/wp\/v2\/categories?post=108206"},{"taxonomy":"post_tag","embeddable":true,"href":"https:\/\/linitiative.ca\/International\/wp-json\/wp\/v2\/tags?post=108206"}],"curies":[{"name":"wp","href":"https:\/\/api.w.org\/{rel}","templated":true}]}}