{"id":108207,"date":"2020-12-28T11:00:00","date_gmt":"2020-12-28T16:00:00","guid":{"rendered":"https:\/\/linitiative.ca\/International\/qalb-tounes-la-fin-de-la-recre\/"},"modified":"2020-12-28T11:00:00","modified_gmt":"2020-12-28T16:00:00","slug":"qalb-tounes-la-fin-de-la-recre","status":"publish","type":"post","link":"https:\/\/linitiative.ca\/International\/qalb-tounes-la-fin-de-la-recre\/","title":{"rendered":"Qalb Toun\u00e8s, la fin de la r\u00e9cr\u00e9 !"},"content":{"rendered":"<p class=\"p1 c5\"><span class=\"c4\"><span class=\"c3\"><span class=\"s1 c2\"><strong>Le Temps &#8211; Jameleddine EL HAJJI<\/strong><\/span><\/span><\/span><\/p>\n<p class=\"p2 c6\"><span class=\"c4\"><span class=\"c3\"><strong>L\u2019arrestation de Nabil Karoui, cr\u00e9ateur et chef du parti Qalb Tounes est certes une proc\u00e9dure juridique normale. Une d\u00e9tention pr\u00e9ventive, pour le moment, qui ne l\u00e8se en rien les droits du pr\u00e9venu. Seulement, elle pose plusieurs probl\u00e8mes \u00e0 d\u2019autres niveaux qui d\u00e9passent la personne incrimin\u00e9e actuellement par la Justice. Au seul niveau du parti, l\u2019arrestation du chef met en cause la totalit\u00e9 des responsables\u2026et des actions \u00e0 \u00ab leur actif \u00bb.<\/strong><\/span><\/span><\/p>\n<p class=\"p1 c7\"><span class=\"c4\"><span class=\"c3\">Propri\u00e9taire, \u00e0 l\u2019origine, d\u2019une chaine de t\u00e9l\u00e9vision depuis les derni\u00e8res ann\u00e9es du r\u00e8gne de Zinelabidine Ben Ali, le personnage et sa \u00ab boite \u00bb ont connu une mutation aussi spectaculaire que myst\u00e9rieuse, et ce depuis la chute du r\u00e9gime au d\u00e9but de l\u2019ann\u00e9e 2011. En l\u2019absence de tout contre-pouvoir m\u00e9diatique, la chaine Nessma est vite devenue la premi\u00e8re chaine priv\u00e9e m\u00ealant information et politique. Dans l\u2019anarchie des ann\u00e9es 2012, 2013 et 2014, Nessma s\u2019est fait tour \u00e0 tour le porte-parole du parti islamiste Ennahdha, de Nida Tounes de B\u00e9ji Ca\u00efd Essebsi, et de leurs alli\u00e9s de circonstance. Entretemps, Nabil Karoui, fort de sa plateforme de Nessma, lance une association caritative qui a sillonn\u00e9 le pays, en files de camions transportant aux \u00ab pauvres \u00bb toute sorte de denr\u00e9es alimentaires et autres accessoires de \u00ab sommeil \u00bb par temps glacial. Une \u0153uvre de charit\u00e9 bien soutenue par la chaine de t\u00e9l\u00e9vision qui passait en direct les sc\u00e8nes de d\u00e9chargement des subsides, au rythme de ces bulletins d\u2019information horaires. En deux temps trois mouvements, l\u2019association de bienfaisance se transforme en parti politique portant le sobriquet de \u00ab Qalb Tounes \u00bb (le c\u0153ur de la Tunisie). Sans coup f\u00e9rir, Nabil Karoui, entour\u00e9 de son fr\u00e8re et de quelques relations proches, d\u00e9clare officiellement la fondation d\u2019un parti politique, sur les cendres de l\u2019association ainsi mise en veille, mais seulement de par la forme. Sans arr\u00eater les cargaisons de macaroni et autres produits de cuisine, achemin\u00e9s chaque semaine au petit peuple. Or depuis que le parti \u00e9tait association, la HAICA s\u2019est inqui\u00e9t\u00e9e \u00e0 plusieurs reprises de cette fa\u00e7on de faire de l\u2019information audiovisuelle, du travail associatif, et de la politique.<span class=\"Apple-converted-space\">\u00a0<\/span><\/span><\/span><\/p>\n<p class=\"p2 c8\">\u00a0<\/p>\n<p class=\"p3 c10\"><span class=\"c4\"><span class=\"c3\"><span class=\"s1 c9\"><strong>La HAICA pr\u00eachait<span class=\"Apple-converted-space\">\u00a0<\/span><\/strong><\/span><\/span><\/span><\/p>\n<p class=\"p3 c10\"><span class=\"c4\"><span class=\"c3\"><span class=\"s1 c9\"><strong>dans le d\u00e9sert ?<span class=\"Apple-converted-space\">\u00a0<\/span><\/strong><\/span><\/span><\/span><\/p>\n<p class=\"p1 c7\"><span class=\"c4\"><span class=\"c3\">Les choses en sont venues \u00e0 la fermeture pure et simple de la chaine, par d\u00e9cision de justice o\u00f9 le plaignant n\u2019\u00e9tait autre que cette instance de r\u00e9gulation. Le nombre de contraventions r\u00e9dig\u00e9es contre les d\u00e9viations de Nessma ne se compte plus sur les doigts d\u2019une seule main. Pire, la chaine, et Nabil Karoui, en plus de leur \u00e9quipe de choc de d\u00e9fense, se d\u00e9fendaient et accusaient leurs d\u00e9tracteurs, personnes et institutions, ont d\u00e9cid\u00e9 d\u2019assurer leur d\u00e9fense sur les ondes de Nessma. Seulement, tandis que les m\u00e9dias tunisiens annon\u00e7aient la cessation de l\u2019\u00e9mission par Nessma, suite \u00e0 la saisie de son mat\u00e9riel d\u2019\u00e9mission, la chaine a continu\u00e9 \u00e0 \u00e9mettre\u2026 de l\u2019\u00e9tranger. Entretemps, une association de la soci\u00e9t\u00e9 civile s\u2019est mise sur les traces de l\u2019argent qui a permis \u00ab aux \u00bb entreprises de Nabil Karoui, de renvoyer paitre la Justice et les institutions tunisiennes de r\u00e9gulation, pour agir librement en territoire conquis. A la faveur d\u2019investigations men\u00e9es par la Justice au-del\u00e0 des fronti\u00e8res, en plus de l\u2019insistance de la HAICA et du \u00ab harc\u00e8lement \u00bb de l\u2019association de la soci\u00e9t\u00e9 civile, plusieurs dossiers ont pu \u00eatre mont\u00e9s juridiquement, faisant peser de lourdes charges sur Nessma, Nabil Karoui et tout leur chapelet de satellites, \u00e0 l\u2019int\u00e9rieur comme \u00e0 l\u2019\u00e9tranger. A ce stade, il est devenu vital de chercher des appuis politiques \u00e0 cette n\u00e9buleuse, d\u2019autant plus que B\u00e9ji Ca\u00efd Essebsi amor\u00e7ait son ultime d\u00e9clin en 2016. D\u2019un tour de main, Rached Ghannouchi, chef du parti Ennahdha se pr\u00e9sente, et vite, le march\u00e9 a \u00e9t\u00e9 conclu. Avec son lot de man\u0153uvres dilatoires \u00e0 faire p\u00e2lir les plus grands sc\u00e9naristes des s\u00e9ries mafieuses. Lors des l\u00e9gislatives et pr\u00e9sidentielle de 2019, l\u2019\u00e9ch\u00e9ance \u00e9lectorale s\u2019est transform\u00e9e en un gigantesque carnaval de simulation. Nabil Karoui passe au deuxi\u00e8me tour de la pr\u00e9sidentielle, balayant le deuxi\u00e8me homme fort d\u2019Ennahdha, Abdelfattah Mourou, pour se trouver face \u00e0 Kais Sa\u00efd. Un parfait inconnu, plut\u00f4t affable et de bonne naissance, et qui plus est, sans aucun soutien politique de poids en cette p\u00e9riode. On connait la suite. Mais cette ascension fulgurante de Nabil Karoui n\u2019a quand m\u00eame pas convaincu. Est-il suffisant d\u2019avoir une chaine t\u00e9l\u00e9, et une flotte de camions de produits alimentaires de base, pour devenir un dauphin pr\u00e9sidentiel en Tunisie ? Que vaut, en fait, un peuple que l\u2019on peut pr\u00e9sider moyennant quelques paquets de p\u00e2tes et quelques bouteilles d\u2019huile v\u00e9g\u00e9tale (le secteur des huiles v\u00e9g\u00e9tales est d\u00e9j\u00e0 probl\u00e9matique)?<\/span><\/span><\/p>\n<p class=\"p2 c8\">\u00a0<\/p>\n<p class=\"p3 c10\"><span class=\"c4\"><span class=\"c3\"><span class=\"s1 c9\"><strong>Un argent fou\u2026et affolant<\/strong><\/span><\/span><\/span><\/p>\n<p class=\"p1 c7\"><span class=\"c4\"><span class=\"c3\">De fil en aiguille, la Justice accumule les dossiers, en attendant un moment de lucidit\u00e9 propice, de cet Etat livr\u00e9 \u00e0 toutes sortes de pratiques peu recommandables sur tous les march\u00e9s du monde. Avec comme apoth\u00e9ose la foire aux d\u00e9put\u00e9s, devenue saisonni\u00e8re au sein de l\u2019Assembl\u00e9e des repr\u00e9sentants du peuple l\u2019ARP, soit le premier pouvoir en place, fruit de cette mani\u00e8re de faire de la politique. Aujourd\u2019hui, Nabil Karoui doit r\u00e9pondre d\u2019un montant de 143 millions de dinars, en crimes de changes, blanchiments et autres bagatelles. Puisqu\u2019il n\u2019y a pas d\u2019\u00e9lections en vue, et que la Justice semble se raffermir le pas, les perspectives s\u2019annoncent tr\u00e8s peu prometteuses en mati\u00e8re de \u00ab r\u00e9conciliation et autres conciliabules \u00bb.<span class=\"Apple-converted-space\">\u00a0<\/span><\/span><\/span><\/p>\n<p class=\"p1 c7\"><span class=\"c4\"><span class=\"c3\">Cette arrestation laisse n\u00e9anmoins plusieurs interrogations d\u2019autant plus l\u00e9gitimes qu\u2019elles portent sur le devenir de cette configuration politique bizarre. Qu\u2019en adviendra-t-il du bloc parlementaire de Qalb Tounes \u00e0 l\u2019ARP ? Jusqu\u2019\u00e0 maintenant, ce bloc se d\u00e9clarait comme \u00e9tant l\u2019un des \u00e9l\u00e9ments cl\u00e9 formant le coussin de l\u2019actuel chef de gouvernement Hichem Mechichi. Une mystification \u00e0 laquelle tout le monde semble bien s\u2019accommoder, \u00e0 la Kasbah, comme au Bardo, mais pas \u00e0 Carthage, o\u00f9 les termes du jeu sont d\u2019un tout autre ordre.<span class=\"Apple-converted-space\">\u00a0<\/span><\/span><\/span><\/p>\n<p class=\"p1 c7\"><span class=\"c4\"><span class=\"c3\">Un simple recoupement des \u00e9l\u00e9ments qui sont d\u00e9j\u00e0 dans les casiers de la Justice avec les affirmations contenues dans le rapport de la Cour des Comptes, fait ressortir que Qalb Tounes n\u2019a pas travers\u00e9 les \u00e9lections avec les mains vides, de l\u2019amour et de l\u2019eau fraiche. Il aurait us\u00e9 de l\u2019argent \u00ab sale \u00bb afin de parvenir l\u00e0 o\u00f9 il est actuellement \u00e0 l\u2019ARP. A voir les d\u00e9put\u00e9s de Qalb Tounes, ils se pr\u00e9sentent tous de condition modeste, leur interdisant de briguer la d\u00e9putation dans les conditions que nous avons v\u00e9cues. Les r\u00e9actions d\u2019Iyadh Elloumi et de Kh\u00e9lifi le confirment \u00e9loquemment.<\/span><\/span><\/p>\n<p class=\"p1 c7\"><span class=\"c4\"><span class=\"c3\">L\u2019ARP peut-elle continuer \u00e0 travailler avec un bloc corrompu ou suspect de plus de trente d\u00e9put\u00e9s au moins ? Un cas de figure qui a \u00e9t\u00e9 sciemment \u00ab ignor\u00e9 \u00bb par les r\u00e9dacteurs de la Constitution et du Code \u00e9lectoral. Sauf si Yadh Elloumi pr\u00e9sente un audit en bonne et due forme de Qalb Toun\u00e8s, avec en traits forts, la transparence requise sur les sources de financement de ce tigre en papier.<\/span><\/span><\/p>\n<p class=\"p2 c6\">\u00a0<\/p>\n<p class=\"p4 c11\"><span class=\"c4\"><span class=\"c3\"><strong>J.E.H.<\/strong><\/span><\/span><\/p>\n<p>Auteur: letemps1<br \/>\n<a href=\"http:\/\/www.letemps.com.tn\/article\/118640\/qalb-toun%C3%A8s-la-fin-de-la-r%C3%A9cr%C3%A9\">Cliquez ici pour lire l&rsquo;article depuis sa source.<\/a><\/p>\n","protected":false},"excerpt":{"rendered":"<p>Le Temps &#8211; Jameleddine EL HAJJI L\u2019arrestation de Nabil Karoui, cr\u00e9ateur et chef du parti Qalb Tounes est certes une proc\u00e9dure juridique normale. Une d\u00e9tention pr\u00e9ventive, pour le moment, qui ne l\u00e8se en rien les droits du pr\u00e9venu. Seulement, elle pose plusieurs probl\u00e8mes \u00e0 d\u2019autres niveaux qui d\u00e9passent la personne incrimin\u00e9e actuellement par la Justice. [&hellip;]<\/p>\n","protected":false},"author":1773,"featured_media":0,"comment_status":"closed","ping_status":"closed","sticky":false,"template":"","format":"standard","meta":{"fifu_image_url":"","fifu_image_alt":"","footnotes":""},"categories":[73,55],"tags":[],"class_list":["post-108207","post","type-post","status-publish","format-standard","hentry","category-actualite","category-tunisie"],"_links":{"self":[{"href":"https:\/\/linitiative.ca\/International\/wp-json\/wp\/v2\/posts\/108207","targetHints":{"allow":["GET"]}}],"collection":[{"href":"https:\/\/linitiative.ca\/International\/wp-json\/wp\/v2\/posts"}],"about":[{"href":"https:\/\/linitiative.ca\/International\/wp-json\/wp\/v2\/types\/post"}],"author":[{"embeddable":true,"href":"https:\/\/linitiative.ca\/International\/wp-json\/wp\/v2\/users\/1773"}],"replies":[{"embeddable":true,"href":"https:\/\/linitiative.ca\/International\/wp-json\/wp\/v2\/comments?post=108207"}],"version-history":[{"count":0,"href":"https:\/\/linitiative.ca\/International\/wp-json\/wp\/v2\/posts\/108207\/revisions"}],"wp:attachment":[{"href":"https:\/\/linitiative.ca\/International\/wp-json\/wp\/v2\/media?parent=108207"}],"wp:term":[{"taxonomy":"category","embeddable":true,"href":"https:\/\/linitiative.ca\/International\/wp-json\/wp\/v2\/categories?post=108207"},{"taxonomy":"post_tag","embeddable":true,"href":"https:\/\/linitiative.ca\/International\/wp-json\/wp\/v2\/tags?post=108207"}],"curies":[{"name":"wp","href":"https:\/\/api.w.org\/{rel}","templated":true}]}}