{"id":108210,"date":"2020-12-28T11:00:00","date_gmt":"2020-12-28T16:00:00","guid":{"rendered":"https:\/\/linitiative.ca\/International\/une-sensibilisation-sur-le-patrimoine-architectural-en-danger\/"},"modified":"2020-12-28T11:00:00","modified_gmt":"2020-12-28T16:00:00","slug":"une-sensibilisation-sur-le-patrimoine-architectural-en-danger","status":"publish","type":"post","link":"https:\/\/linitiative.ca\/International\/une-sensibilisation-sur-le-patrimoine-architectural-en-danger\/","title":{"rendered":"Une sensibilisation sur le patrimoine architectural en danger"},"content":{"rendered":"<p class=\"p1 c5\"><span class=\"c4\"><span class=\"c3\"><span class=\"s1 c2\"><strong>Le Temps-Lotfi Ben Khalifa<span class=\"Apple-converted-space\">\u00a0<\/span><\/strong><\/span><\/span><\/span><\/p>\n<p class=\"p1 c5\"><span class=\"c4\"><span class=\"c3\"><strong>Une exposition collective et une programmation participative autour du Centre ville de Tunis et de l\u2019H\u00f4tel du Lac, menac\u00e9 de d\u00e9molition, a lieu actuellement et jusqu\u2019au 18 f\u00e9vrier 2021 sous l\u2019intitul\u00e9 de : \u00ab Tunis ville X Patrimoini \u00bb, dans sa seconde \u00e9dition, au 42 de la rue Ben Ghedhahem.<span class=\"Apple-converted-space\">\u00a0<\/span><\/strong><\/span><\/span><\/p>\n<p class=\"p1 c6\"><span class=\"c4\"><span class=\"c3\">Un \u00ab deux en un \u00bb en une exposition commune. Cette manifestation est un projet central organis\u00e9 par, le Goethe Institut de Tunis et l\u2019Association Edifices et M\u00e9moires. La mise en valeur du patrimoine architectural de la Tunisie \u00e0 travers une s\u00e9rie de manifestations : conf\u00e9rences, visites guid\u00e9es, visant \u00e0 la<span class=\"Apple-converted-space\">\u00a0 \u00a0<\/span> sensibilisation des citoyens sur la valeur de leur patrimoine commun et le raniment de lieux parfois oubli\u00e9s. L\u2019H\u00f4tel du Lac, a \u00e9t\u00e9 construit en 1973 par l\u2019architecte italien Raffaele Contigiani dans un style n\u00e9 du mouvement du brutalisme. Le th\u00e8me \u00ab Patrimoini H\u00f4tel du Lac \u00bb nous propose des \u0153uvres de \u00ab Creativeness \u00bb sous l\u2019intitul\u00e9 de : \u00ab M\u00e9moires collectives \u00bb \u00e0 travers une bande dessin\u00e9e en axant sur la valeur sentimentale et affective de ce lieu incontournable et historique. Et dans ce m\u00eame ordre d\u2019id\u00e9es, Asma Haddouk et Melissa Logan et \u00e0 travers la vid\u00e9o : \u00ab Fallin\u2019up \u00bb, montrent l\u2019H\u00f4tel du Lac dans<span class=\"Apple-converted-space\">\u00a0<\/span> une perspective d\u2019avenir. Jihen Ben Chikha propose une dimension invisible de l\u2019h\u00f4tel, mais qui n\u2019en est pas moins r\u00e9elle et physique dans \u00ab Co-existence Mechanical. Quant \u00e0 Daniel H\u00fclseweg et Rub\u00e8n Jodar, ils ont r\u00e9alis\u00e9 une carte postale intitul\u00e9e : \u00ab I love Tunis \u00bb pour que les citoyens<span class=\"Apple-converted-space\">\u00a0<\/span> l\u2019utilisent afin de sensibiliser les gens \u00e0 la pr\u00e9servation du patrimoine<span class=\"Apple-converted-space\">\u00a0<\/span> architectural de Tunis. En effet, les citoyens sont invit\u00e9s, en enlevant la d\u00e9coupe, \u00e0 prendre une photo \u00e0 travers le contour et en le partageant sur les <span class=\"Apple-converted-space\">\u00a0<\/span> r\u00e9seaux sociaux avec le hashtag : I lovedulac. Ces deux artistes ont \u00e9galement<span class=\"Apple-converted-space\">\u00a0 \u00a0<\/span> cr\u00e9e les \u00ab Tuiles du Lac. \u00bb Ils d\u00e9tournent l\u2019un des motifs de \u00ab Jnen el khottifa \u00bb de la c\u00e9ramique tunisienne pour le rapprocher de la forme g\u00e9om\u00e9trique caract\u00e9ristique de l\u2019H\u00f4tel du Lac. De son c\u00f4t\u00e9, l\u2019architecte Ahmed Kraiem rappelle, \u00e0 travers deux monuments maquettes, que \u00ab L\u2019H\u00f4tel du Lac de Tunis, est une \u00e2me qui se renouvelle \u00e0 l\u2019\u00e9ternit\u00e9. \u00bb Majdi Lakdhar raconte \u00e0 sa mani\u00e8re la chronique d\u2019une disparition \u00e0 travers deux dessins. \u00ab Lost in Tunis \u00bb effectuent une exploration urbaine \u00e0 Tunis. Aymen Mbarki propose une<span class=\"Apple-converted-space\">\u00a0<\/span> \u00ab Pierre angulaire \u00bb, un labyrinthe \u00e0 visage d\u00e9couvert. Emily Samsam et Vittoria<span class=\"Apple-converted-space\">\u00a0<\/span> Capresi offrent \u00e0 voir une installation interactive intitul\u00e9e : \u00ab Radio du Lac \u00bb pour percevoir le pass\u00e9, le pr\u00e9sent et le futur de cet h\u00f4tel. \u00ab Z \u00bb mettent \u00e0 vue une utopie satirique pour sauver l\u2019H\u00f4tel du Lac \u00e0 travers dix dessins inventifs.<\/span><\/span><\/p>\n<p class=\"p1 c5\">\u00a0<\/p>\n<p class=\"p2 c7\"><span class=\"c4\"><span class=\"c3\"><strong>L.B.K<\/strong><\/span><\/span><\/p>\n<p>Auteur: letemps1<br \/>\n<a href=\"http:\/\/www.letemps.com.tn\/article\/118643\/une-sensibilisation-sur-le-patrimoine-architectural-en-danger\">Cliquez ici pour lire l&rsquo;article depuis sa source.<\/a><\/p>\n","protected":false},"excerpt":{"rendered":"<p>Le Temps-Lotfi Ben Khalifa\u00a0 Une exposition collective et une programmation participative autour du Centre ville de Tunis et de l\u2019H\u00f4tel du Lac, menac\u00e9 de d\u00e9molition, a lieu actuellement et jusqu\u2019au 18 f\u00e9vrier 2021 sous l\u2019intitul\u00e9 de : \u00ab Tunis ville X Patrimoini \u00bb, dans sa seconde \u00e9dition, au 42 de la rue Ben Ghedhahem.\u00a0 Un [&hellip;]<\/p>\n","protected":false},"author":1773,"featured_media":0,"comment_status":"closed","ping_status":"closed","sticky":false,"template":"","format":"standard","meta":{"fifu_image_url":"","fifu_image_alt":"","footnotes":""},"categories":[73,55],"tags":[],"class_list":["post-108210","post","type-post","status-publish","format-standard","hentry","category-actualite","category-tunisie"],"_links":{"self":[{"href":"https:\/\/linitiative.ca\/International\/wp-json\/wp\/v2\/posts\/108210","targetHints":{"allow":["GET"]}}],"collection":[{"href":"https:\/\/linitiative.ca\/International\/wp-json\/wp\/v2\/posts"}],"about":[{"href":"https:\/\/linitiative.ca\/International\/wp-json\/wp\/v2\/types\/post"}],"author":[{"embeddable":true,"href":"https:\/\/linitiative.ca\/International\/wp-json\/wp\/v2\/users\/1773"}],"replies":[{"embeddable":true,"href":"https:\/\/linitiative.ca\/International\/wp-json\/wp\/v2\/comments?post=108210"}],"version-history":[{"count":0,"href":"https:\/\/linitiative.ca\/International\/wp-json\/wp\/v2\/posts\/108210\/revisions"}],"wp:attachment":[{"href":"https:\/\/linitiative.ca\/International\/wp-json\/wp\/v2\/media?parent=108210"}],"wp:term":[{"taxonomy":"category","embeddable":true,"href":"https:\/\/linitiative.ca\/International\/wp-json\/wp\/v2\/categories?post=108210"},{"taxonomy":"post_tag","embeddable":true,"href":"https:\/\/linitiative.ca\/International\/wp-json\/wp\/v2\/tags?post=108210"}],"curies":[{"name":"wp","href":"https:\/\/api.w.org\/{rel}","templated":true}]}}