{"id":108222,"date":"2020-12-28T10:09:00","date_gmt":"2020-12-28T15:09:00","guid":{"rendered":"https:\/\/linitiative.ca\/International\/ministre-de-lenergie-et-des-mines-exploitation-des-mines-de-ghar-djebilat-en-mars-2021\/"},"modified":"2020-12-28T10:09:00","modified_gmt":"2020-12-28T15:09:00","slug":"ministre-de-lenergie-et-des-mines-exploitation-des-mines-de-ghar-djebilat-en-mars-2021","status":"publish","type":"post","link":"https:\/\/linitiative.ca\/International\/ministre-de-lenergie-et-des-mines-exploitation-des-mines-de-ghar-djebilat-en-mars-2021\/","title":{"rendered":"MINISTRE DE L\u2019\u00c9NERGIE ET DES MINES : Exploitation des mines de Ghar Djebilat en mars 2021"},"content":{"rendered":"<p><br id=\"sep_para_1\" class=\"sep_para access\"\/><\/p>\n<div id=\"para_1\" class=\"para_40071443 resize\">\n<div class=\"texte access firstletter\">Le ministre de l\u2019\u00c9nergie et des Mines, Mohamad Arkab, a \u00e9cart\u00e9 l\u2019existence de dangers lors de l\u2019exploration ou de l\u2019exploitation du lithium, soulignant que \u00ab des normes internationales de pr\u00e9servation de l\u2019environnement seront adopt\u00e9es dans les op\u00e9rations d\u2019exploration et d\u2019exploitation dans les champs et les mines \u00bb. En effet, il a indiqu\u00e9 que \u00abtous les proc\u00e9d\u00e9s d\u2019extraction de minerais ont des mesures strictes de pr\u00e9servation de l\u2019environnement, et il y a une \u00e9tude que nous menons avec le minist\u00e8re de l\u2019Environnement pour garantir la s\u00e9curit\u00e9 de tous les mat\u00e9riaux que nous utilisons dans le cadre de l\u2019exploitation mini\u00e8re, et que cela pr\u00e9serve l\u2019environnement et les humains\u00bb, a-t-il d\u00e9clar\u00e9, dans un entretien\u00a0 accord\u00e9 \u00e0 la radio nationale. Dans sa nouvelle strat\u00e9gie, le minist\u00e8re des Mines a indiqu\u00e9 que son d\u00e9partement adopt\u00e9 \u00ab le principe de\u00a0 coordination avec des secteurs vitaux tels que le secteur de l\u2019enseignement sup\u00e9rieur et la recherche scientifique \u00bb, puisqu\u2019un accord-cadre a \u00e9t\u00e9 sign\u00e9 \u00e0 cet \u00e9gard, selon lui, ses propos, afin d\u2019accompagner les chercheurs alg\u00e9riens dans toutes les \u00e9tapes de recherche, d\u2019exploration, d\u2019exploitation, ainsi que de production \u00bb. S\u2019agissant de l\u2019exploitation des mines de Ghar Djebilat et Oued Amizour, le ministre a affirm\u00e9 que \u00ab le processus en \u00e9tait \u00e0 sa derni\u00e8re \u00e9tape, relative \u00e0 la pr\u00e9paration du cahier des charges. Arkab a d\u00e9voil\u00e9 que \u00ab le stock de fer de la localit\u00e9 est \u00e9valu\u00e9 \u00e0\u00a0 3 milliards de tonnes \u00bb en ajoutant\u00a0 \u00ab que nous travaillons \u00e0 exploiter directement 1,6 milliard de tonnes \u00bb. Il a annonc\u00e9 l\u2019entame du projet en mars 2021 \u00bb.<\/div>\n<\/div>\n<p>Auteur: Ismain<br \/>\n<a href=\"https:\/\/www.reflexiondz.net\/MINISTRE-DE-L-ENERGIE-ET-DES-MINES-Exploitation-des-mines-de-Ghar-Djebilat-en-mars-2021_a66921.html\">Cliquez ici pour lire l&rsquo;article depuis sa source.<\/a><\/p>\n","protected":false},"excerpt":{"rendered":"<p>Le ministre de l\u2019\u00c9nergie et des Mines, Mohamad Arkab, a \u00e9cart\u00e9 l\u2019existence de dangers lors de l\u2019exploration ou de l\u2019exploitation du lithium, soulignant que \u00ab des normes internationales de pr\u00e9servation de l\u2019environnement seront adopt\u00e9es dans les op\u00e9rations d\u2019exploration et d\u2019exploitation dans les champs et les mines \u00bb. En effet, il a indiqu\u00e9 que \u00abtous les [&hellip;]<\/p>\n","protected":false},"author":1740,"featured_media":0,"comment_status":"closed","ping_status":"closed","sticky":false,"template":"","format":"standard","meta":{"fifu_image_url":"","fifu_image_alt":"","footnotes":""},"categories":[53,76],"tags":[],"class_list":["post-108222","post","type-post","status-publish","format-standard","hentry","category-algerie","category-regions"],"_links":{"self":[{"href":"https:\/\/linitiative.ca\/International\/wp-json\/wp\/v2\/posts\/108222","targetHints":{"allow":["GET"]}}],"collection":[{"href":"https:\/\/linitiative.ca\/International\/wp-json\/wp\/v2\/posts"}],"about":[{"href":"https:\/\/linitiative.ca\/International\/wp-json\/wp\/v2\/types\/post"}],"author":[{"embeddable":true,"href":"https:\/\/linitiative.ca\/International\/wp-json\/wp\/v2\/users\/1740"}],"replies":[{"embeddable":true,"href":"https:\/\/linitiative.ca\/International\/wp-json\/wp\/v2\/comments?post=108222"}],"version-history":[{"count":0,"href":"https:\/\/linitiative.ca\/International\/wp-json\/wp\/v2\/posts\/108222\/revisions"}],"wp:attachment":[{"href":"https:\/\/linitiative.ca\/International\/wp-json\/wp\/v2\/media?parent=108222"}],"wp:term":[{"taxonomy":"category","embeddable":true,"href":"https:\/\/linitiative.ca\/International\/wp-json\/wp\/v2\/categories?post=108222"},{"taxonomy":"post_tag","embeddable":true,"href":"https:\/\/linitiative.ca\/International\/wp-json\/wp\/v2\/tags?post=108222"}],"curies":[{"name":"wp","href":"https:\/\/api.w.org\/{rel}","templated":true}]}}