{"id":108223,"date":"2020-12-28T10:09:00","date_gmt":"2020-12-28T15:09:00","guid":{"rendered":"https:\/\/linitiative.ca\/International\/tramway-de-mostaganem-reception-finale-du-projet-dans-les-prochains-mois\/"},"modified":"2020-12-28T10:09:00","modified_gmt":"2020-12-28T15:09:00","slug":"tramway-de-mostaganem-reception-finale-du-projet-dans-les-prochains-mois","status":"publish","type":"post","link":"https:\/\/linitiative.ca\/International\/tramway-de-mostaganem-reception-finale-du-projet-dans-les-prochains-mois\/","title":{"rendered":"TRAMWAY DE MOSTAGANEM : R\u00e9ception finale du projet  dans les prochains mois"},"content":{"rendered":"<p><br id=\"sep_para_1\" class=\"sep_para access\"\/><\/p>\n<div id=\"para_1\" class=\"para_40071427 resize\">\n<div class=\"texte access firstletter\">Les travaux de la deuxi\u00e8me partie\u00a0 du projet du Tramway\u00a0 reliant le centre- ville au p\u00f4le universitaire de Kharrouba, au nord de Mostaganem, seront achev\u00e9s au cours du premier semestre de l&rsquo;ann\u00e9e prochaine. En ce sens , il est pr\u00e9vu que la r\u00e9ception totale du projet intervienne dans les prochains mois, en parall\u00e8le du lancement d&rsquo;une op\u00e9ration de formation dans les domaines de pilotage,\u00a0 de la maintenance et de la s\u00e9curit\u00e9, au profit des travailleurs qui seront employ\u00e9s dans le cadre de l&rsquo;exploitation commerciale de ce moyen moderne. Le taux d&rsquo;avancement des travaux dans diff\u00e9rents ateliers du projet a atteint 80%, suite, \u00e0 l&rsquo;ach\u00e8vement de la r\u00e9alisation de la premi\u00e8re ligne de 2 km, o\u00f9 se d\u00e9roulent\u00a0 les exp\u00e9riences techniques. Les travaux sont en phase d\u2019ach\u00e8vement au niveau de la premi\u00e8re partie de la deuxi\u00e8me ligne , sur une distance de 7 km, reliant le centre ville \u00e0 la Salamandre, au sud de Mostaganem. Notons que\u00a0 les premiers essais du tramway ont eu lieu durant quatre jours et\u00a0 ce, du vendredi 25 au lundi 28 d\u00e9cembre 2020 au niveau de la premi\u00e8re ligne reliant la gare terrestre au centre-ville de Mostaganem, \u00e0 une distance kilom\u00e9trique de deux kilom\u00e8tres, suite \u00e0 la\u00a0 r\u00e9ception\u00a0 des premiers trams\u00a0 dans l&rsquo;apr\u00e8s-midi du mercredi 24 d\u00e9cembre 2020 .\u00a0\u00a0\u00a0\u00a0\u00a0\u00a0\u00a0\u00a0\u00a0\u00a0\u00a0<\/div>\n<\/div>\n<p>Auteur: Gana Yacine<br \/>\n<a href=\"https:\/\/www.reflexiondz.net\/TRAMWAY-DE-MOSTAGANEM-Reception-finale-du-projet-dans-les-prochains-mois_a66917.html\">Cliquez ici pour lire l&rsquo;article depuis sa source.<\/a><\/p>\n","protected":false},"excerpt":{"rendered":"<p>Les travaux de la deuxi\u00e8me partie\u00a0 du projet du Tramway\u00a0 reliant le centre- ville au p\u00f4le universitaire de Kharrouba, au nord de Mostaganem, seront achev\u00e9s au cours du premier semestre de l&rsquo;ann\u00e9e prochaine. En ce sens , il est pr\u00e9vu que la r\u00e9ception totale du projet intervienne dans les prochains mois, en parall\u00e8le du lancement [&hellip;]<\/p>\n","protected":false},"author":1740,"featured_media":0,"comment_status":"closed","ping_status":"closed","sticky":false,"template":"","format":"standard","meta":{"fifu_image_url":"","fifu_image_alt":"","footnotes":""},"categories":[53,76],"tags":[],"class_list":["post-108223","post","type-post","status-publish","format-standard","hentry","category-algerie","category-regions"],"_links":{"self":[{"href":"https:\/\/linitiative.ca\/International\/wp-json\/wp\/v2\/posts\/108223","targetHints":{"allow":["GET"]}}],"collection":[{"href":"https:\/\/linitiative.ca\/International\/wp-json\/wp\/v2\/posts"}],"about":[{"href":"https:\/\/linitiative.ca\/International\/wp-json\/wp\/v2\/types\/post"}],"author":[{"embeddable":true,"href":"https:\/\/linitiative.ca\/International\/wp-json\/wp\/v2\/users\/1740"}],"replies":[{"embeddable":true,"href":"https:\/\/linitiative.ca\/International\/wp-json\/wp\/v2\/comments?post=108223"}],"version-history":[{"count":0,"href":"https:\/\/linitiative.ca\/International\/wp-json\/wp\/v2\/posts\/108223\/revisions"}],"wp:attachment":[{"href":"https:\/\/linitiative.ca\/International\/wp-json\/wp\/v2\/media?parent=108223"}],"wp:term":[{"taxonomy":"category","embeddable":true,"href":"https:\/\/linitiative.ca\/International\/wp-json\/wp\/v2\/categories?post=108223"},{"taxonomy":"post_tag","embeddable":true,"href":"https:\/\/linitiative.ca\/International\/wp-json\/wp\/v2\/tags?post=108223"}],"curies":[{"name":"wp","href":"https:\/\/api.w.org\/{rel}","templated":true}]}}